{"id":9989,"date":"2022-12-22T10:09:30","date_gmt":"2022-12-22T13:09:30","guid":{"rendered":"https:\/\/barroca.com.br\/site\/?p=9989"},"modified":"2022-12-27T14:28:45","modified_gmt":"2022-12-27T17:28:45","slug":"judocon-barroca-realiza-festival-e-copa-judocon-40-anos","status":"publish","type":"post","link":"https:\/\/barroca.com.br\/site\/judocon-barroca-realiza-festival-e-copa-judocon-40-anos\/","title":{"rendered":"JUDOCON BARROCACELEBRA 40 ANOS E REALIZA FESTIVAL E COPA JUDOCON"},"content":{"rendered":"\n<p class=\"wp-block-paragraph\">No dia 3 de dezembro, aconteceu o Festival e Copa Judocon 40 Anos no Barroca T\u00eanis Clube.<\/p>\n\n\n\n<p class=\"wp-block-paragraph\">A Judocon iniciou suas atividades em 1982 em Contagem e em 1989 estabeleceu-se no Barroca. A escola de jud\u00f4 \u00e9 tradicional, e prima pela excel\u00eancia, recebe desde crian\u00e7as de 2 a 4 anos, at\u00e9 o p\u00fablico veterano acima de 30 anos. Conta com uma turma de jud\u00f4 e defesa pessoal exclusivamente para o p\u00fablico feminino.<\/p>\n\n\n\n<p class=\"wp-block-paragraph\">A equipe de veteranos \u00e9 destaque regional e nacional com conquistas relevante: bicampe\u00e3 mineira (2021 e 2022) e possui 7 atletas no top 3 do ranking da Confedera\u00e7\u00e3o Brasileira de Jud\u00f4 (CBJ).<\/p>\n\n\n\n<p class=\"wp-block-paragraph\">O evento reuniu atletas e familiares que participaram da cerim\u00f4nia de Troca de Faixas da crian\u00e7ada, que foi dividido em 2 partes: primeiro os alunos do Sub 5 (at\u00e9 4 anos), Sub 7 (5 e 6 anos) e Sub 9 (7 e 8 anos) e posteriormente os alunos do Sub 11 (9 e 10 anos), Sub 13 (11 e 12 anos) e Sub 15 (13 e 14 anos) que receberam suas novas faixas e um certificado.<\/p>\n\n\n\n<p class=\"wp-block-paragraph\">Al\u00e9m dos alunos da escola Judocon Barroca, estiveram presentes cerca de 200 alunos dos projetos sociais da Judocon Barroca e de escolas parceiras que tiveram a oportunidade de interagir e praticar jud\u00f4 sob os olhares atentos de v\u00e1rios senseis (professores) e \u00e1rbitros. Ao final, todas as crian\u00e7as ganharam uma linda medalha alusiva ao evento e, de brinde, uma mochila e uma coqueteleira.<\/p>\n\n\n\n<p class=\"wp-block-paragraph\">No segundo momento houve a cerim\u00f4nia de Troca de Faixas dos alunos do Sub 18 (15 a 17 anos) e adultos, e em seguida, foi realizado um torneio entre os alunos do Sub 18.<\/p>\n\n\n\n<p class=\"wp-block-paragraph\">Ap\u00f3s a cerim\u00f4nia iniciou a Copa Judocon 40 Anos para aspirantes, seniores e veteranos, a disputa contou com 55 inscritos de 14 agremia\u00e7\u00f5es, e o resultado final foi:<\/p>\n\n\n\n<p class=\"wp-block-paragraph\">&#8211; Aspirante + S\u00eanior: campe\u00e3o Judocon Barroca (BH), vice-campe\u00e3o Salgueiro (Sabar\u00e1) e Vickins (Contagem).<\/p>\n\n\n\n<p class=\"wp-block-paragraph\">&#8211; Veteranos: campe\u00e3o Judocon Barroca (BH), vice-campe\u00e3o Peposo Team (BH) e Hol\u00edstico (BH).<\/p>\n\n\n\n<p class=\"wp-block-paragraph\">Os atletas que subiram ao p\u00f3dio receberam uma medalha comemorativa aos 40 Anos da Judocon, al\u00e9m de brindes. O evento foi um sucesso e a partir de ent\u00e3o entra no calend\u00e1rio anual da Federa\u00e7\u00e3o Mineira de Jud\u00f4 (FMJ).<\/p>\n\n\n\n<p class=\"wp-block-paragraph\">Para a realiza\u00e7\u00e3o deste evento, a Judocon Barroca contou com o apoio do Barroca T\u00eanis Clube e patroc\u00ednio das empresas I.Team, K-Happy, Gotlib Massara Rocha Advogados, Maxis Contabilidade, MaxxForm Automa\u00e7\u00e3o Comercial e Sicoob Nossacoop.<\/p>\n\n\n\n<figure class=\"wp-block-gallery has-nested-images columns-default is-cropped wp-block-gallery-1 is-layout-flex wp-block-gallery-is-layout-flex\">\n<figure class=\"wp-block-image size-large\"><img loading=\"lazy\" decoding=\"async\" width=\"2560\" height=\"1703\" data-id=\"10008\" src=\"https:\/\/barroca.com.br\/site\/wp-content\/uploads\/2022\/12\/DSC8446-scaled.jpg\" alt=\"\" class=\"wp-image-10008\" srcset=\"https:\/\/barroca.com.br\/site\/wp-content\/uploads\/2022\/12\/DSC8446-scaled.jpg 2560w, https:\/\/barroca.com.br\/site\/wp-content\/uploads\/2022\/12\/DSC8446-300x200.jpg 300w, https:\/\/barroca.com.br\/site\/wp-content\/uploads\/2022\/12\/DSC8446-1024x681.jpg 1024w, https:\/\/barroca.com.br\/site\/wp-content\/uploads\/2022\/12\/DSC8446-768x511.jpg 768w, https:\/\/barroca.com.br\/site\/wp-content\/uploads\/2022\/12\/DSC8446-1536x1022.jpg 1536w, https:\/\/barroca.com.br\/site\/wp-content\/uploads\/2022\/12\/DSC8446-2048x1363.jpg 2048w, https:\/\/barroca.com.br\/site\/wp-content\/uploads\/2022\/12\/DSC8446-1200x798.jpg 1200w, https:\/\/barroca.com.br\/site\/wp-content\/uploads\/2022\/12\/DSC8446-1980x1317.jpg 1980w\" sizes=\"auto, (max-width: 2560px) 100vw, 2560px\" \/><figcaption>03\/12\/2022 &#8211; BRASIL \/ BELO HORIZONTE &#8211; Judo do Barroca Tenis Clube. Entrega de faixas .\n\u00a9 Washington Alves\/Light Press<\/figcaption><\/figure>\n\n\n\n<figure class=\"wp-block-image size-large\"><img loading=\"lazy\" decoding=\"async\" width=\"2560\" height=\"1703\" data-id=\"10007\" src=\"https:\/\/barroca.com.br\/site\/wp-content\/uploads\/2022\/12\/DSC0166-scaled.jpg\" alt=\"\" class=\"wp-image-10007\" srcset=\"https:\/\/barroca.com.br\/site\/wp-content\/uploads\/2022\/12\/DSC0166-scaled.jpg 2560w, https:\/\/barroca.com.br\/site\/wp-content\/uploads\/2022\/12\/DSC0166-300x200.jpg 300w, https:\/\/barroca.com.br\/site\/wp-content\/uploads\/2022\/12\/DSC0166-1024x681.jpg 1024w, https:\/\/barroca.com.br\/site\/wp-content\/uploads\/2022\/12\/DSC0166-768x511.jpg 768w, https:\/\/barroca.com.br\/site\/wp-content\/uploads\/2022\/12\/DSC0166-1536x1022.jpg 1536w, https:\/\/barroca.com.br\/site\/wp-content\/uploads\/2022\/12\/DSC0166-2048x1363.jpg 2048w, https:\/\/barroca.com.br\/site\/wp-content\/uploads\/2022\/12\/DSC0166-1200x798.jpg 1200w, https:\/\/barroca.com.br\/site\/wp-content\/uploads\/2022\/12\/DSC0166-1980x1317.jpg 1980w\" sizes=\"auto, (max-width: 2560px) 100vw, 2560px\" \/><\/figure>\n\n\n\n<figure class=\"wp-block-image size-large\"><img loading=\"lazy\" decoding=\"async\" width=\"2560\" height=\"1703\" data-id=\"10006\" src=\"https:\/\/barroca.com.br\/site\/wp-content\/uploads\/2022\/12\/DSC8643-scaled.jpg\" alt=\"\" class=\"wp-image-10006\" srcset=\"https:\/\/barroca.com.br\/site\/wp-content\/uploads\/2022\/12\/DSC8643-scaled.jpg 2560w, https:\/\/barroca.com.br\/site\/wp-content\/uploads\/2022\/12\/DSC8643-300x200.jpg 300w, https:\/\/barroca.com.br\/site\/wp-content\/uploads\/2022\/12\/DSC8643-1024x681.jpg 1024w, https:\/\/barroca.com.br\/site\/wp-content\/uploads\/2022\/12\/DSC8643-768x511.jpg 768w, https:\/\/barroca.com.br\/site\/wp-content\/uploads\/2022\/12\/DSC8643-1536x1022.jpg 1536w, https:\/\/barroca.com.br\/site\/wp-content\/uploads\/2022\/12\/DSC8643-2048x1363.jpg 2048w, https:\/\/barroca.com.br\/site\/wp-content\/uploads\/2022\/12\/DSC8643-1200x798.jpg 1200w, https:\/\/barroca.com.br\/site\/wp-content\/uploads\/2022\/12\/DSC8643-1980x1317.jpg 1980w\" sizes=\"auto, (max-width: 2560px) 100vw, 2560px\" \/><figcaption>03\/12\/2022 &#8211; BRASIL \/ BELO HORIZONTE &#8211; Judo do Barroca Tenis Clube. Entrega de faixas .\n\u00a9 Washington Alves\/Light Press<\/figcaption><\/figure>\n\n\n\n<figure class=\"wp-block-image size-large\"><img loading=\"lazy\" decoding=\"async\" width=\"2560\" height=\"1703\" data-id=\"10005\" src=\"https:\/\/barroca.com.br\/site\/wp-content\/uploads\/2022\/12\/DSC0449-scaled.jpg\" alt=\"\" class=\"wp-image-10005\" srcset=\"https:\/\/barroca.com.br\/site\/wp-content\/uploads\/2022\/12\/DSC0449-scaled.jpg 2560w, https:\/\/barroca.com.br\/site\/wp-content\/uploads\/2022\/12\/DSC0449-300x200.jpg 300w, https:\/\/barroca.com.br\/site\/wp-content\/uploads\/2022\/12\/DSC0449-1024x681.jpg 1024w, https:\/\/barroca.com.br\/site\/wp-content\/uploads\/2022\/12\/DSC0449-768x511.jpg 768w, https:\/\/barroca.com.br\/site\/wp-content\/uploads\/2022\/12\/DSC0449-1536x1022.jpg 1536w, https:\/\/barroca.com.br\/site\/wp-content\/uploads\/2022\/12\/DSC0449-2048x1363.jpg 2048w, https:\/\/barroca.com.br\/site\/wp-content\/uploads\/2022\/12\/DSC0449-1200x798.jpg 1200w, https:\/\/barroca.com.br\/site\/wp-content\/uploads\/2022\/12\/DSC0449-1980x1317.jpg 1980w\" sizes=\"auto, (max-width: 2560px) 100vw, 2560px\" \/><\/figure>\n\n\n\n<figure class=\"wp-block-image size-large\"><img loading=\"lazy\" decoding=\"async\" width=\"2560\" height=\"1703\" data-id=\"10004\" src=\"https:\/\/barroca.com.br\/site\/wp-content\/uploads\/2022\/12\/DSC9274-scaled.jpg\" alt=\"\" class=\"wp-image-10004\" srcset=\"https:\/\/barroca.com.br\/site\/wp-content\/uploads\/2022\/12\/DSC9274-scaled.jpg 2560w, https:\/\/barroca.com.br\/site\/wp-content\/uploads\/2022\/12\/DSC9274-300x200.jpg 300w, https:\/\/barroca.com.br\/site\/wp-content\/uploads\/2022\/12\/DSC9274-1024x681.jpg 1024w, https:\/\/barroca.com.br\/site\/wp-content\/uploads\/2022\/12\/DSC9274-768x511.jpg 768w, https:\/\/barroca.com.br\/site\/wp-content\/uploads\/2022\/12\/DSC9274-1536x1022.jpg 1536w, https:\/\/barroca.com.br\/site\/wp-content\/uploads\/2022\/12\/DSC9274-2048x1363.jpg 2048w, https:\/\/barroca.com.br\/site\/wp-content\/uploads\/2022\/12\/DSC9274-1200x798.jpg 1200w, https:\/\/barroca.com.br\/site\/wp-content\/uploads\/2022\/12\/DSC9274-1980x1317.jpg 1980w\" sizes=\"auto, (max-width: 2560px) 100vw, 2560px\" \/><figcaption>03\/12\/2022 &#8211; BRASIL \/ BELO HORIZONTE &#8211; Judo do Barroca Tenis Clube. Entrega de faixas .\n\u00a9 Washington Alves\/Light Press<\/figcaption><\/figure>\n\n\n\n<figure class=\"wp-block-image size-large\"><img loading=\"lazy\" decoding=\"async\" width=\"2560\" height=\"1703\" data-id=\"10003\" src=\"https:\/\/barroca.com.br\/site\/wp-content\/uploads\/2022\/12\/DSC0033-scaled.jpg\" alt=\"\" class=\"wp-image-10003\" srcset=\"https:\/\/barroca.com.br\/site\/wp-content\/uploads\/2022\/12\/DSC0033-scaled.jpg 2560w, https:\/\/barroca.com.br\/site\/wp-content\/uploads\/2022\/12\/DSC0033-300x200.jpg 300w, https:\/\/barroca.com.br\/site\/wp-content\/uploads\/2022\/12\/DSC0033-1024x681.jpg 1024w, https:\/\/barroca.com.br\/site\/wp-content\/uploads\/2022\/12\/DSC0033-768x511.jpg 768w, https:\/\/barroca.com.br\/site\/wp-content\/uploads\/2022\/12\/DSC0033-1536x1022.jpg 1536w, https:\/\/barroca.com.br\/site\/wp-content\/uploads\/2022\/12\/DSC0033-2048x1363.jpg 2048w, https:\/\/barroca.com.br\/site\/wp-content\/uploads\/2022\/12\/DSC0033-1200x798.jpg 1200w, https:\/\/barroca.com.br\/site\/wp-content\/uploads\/2022\/12\/DSC0033-1980x1317.jpg 1980w\" sizes=\"auto, (max-width: 2560px) 100vw, 2560px\" \/><\/figure>\n\n\n\n<figure class=\"wp-block-image size-large\"><img loading=\"lazy\" decoding=\"async\" width=\"2560\" height=\"1703\" data-id=\"10002\" src=\"https:\/\/barroca.com.br\/site\/wp-content\/uploads\/2022\/12\/DSC0226-scaled.jpg\" alt=\"\" class=\"wp-image-10002\" srcset=\"https:\/\/barroca.com.br\/site\/wp-content\/uploads\/2022\/12\/DSC0226-scaled.jpg 2560w, https:\/\/barroca.com.br\/site\/wp-content\/uploads\/2022\/12\/DSC0226-300x200.jpg 300w, https:\/\/barroca.com.br\/site\/wp-content\/uploads\/2022\/12\/DSC0226-1024x681.jpg 1024w, https:\/\/barroca.com.br\/site\/wp-content\/uploads\/2022\/12\/DSC0226-768x511.jpg 768w, https:\/\/barroca.com.br\/site\/wp-content\/uploads\/2022\/12\/DSC0226-1536x1022.jpg 1536w, https:\/\/barroca.com.br\/site\/wp-content\/uploads\/2022\/12\/DSC0226-2048x1363.jpg 2048w, https:\/\/barroca.com.br\/site\/wp-content\/uploads\/2022\/12\/DSC0226-1200x798.jpg 1200w, https:\/\/barroca.com.br\/site\/wp-content\/uploads\/2022\/12\/DSC0226-1980x1317.jpg 1980w\" sizes=\"auto, (max-width: 2560px) 100vw, 2560px\" \/><\/figure>\n\n\n\n<figure class=\"wp-block-image size-large\"><img loading=\"lazy\" decoding=\"async\" width=\"2560\" height=\"1703\" data-id=\"10001\" src=\"https:\/\/barroca.com.br\/site\/wp-content\/uploads\/2022\/12\/DSC0322-scaled.jpg\" alt=\"\" class=\"wp-image-10001\" srcset=\"https:\/\/barroca.com.br\/site\/wp-content\/uploads\/2022\/12\/DSC0322-scaled.jpg 2560w, https:\/\/barroca.com.br\/site\/wp-content\/uploads\/2022\/12\/DSC0322-300x200.jpg 300w, https:\/\/barroca.com.br\/site\/wp-content\/uploads\/2022\/12\/DSC0322-1024x681.jpg 1024w, https:\/\/barroca.com.br\/site\/wp-content\/uploads\/2022\/12\/DSC0322-768x511.jpg 768w, https:\/\/barroca.com.br\/site\/wp-content\/uploads\/2022\/12\/DSC0322-1536x1022.jpg 1536w, https:\/\/barroca.com.br\/site\/wp-content\/uploads\/2022\/12\/DSC0322-2048x1363.jpg 2048w, https:\/\/barroca.com.br\/site\/wp-content\/uploads\/2022\/12\/DSC0322-1200x798.jpg 1200w, https:\/\/barroca.com.br\/site\/wp-content\/uploads\/2022\/12\/DSC0322-1980x1317.jpg 1980w\" sizes=\"auto, (max-width: 2560px) 100vw, 2560px\" \/><\/figure>\n\n\n\n<figure class=\"wp-block-image size-large\"><img loading=\"lazy\" decoding=\"async\" width=\"2560\" height=\"1703\" data-id=\"10000\" src=\"https:\/\/barroca.com.br\/site\/wp-content\/uploads\/2022\/12\/DSC9529-scaled.jpg\" alt=\"\" class=\"wp-image-10000\" srcset=\"https:\/\/barroca.com.br\/site\/wp-content\/uploads\/2022\/12\/DSC9529-scaled.jpg 2560w, https:\/\/barroca.com.br\/site\/wp-content\/uploads\/2022\/12\/DSC9529-300x200.jpg 300w, https:\/\/barroca.com.br\/site\/wp-content\/uploads\/2022\/12\/DSC9529-1024x681.jpg 1024w, https:\/\/barroca.com.br\/site\/wp-content\/uploads\/2022\/12\/DSC9529-768x511.jpg 768w, https:\/\/barroca.com.br\/site\/wp-content\/uploads\/2022\/12\/DSC9529-1536x1022.jpg 1536w, https:\/\/barroca.com.br\/site\/wp-content\/uploads\/2022\/12\/DSC9529-2048x1363.jpg 2048w, https:\/\/barroca.com.br\/site\/wp-content\/uploads\/2022\/12\/DSC9529-1200x798.jpg 1200w, https:\/\/barroca.com.br\/site\/wp-content\/uploads\/2022\/12\/DSC9529-1980x1317.jpg 1980w\" sizes=\"auto, (max-width: 2560px) 100vw, 2560px\" \/><figcaption>03\/12\/2022 &#8211; BRASIL \/ BELO HORIZONTE &#8211; Judo do Barroca Tenis Clube. Entrega de faixas .\n\u00a9 Washington Alves\/Light Press<\/figcaption><\/figure>\n\n\n\n<figure class=\"wp-block-image size-large\"><img loading=\"lazy\" decoding=\"async\" width=\"2560\" height=\"1703\" data-id=\"9999\" src=\"https:\/\/barroca.com.br\/site\/wp-content\/uploads\/2022\/12\/DSC8878-scaled.jpg\" alt=\"\" class=\"wp-image-9999\" srcset=\"https:\/\/barroca.com.br\/site\/wp-content\/uploads\/2022\/12\/DSC8878-scaled.jpg 2560w, https:\/\/barroca.com.br\/site\/wp-content\/uploads\/2022\/12\/DSC8878-300x200.jpg 300w, https:\/\/barroca.com.br\/site\/wp-content\/uploads\/2022\/12\/DSC8878-1024x681.jpg 1024w, https:\/\/barroca.com.br\/site\/wp-content\/uploads\/2022\/12\/DSC8878-768x511.jpg 768w, https:\/\/barroca.com.br\/site\/wp-content\/uploads\/2022\/12\/DSC8878-1536x1022.jpg 1536w, https:\/\/barroca.com.br\/site\/wp-content\/uploads\/2022\/12\/DSC8878-2048x1363.jpg 2048w, https:\/\/barroca.com.br\/site\/wp-content\/uploads\/2022\/12\/DSC8878-1200x798.jpg 1200w, https:\/\/barroca.com.br\/site\/wp-content\/uploads\/2022\/12\/DSC8878-1980x1317.jpg 1980w\" sizes=\"auto, (max-width: 2560px) 100vw, 2560px\" \/><figcaption>03\/12\/2022 &#8211; BRASIL \/ BELO HORIZONTE &#8211; Judo do Barroca Tenis Clube. Entrega de faixas .\n\u00a9 Washington Alves\/Light Press<\/figcaption><\/figure>\n\n\n\n<figure class=\"wp-block-image size-large\"><img loading=\"lazy\" decoding=\"async\" width=\"2560\" height=\"1703\" data-id=\"9998\" src=\"https:\/\/barroca.com.br\/site\/wp-content\/uploads\/2022\/12\/DSC8484-scaled.jpg\" alt=\"\" class=\"wp-image-9998\" srcset=\"https:\/\/barroca.com.br\/site\/wp-content\/uploads\/2022\/12\/DSC8484-scaled.jpg 2560w, https:\/\/barroca.com.br\/site\/wp-content\/uploads\/2022\/12\/DSC8484-300x200.jpg 300w, https:\/\/barroca.com.br\/site\/wp-content\/uploads\/2022\/12\/DSC8484-1024x681.jpg 1024w, https:\/\/barroca.com.br\/site\/wp-content\/uploads\/2022\/12\/DSC8484-768x511.jpg 768w, https:\/\/barroca.com.br\/site\/wp-content\/uploads\/2022\/12\/DSC8484-1536x1022.jpg 1536w, https:\/\/barroca.com.br\/site\/wp-content\/uploads\/2022\/12\/DSC8484-2048x1363.jpg 2048w, https:\/\/barroca.com.br\/site\/wp-content\/uploads\/2022\/12\/DSC8484-1200x798.jpg 1200w, https:\/\/barroca.com.br\/site\/wp-content\/uploads\/2022\/12\/DSC8484-1980x1317.jpg 1980w\" sizes=\"auto, (max-width: 2560px) 100vw, 2560px\" \/><figcaption>03\/12\/2022 &#8211; BRASIL \/ BELO HORIZONTE &#8211; Judo do Barroca Tenis Clube. Entrega de faixas .\n\u00a9 Washington Alves\/Light Press<\/figcaption><\/figure>\n\n\n\n<figure class=\"wp-block-image size-large\"><img loading=\"lazy\" decoding=\"async\" width=\"2560\" height=\"1692\" data-id=\"9997\" src=\"https:\/\/barroca.com.br\/site\/wp-content\/uploads\/2022\/12\/DSC8699-scaled.jpg\" alt=\"\" class=\"wp-image-9997\" srcset=\"https:\/\/barroca.com.br\/site\/wp-content\/uploads\/2022\/12\/DSC8699-scaled.jpg 2560w, https:\/\/barroca.com.br\/site\/wp-content\/uploads\/2022\/12\/DSC8699-300x198.jpg 300w, https:\/\/barroca.com.br\/site\/wp-content\/uploads\/2022\/12\/DSC8699-1024x677.jpg 1024w, https:\/\/barroca.com.br\/site\/wp-content\/uploads\/2022\/12\/DSC8699-768x508.jpg 768w, https:\/\/barroca.com.br\/site\/wp-content\/uploads\/2022\/12\/DSC8699-1536x1015.jpg 1536w, https:\/\/barroca.com.br\/site\/wp-content\/uploads\/2022\/12\/DSC8699-2048x1354.jpg 2048w, https:\/\/barroca.com.br\/site\/wp-content\/uploads\/2022\/12\/DSC8699-1200x793.jpg 1200w, https:\/\/barroca.com.br\/site\/wp-content\/uploads\/2022\/12\/DSC8699-1980x1309.jpg 1980w\" sizes=\"auto, (max-width: 2560px) 100vw, 2560px\" \/><figcaption>03\/12\/2022 &#8211; BRASIL \/ BELO HORIZONTE &#8211; Judo do Barroca Tenis Clube. Entrega de faixas .\n\u00a9 Washington Alves\/Light Press<\/figcaption><\/figure>\n\n\n\n<figure class=\"wp-block-image size-large\"><img loading=\"lazy\" decoding=\"async\" width=\"2560\" height=\"1703\" data-id=\"9996\" src=\"https:\/\/barroca.com.br\/site\/wp-content\/uploads\/2022\/12\/DSC8505-scaled.jpg\" alt=\"\" class=\"wp-image-9996\" srcset=\"https:\/\/barroca.com.br\/site\/wp-content\/uploads\/2022\/12\/DSC8505-scaled.jpg 2560w, https:\/\/barroca.com.br\/site\/wp-content\/uploads\/2022\/12\/DSC8505-300x200.jpg 300w, https:\/\/barroca.com.br\/site\/wp-content\/uploads\/2022\/12\/DSC8505-1024x681.jpg 1024w, https:\/\/barroca.com.br\/site\/wp-content\/uploads\/2022\/12\/DSC8505-768x511.jpg 768w, https:\/\/barroca.com.br\/site\/wp-content\/uploads\/2022\/12\/DSC8505-1536x1022.jpg 1536w, https:\/\/barroca.com.br\/site\/wp-content\/uploads\/2022\/12\/DSC8505-2048x1363.jpg 2048w, https:\/\/barroca.com.br\/site\/wp-content\/uploads\/2022\/12\/DSC8505-1200x798.jpg 1200w, https:\/\/barroca.com.br\/site\/wp-content\/uploads\/2022\/12\/DSC8505-1980x1317.jpg 1980w\" sizes=\"auto, (max-width: 2560px) 100vw, 2560px\" \/><figcaption>03\/12\/2022 &#8211; BRASIL \/ BELO HORIZONTE &#8211; Judo do Barroca Tenis Clube. Entrega de faixas .\n\u00a9 Washington Alves\/Light Press<\/figcaption><\/figure>\n\n\n\n<figure class=\"wp-block-image size-large\"><img loading=\"lazy\" decoding=\"async\" width=\"2560\" height=\"1703\" data-id=\"9995\" src=\"https:\/\/barroca.com.br\/site\/wp-content\/uploads\/2022\/12\/DSC8822-scaled.jpg\" alt=\"\" class=\"wp-image-9995\" srcset=\"https:\/\/barroca.com.br\/site\/wp-content\/uploads\/2022\/12\/DSC8822-scaled.jpg 2560w, https:\/\/barroca.com.br\/site\/wp-content\/uploads\/2022\/12\/DSC8822-300x200.jpg 300w, https:\/\/barroca.com.br\/site\/wp-content\/uploads\/2022\/12\/DSC8822-1024x681.jpg 1024w, https:\/\/barroca.com.br\/site\/wp-content\/uploads\/2022\/12\/DSC8822-768x511.jpg 768w, https:\/\/barroca.com.br\/site\/wp-content\/uploads\/2022\/12\/DSC8822-1536x1022.jpg 1536w, https:\/\/barroca.com.br\/site\/wp-content\/uploads\/2022\/12\/DSC8822-2048x1363.jpg 2048w, https:\/\/barroca.com.br\/site\/wp-content\/uploads\/2022\/12\/DSC8822-1200x798.jpg 1200w, https:\/\/barroca.com.br\/site\/wp-content\/uploads\/2022\/12\/DSC8822-1980x1317.jpg 1980w\" sizes=\"auto, (max-width: 2560px) 100vw, 2560px\" \/><figcaption>03\/12\/2022 &#8211; BRASIL \/ BELO HORIZONTE &#8211; Judo do Barroca Tenis Clube. Entrega de faixas .\n\u00a9 Washington Alves\/Light Press<\/figcaption><\/figure>\n\n\n\n<figure class=\"wp-block-image size-large\"><img loading=\"lazy\" decoding=\"async\" width=\"2560\" height=\"1703\" data-id=\"9994\" src=\"https:\/\/barroca.com.br\/site\/wp-content\/uploads\/2022\/12\/DSC9721-scaled.jpg\" alt=\"\" class=\"wp-image-9994\" srcset=\"https:\/\/barroca.com.br\/site\/wp-content\/uploads\/2022\/12\/DSC9721-scaled.jpg 2560w, https:\/\/barroca.com.br\/site\/wp-content\/uploads\/2022\/12\/DSC9721-300x200.jpg 300w, https:\/\/barroca.com.br\/site\/wp-content\/uploads\/2022\/12\/DSC9721-1024x681.jpg 1024w, https:\/\/barroca.com.br\/site\/wp-content\/uploads\/2022\/12\/DSC9721-768x511.jpg 768w, https:\/\/barroca.com.br\/site\/wp-content\/uploads\/2022\/12\/DSC9721-1536x1022.jpg 1536w, https:\/\/barroca.com.br\/site\/wp-content\/uploads\/2022\/12\/DSC9721-2048x1363.jpg 2048w, https:\/\/barroca.com.br\/site\/wp-content\/uploads\/2022\/12\/DSC9721-1200x798.jpg 1200w, https:\/\/barroca.com.br\/site\/wp-content\/uploads\/2022\/12\/DSC9721-1980x1317.jpg 1980w\" sizes=\"auto, (max-width: 2560px) 100vw, 2560px\" \/><figcaption>03\/12\/2022 &#8211; BRASIL \/ BELO HORIZONTE &#8211; Judo do Barroca Tenis Clube. Entrega de faixas .\n\u00a9 Washington Alves\/Light Press<\/figcaption><\/figure>\n\n\n\n<figure class=\"wp-block-image size-large\"><img loading=\"lazy\" decoding=\"async\" width=\"2560\" height=\"1703\" data-id=\"9993\" src=\"https:\/\/barroca.com.br\/site\/wp-content\/uploads\/2022\/12\/DSC9096-scaled.jpg\" alt=\"\" class=\"wp-image-9993\" srcset=\"https:\/\/barroca.com.br\/site\/wp-content\/uploads\/2022\/12\/DSC9096-scaled.jpg 2560w, https:\/\/barroca.com.br\/site\/wp-content\/uploads\/2022\/12\/DSC9096-300x200.jpg 300w, https:\/\/barroca.com.br\/site\/wp-content\/uploads\/2022\/12\/DSC9096-1024x681.jpg 1024w, https:\/\/barroca.com.br\/site\/wp-content\/uploads\/2022\/12\/DSC9096-768x511.jpg 768w, https:\/\/barroca.com.br\/site\/wp-content\/uploads\/2022\/12\/DSC9096-1536x1022.jpg 1536w, https:\/\/barroca.com.br\/site\/wp-content\/uploads\/2022\/12\/DSC9096-2048x1363.jpg 2048w, https:\/\/barroca.com.br\/site\/wp-content\/uploads\/2022\/12\/DSC9096-1200x798.jpg 1200w, https:\/\/barroca.com.br\/site\/wp-content\/uploads\/2022\/12\/DSC9096-1980x1317.jpg 1980w\" sizes=\"auto, (max-width: 2560px) 100vw, 2560px\" \/><figcaption>03\/12\/2022 &#8211; BRASIL \/ BELO HORIZONTE &#8211; Judo do Barroca Tenis Clube. Entrega de faixas .\n\u00a9 Washington Alves\/Light Press<\/figcaption><\/figure>\n\n\n\n<figure class=\"wp-block-image size-large\"><img loading=\"lazy\" decoding=\"async\" width=\"2560\" height=\"1703\" data-id=\"9992\" src=\"https:\/\/barroca.com.br\/site\/wp-content\/uploads\/2022\/12\/DSC9993-scaled.jpg\" alt=\"\" class=\"wp-image-9992\" srcset=\"https:\/\/barroca.com.br\/site\/wp-content\/uploads\/2022\/12\/DSC9993-scaled.jpg 2560w, https:\/\/barroca.com.br\/site\/wp-content\/uploads\/2022\/12\/DSC9993-300x200.jpg 300w, https:\/\/barroca.com.br\/site\/wp-content\/uploads\/2022\/12\/DSC9993-1024x681.jpg 1024w, https:\/\/barroca.com.br\/site\/wp-content\/uploads\/2022\/12\/DSC9993-768x511.jpg 768w, https:\/\/barroca.com.br\/site\/wp-content\/uploads\/2022\/12\/DSC9993-1536x1022.jpg 1536w, https:\/\/barroca.com.br\/site\/wp-content\/uploads\/2022\/12\/DSC9993-2048x1363.jpg 2048w, https:\/\/barroca.com.br\/site\/wp-content\/uploads\/2022\/12\/DSC9993-1200x798.jpg 1200w, https:\/\/barroca.com.br\/site\/wp-content\/uploads\/2022\/12\/DSC9993-1980x1317.jpg 1980w\" sizes=\"auto, (max-width: 2560px) 100vw, 2560px\" \/><\/figure>\n\n\n\n<figure class=\"wp-block-image size-large\"><img loading=\"lazy\" decoding=\"async\" width=\"2560\" height=\"1703\" data-id=\"9991\" src=\"https:\/\/barroca.com.br\/site\/wp-content\/uploads\/2022\/12\/DSC9488-scaled.jpg\" alt=\"\" class=\"wp-image-9991\" srcset=\"https:\/\/barroca.com.br\/site\/wp-content\/uploads\/2022\/12\/DSC9488-scaled.jpg 2560w, https:\/\/barroca.com.br\/site\/wp-content\/uploads\/2022\/12\/DSC9488-300x200.jpg 300w, https:\/\/barroca.com.br\/site\/wp-content\/uploads\/2022\/12\/DSC9488-1024x681.jpg 1024w, https:\/\/barroca.com.br\/site\/wp-content\/uploads\/2022\/12\/DSC9488-768x511.jpg 768w, https:\/\/barroca.com.br\/site\/wp-content\/uploads\/2022\/12\/DSC9488-1536x1022.jpg 1536w, https:\/\/barroca.com.br\/site\/wp-content\/uploads\/2022\/12\/DSC9488-2048x1363.jpg 2048w, https:\/\/barroca.com.br\/site\/wp-content\/uploads\/2022\/12\/DSC9488-1200x798.jpg 1200w, https:\/\/barroca.com.br\/site\/wp-content\/uploads\/2022\/12\/DSC9488-1980x1317.jpg 1980w\" sizes=\"auto, (max-width: 2560px) 100vw, 2560px\" \/><figcaption>03\/12\/2022 &#8211; BRASIL \/ BELO HORIZONTE &#8211; Judo do Barroca Tenis Clube. Entrega de faixas .\n\u00a9 Washington Alves\/Light Press<\/figcaption><\/figure>\n\n\n\n<figure class=\"wp-block-image size-large\"><img loading=\"lazy\" decoding=\"async\" width=\"2560\" height=\"1703\" data-id=\"9990\" src=\"https:\/\/barroca.com.br\/site\/wp-content\/uploads\/2022\/12\/DSC8974-scaled.jpg\" alt=\"\" class=\"wp-image-9990\" srcset=\"https:\/\/barroca.com.br\/site\/wp-content\/uploads\/2022\/12\/DSC8974-scaled.jpg 2560w, https:\/\/barroca.com.br\/site\/wp-content\/uploads\/2022\/12\/DSC8974-300x200.jpg 300w, https:\/\/barroca.com.br\/site\/wp-content\/uploads\/2022\/12\/DSC8974-1024x681.jpg 1024w, https:\/\/barroca.com.br\/site\/wp-content\/uploads\/2022\/12\/DSC8974-768x511.jpg 768w, https:\/\/barroca.com.br\/site\/wp-content\/uploads\/2022\/12\/DSC8974-1536x1022.jpg 1536w, https:\/\/barroca.com.br\/site\/wp-content\/uploads\/2022\/12\/DSC8974-2048x1363.jpg 2048w, https:\/\/barroca.com.br\/site\/wp-content\/uploads\/2022\/12\/DSC8974-1200x798.jpg 1200w, https:\/\/barroca.com.br\/site\/wp-content\/uploads\/2022\/12\/DSC8974-1980x1317.jpg 1980w\" sizes=\"auto, (max-width: 2560px) 100vw, 2560px\" \/><figcaption>03\/12\/2022 &#8211; BRASIL \/ BELO HORIZONTE &#8211; Judo do Barroca Tenis Clube. Entrega de faixas .\n\u00a9 Washington Alves\/Light Press<\/figcaption><\/figure>\n<\/figure>\n","protected":false},"excerpt":{"rendered":"<p>No dia 3 de dezembro, aconteceu o Festival e Copa Judocon 40 Anos no Barroca T\u00eanis Clube. A Judocon iniciou suas atividades em 1982 em Contagem e em 1989 estabeleceu-se no Barroca. A escola de jud\u00f4 \u00e9 tradicional, e prima pela excel\u00eancia, recebe desde crian\u00e7as de 2 a 4 anos, at\u00e9 o p\u00fablico veterano acima [&hellip;]<\/p>\n","protected":false},"author":3,"featured_media":10015,"comment_status":"closed","ping_status":"open","sticky":false,"template":"","format":"standard","meta":{"_acf_changed":false,"footnotes":""},"categories":[164,20,4],"tags":[],"class_list":["post-9989","post","type-post","status-publish","format-standard","has-post-thumbnail","hentry","category-aconteceu","category-eventos","category-galeria-fotos"],"acf":[],"yoast_head":"<!-- This site is optimized with the Yoast SEO plugin v27.9 - https:\/\/yoast.com\/product\/yoast-seo-wordpress\/ -->\n<title>JUDOCON BARROCACELEBRA 40 ANOS E REALIZA FESTIVAL E COPA JUDOCON - Barroca T\u00eanis Clube<\/title>\n<meta name=\"robots\" content=\"index, follow, max-snippet:-1, max-image-preview:large, max-video-preview:-1\" \/>\n<link rel=\"canonical\" href=\"https:\/\/barroca.com.br\/site\/judocon-barroca-realiza-festival-e-copa-judocon-40-anos\/\" \/>\n<meta property=\"og:locale\" content=\"pt_BR\" \/>\n<meta property=\"og:type\" content=\"article\" \/>\n<meta property=\"og:title\" content=\"JUDOCON BARROCACELEBRA 40 ANOS E REALIZA FESTIVAL E COPA JUDOCON - Barroca T\u00eanis Clube\" \/>\n<meta property=\"og:description\" content=\"No dia 3 de dezembro, aconteceu o Festival e Copa Judocon 40 Anos no Barroca T\u00eanis Clube. A Judocon iniciou suas atividades em 1982 em Contagem e em 1989 estabeleceu-se no Barroca. A escola de jud\u00f4 \u00e9 tradicional, e prima pela excel\u00eancia, recebe desde crian\u00e7as de 2 a 4 anos, at\u00e9 o p\u00fablico veterano acima [&hellip;]\" \/>\n<meta property=\"og:url\" content=\"https:\/\/barroca.com.br\/site\/judocon-barroca-realiza-festival-e-copa-judocon-40-anos\/\" \/>\n<meta property=\"og:site_name\" content=\"Barroca T\u00eanis Clube\" \/>\n<meta property=\"article:published_time\" content=\"2022-12-22T13:09:30+00:00\" \/>\n<meta property=\"article:modified_time\" content=\"2022-12-27T17:28:45+00:00\" \/>\n<meta property=\"og:image\" content=\"https:\/\/barroca.com.br\/site\/wp-content\/uploads\/2022\/12\/DSC9721-1-scaled.jpg\" \/>\n\t<meta property=\"og:image:width\" content=\"2560\" \/>\n\t<meta property=\"og:image:height\" content=\"1703\" \/>\n\t<meta property=\"og:image:type\" content=\"image\/jpeg\" \/>\n<meta name=\"author\" content=\"Etc Comunica\u00e7\u00e3o\" \/>\n<meta name=\"twitter:card\" content=\"summary_large_image\" \/>\n<meta name=\"twitter:label1\" content=\"Escrito por\" \/>\n\t<meta name=\"twitter:data1\" content=\"Etc Comunica\u00e7\u00e3o\" \/>\n\t<meta name=\"twitter:label2\" content=\"Est. tempo de leitura\" \/>\n\t<meta name=\"twitter:data2\" content=\"8 minutos\" \/>\n<script type=\"application\/ld+json\" class=\"yoast-schema-graph\">{\"@context\":\"https:\\\/\\\/schema.org\",\"@graph\":[{\"@type\":\"Article\",\"@id\":\"https:\\\/\\\/barroca.com.br\\\/site\\\/judocon-barroca-realiza-festival-e-copa-judocon-40-anos\\\/#article\",\"isPartOf\":{\"@id\":\"https:\\\/\\\/barroca.com.br\\\/site\\\/judocon-barroca-realiza-festival-e-copa-judocon-40-anos\\\/\"},\"author\":{\"name\":\"Etc Comunica\u00e7\u00e3o\",\"@id\":\"https:\\\/\\\/barroca.com.br\\\/site\\\/#\\\/schema\\\/person\\\/d9d4de2af520d9a5ede40de787376f65\"},\"headline\":\"JUDOCON BARROCACELEBRA 40 ANOS E REALIZA FESTIVAL E COPA JUDOCON\",\"datePublished\":\"2022-12-22T13:09:30+00:00\",\"dateModified\":\"2022-12-27T17:28:45+00:00\",\"mainEntityOfPage\":{\"@id\":\"https:\\\/\\\/barroca.com.br\\\/site\\\/judocon-barroca-realiza-festival-e-copa-judocon-40-anos\\\/\"},\"wordCount\":623,\"image\":{\"@id\":\"https:\\\/\\\/barroca.com.br\\\/site\\\/judocon-barroca-realiza-festival-e-copa-judocon-40-anos\\\/#primaryimage\"},\"thumbnailUrl\":\"https:\\\/\\\/barroca.com.br\\\/site\\\/wp-content\\\/uploads\\\/2022\\\/12\\\/DSC9721-1-scaled.jpg\",\"articleSection\":[\"Aconteceu\",\"Eventos\",\"Galeria de Fotos\"],\"inLanguage\":\"pt-BR\"},{\"@type\":\"WebPage\",\"@id\":\"https:\\\/\\\/barroca.com.br\\\/site\\\/judocon-barroca-realiza-festival-e-copa-judocon-40-anos\\\/\",\"url\":\"https:\\\/\\\/barroca.com.br\\\/site\\\/judocon-barroca-realiza-festival-e-copa-judocon-40-anos\\\/\",\"name\":\"JUDOCON BARROCACELEBRA 40 ANOS E REALIZA FESTIVAL E COPA JUDOCON - Barroca T\u00eanis Clube\",\"isPartOf\":{\"@id\":\"https:\\\/\\\/barroca.com.br\\\/site\\\/#website\"},\"primaryImageOfPage\":{\"@id\":\"https:\\\/\\\/barroca.com.br\\\/site\\\/judocon-barroca-realiza-festival-e-copa-judocon-40-anos\\\/#primaryimage\"},\"image\":{\"@id\":\"https:\\\/\\\/barroca.com.br\\\/site\\\/judocon-barroca-realiza-festival-e-copa-judocon-40-anos\\\/#primaryimage\"},\"thumbnailUrl\":\"https:\\\/\\\/barroca.com.br\\\/site\\\/wp-content\\\/uploads\\\/2022\\\/12\\\/DSC9721-1-scaled.jpg\",\"datePublished\":\"2022-12-22T13:09:30+00:00\",\"dateModified\":\"2022-12-27T17:28:45+00:00\",\"author\":{\"@id\":\"https:\\\/\\\/barroca.com.br\\\/site\\\/#\\\/schema\\\/person\\\/d9d4de2af520d9a5ede40de787376f65\"},\"breadcrumb\":{\"@id\":\"https:\\\/\\\/barroca.com.br\\\/site\\\/judocon-barroca-realiza-festival-e-copa-judocon-40-anos\\\/#breadcrumb\"},\"inLanguage\":\"pt-BR\",\"potentialAction\":[{\"@type\":\"ReadAction\",\"target\":[\"https:\\\/\\\/barroca.com.br\\\/site\\\/judocon-barroca-realiza-festival-e-copa-judocon-40-anos\\\/\"]}]},{\"@type\":\"ImageObject\",\"inLanguage\":\"pt-BR\",\"@id\":\"https:\\\/\\\/barroca.com.br\\\/site\\\/judocon-barroca-realiza-festival-e-copa-judocon-40-anos\\\/#primaryimage\",\"url\":\"https:\\\/\\\/barroca.com.br\\\/site\\\/wp-content\\\/uploads\\\/2022\\\/12\\\/DSC9721-1-scaled.jpg\",\"contentUrl\":\"https:\\\/\\\/barroca.com.br\\\/site\\\/wp-content\\\/uploads\\\/2022\\\/12\\\/DSC9721-1-scaled.jpg\",\"width\":2560,\"height\":1703,\"caption\":\"03\\\/12\\\/2022 - BRASIL \\\/ BELO HORIZONTE - Judo do Barroca Tenis Clube. Entrega de faixas . \u00a9 Washington Alves\\\/Light Press\"},{\"@type\":\"BreadcrumbList\",\"@id\":\"https:\\\/\\\/barroca.com.br\\\/site\\\/judocon-barroca-realiza-festival-e-copa-judocon-40-anos\\\/#breadcrumb\",\"itemListElement\":[{\"@type\":\"ListItem\",\"position\":1,\"name\":\"Home\",\"item\":\"https:\\\/\\\/barroca.com.br\\\/site\\\/\"},{\"@type\":\"ListItem\",\"position\":2,\"name\":\"JUDOCON BARROCACELEBRA 40 ANOS E REALIZA FESTIVAL E COPA JUDOCON\"}]},{\"@type\":\"WebSite\",\"@id\":\"https:\\\/\\\/barroca.com.br\\\/site\\\/#website\",\"url\":\"https:\\\/\\\/barroca.com.br\\\/site\\\/\",\"name\":\"Barroca T\u00eanis Clube\",\"description\":\"\",\"potentialAction\":[{\"@type\":\"SearchAction\",\"target\":{\"@type\":\"EntryPoint\",\"urlTemplate\":\"https:\\\/\\\/barroca.com.br\\\/site\\\/?s={search_term_string}\"},\"query-input\":{\"@type\":\"PropertyValueSpecification\",\"valueRequired\":true,\"valueName\":\"search_term_string\"}}],\"inLanguage\":\"pt-BR\"},{\"@type\":\"Person\",\"@id\":\"https:\\\/\\\/barroca.com.br\\\/site\\\/#\\\/schema\\\/person\\\/d9d4de2af520d9a5ede40de787376f65\",\"name\":\"Etc Comunica\u00e7\u00e3o\",\"image\":{\"@type\":\"ImageObject\",\"inLanguage\":\"pt-BR\",\"@id\":\"https:\\\/\\\/secure.gravatar.com\\\/avatar\\\/9f5595c514ffc8a92c29559c74a00a4d2eb462479becf18b9bf2e9f080ce1e9a?s=96&d=mm&r=g\",\"url\":\"https:\\\/\\\/secure.gravatar.com\\\/avatar\\\/9f5595c514ffc8a92c29559c74a00a4d2eb462479becf18b9bf2e9f080ce1e9a?s=96&d=mm&r=g\",\"contentUrl\":\"https:\\\/\\\/secure.gravatar.com\\\/avatar\\\/9f5595c514ffc8a92c29559c74a00a4d2eb462479becf18b9bf2e9f080ce1e9a?s=96&d=mm&r=g\",\"caption\":\"Etc Comunica\u00e7\u00e3o\"},\"url\":\"https:\\\/\\\/barroca.com.br\\\/site\\\/author\\\/etc\\\/\"}]}<\/script>\n<!-- \/ Yoast SEO plugin. -->","yoast_head_json":{"title":"JUDOCON BARROCACELEBRA 40 ANOS E REALIZA FESTIVAL E COPA JUDOCON - Barroca T\u00eanis Clube","robots":{"index":"index","follow":"follow","max-snippet":"max-snippet:-1","max-image-preview":"max-image-preview:large","max-video-preview":"max-video-preview:-1"},"canonical":"https:\/\/barroca.com.br\/site\/judocon-barroca-realiza-festival-e-copa-judocon-40-anos\/","og_locale":"pt_BR","og_type":"article","og_title":"JUDOCON BARROCACELEBRA 40 ANOS E REALIZA FESTIVAL E COPA JUDOCON - Barroca T\u00eanis Clube","og_description":"No dia 3 de dezembro, aconteceu o Festival e Copa Judocon 40 Anos no Barroca T\u00eanis Clube. A Judocon iniciou suas atividades em 1982 em Contagem e em 1989 estabeleceu-se no Barroca. A escola de jud\u00f4 \u00e9 tradicional, e prima pela excel\u00eancia, recebe desde crian\u00e7as de 2 a 4 anos, at\u00e9 o p\u00fablico veterano acima [&hellip;]","og_url":"https:\/\/barroca.com.br\/site\/judocon-barroca-realiza-festival-e-copa-judocon-40-anos\/","og_site_name":"Barroca T\u00eanis Clube","article_published_time":"2022-12-22T13:09:30+00:00","article_modified_time":"2022-12-27T17:28:45+00:00","og_image":[{"width":2560,"height":1703,"url":"https:\/\/barroca.com.br\/site\/wp-content\/uploads\/2022\/12\/DSC9721-1-scaled.jpg","type":"image\/jpeg"}],"author":"Etc Comunica\u00e7\u00e3o","twitter_card":"summary_large_image","twitter_misc":{"Escrito por":"Etc Comunica\u00e7\u00e3o","Est. tempo de leitura":"8 minutos"},"schema":{"@context":"https:\/\/schema.org","@graph":[{"@type":"Article","@id":"https:\/\/barroca.com.br\/site\/judocon-barroca-realiza-festival-e-copa-judocon-40-anos\/#article","isPartOf":{"@id":"https:\/\/barroca.com.br\/site\/judocon-barroca-realiza-festival-e-copa-judocon-40-anos\/"},"author":{"name":"Etc Comunica\u00e7\u00e3o","@id":"https:\/\/barroca.com.br\/site\/#\/schema\/person\/d9d4de2af520d9a5ede40de787376f65"},"headline":"JUDOCON BARROCACELEBRA 40 ANOS E REALIZA FESTIVAL E COPA JUDOCON","datePublished":"2022-12-22T13:09:30+00:00","dateModified":"2022-12-27T17:28:45+00:00","mainEntityOfPage":{"@id":"https:\/\/barroca.com.br\/site\/judocon-barroca-realiza-festival-e-copa-judocon-40-anos\/"},"wordCount":623,"image":{"@id":"https:\/\/barroca.com.br\/site\/judocon-barroca-realiza-festival-e-copa-judocon-40-anos\/#primaryimage"},"thumbnailUrl":"https:\/\/barroca.com.br\/site\/wp-content\/uploads\/2022\/12\/DSC9721-1-scaled.jpg","articleSection":["Aconteceu","Eventos","Galeria de Fotos"],"inLanguage":"pt-BR"},{"@type":"WebPage","@id":"https:\/\/barroca.com.br\/site\/judocon-barroca-realiza-festival-e-copa-judocon-40-anos\/","url":"https:\/\/barroca.com.br\/site\/judocon-barroca-realiza-festival-e-copa-judocon-40-anos\/","name":"JUDOCON BARROCACELEBRA 40 ANOS E REALIZA FESTIVAL E COPA JUDOCON - Barroca T\u00eanis Clube","isPartOf":{"@id":"https:\/\/barroca.com.br\/site\/#website"},"primaryImageOfPage":{"@id":"https:\/\/barroca.com.br\/site\/judocon-barroca-realiza-festival-e-copa-judocon-40-anos\/#primaryimage"},"image":{"@id":"https:\/\/barroca.com.br\/site\/judocon-barroca-realiza-festival-e-copa-judocon-40-anos\/#primaryimage"},"thumbnailUrl":"https:\/\/barroca.com.br\/site\/wp-content\/uploads\/2022\/12\/DSC9721-1-scaled.jpg","datePublished":"2022-12-22T13:09:30+00:00","dateModified":"2022-12-27T17:28:45+00:00","author":{"@id":"https:\/\/barroca.com.br\/site\/#\/schema\/person\/d9d4de2af520d9a5ede40de787376f65"},"breadcrumb":{"@id":"https:\/\/barroca.com.br\/site\/judocon-barroca-realiza-festival-e-copa-judocon-40-anos\/#breadcrumb"},"inLanguage":"pt-BR","potentialAction":[{"@type":"ReadAction","target":["https:\/\/barroca.com.br\/site\/judocon-barroca-realiza-festival-e-copa-judocon-40-anos\/"]}]},{"@type":"ImageObject","inLanguage":"pt-BR","@id":"https:\/\/barroca.com.br\/site\/judocon-barroca-realiza-festival-e-copa-judocon-40-anos\/#primaryimage","url":"https:\/\/barroca.com.br\/site\/wp-content\/uploads\/2022\/12\/DSC9721-1-scaled.jpg","contentUrl":"https:\/\/barroca.com.br\/site\/wp-content\/uploads\/2022\/12\/DSC9721-1-scaled.jpg","width":2560,"height":1703,"caption":"03\/12\/2022 - BRASIL \/ BELO HORIZONTE - Judo do Barroca Tenis Clube. Entrega de faixas . \u00a9 Washington Alves\/Light Press"},{"@type":"BreadcrumbList","@id":"https:\/\/barroca.com.br\/site\/judocon-barroca-realiza-festival-e-copa-judocon-40-anos\/#breadcrumb","itemListElement":[{"@type":"ListItem","position":1,"name":"Home","item":"https:\/\/barroca.com.br\/site\/"},{"@type":"ListItem","position":2,"name":"JUDOCON BARROCACELEBRA 40 ANOS E REALIZA FESTIVAL E COPA JUDOCON"}]},{"@type":"WebSite","@id":"https:\/\/barroca.com.br\/site\/#website","url":"https:\/\/barroca.com.br\/site\/","name":"Barroca T\u00eanis Clube","description":"","potentialAction":[{"@type":"SearchAction","target":{"@type":"EntryPoint","urlTemplate":"https:\/\/barroca.com.br\/site\/?s={search_term_string}"},"query-input":{"@type":"PropertyValueSpecification","valueRequired":true,"valueName":"search_term_string"}}],"inLanguage":"pt-BR"},{"@type":"Person","@id":"https:\/\/barroca.com.br\/site\/#\/schema\/person\/d9d4de2af520d9a5ede40de787376f65","name":"Etc Comunica\u00e7\u00e3o","image":{"@type":"ImageObject","inLanguage":"pt-BR","@id":"https:\/\/secure.gravatar.com\/avatar\/9f5595c514ffc8a92c29559c74a00a4d2eb462479becf18b9bf2e9f080ce1e9a?s=96&d=mm&r=g","url":"https:\/\/secure.gravatar.com\/avatar\/9f5595c514ffc8a92c29559c74a00a4d2eb462479becf18b9bf2e9f080ce1e9a?s=96&d=mm&r=g","contentUrl":"https:\/\/secure.gravatar.com\/avatar\/9f5595c514ffc8a92c29559c74a00a4d2eb462479becf18b9bf2e9f080ce1e9a?s=96&d=mm&r=g","caption":"Etc Comunica\u00e7\u00e3o"},"url":"https:\/\/barroca.com.br\/site\/author\/etc\/"}]}},"_links":{"self":[{"href":"https:\/\/barroca.com.br\/site\/wp-json\/wp\/v2\/posts\/9989","targetHints":{"allow":["GET"]}}],"collection":[{"href":"https:\/\/barroca.com.br\/site\/wp-json\/wp\/v2\/posts"}],"about":[{"href":"https:\/\/barroca.com.br\/site\/wp-json\/wp\/v2\/types\/post"}],"author":[{"embeddable":true,"href":"https:\/\/barroca.com.br\/site\/wp-json\/wp\/v2\/users\/3"}],"replies":[{"embeddable":true,"href":"https:\/\/barroca.com.br\/site\/wp-json\/wp\/v2\/comments?post=9989"}],"version-history":[{"count":5,"href":"https:\/\/barroca.com.br\/site\/wp-json\/wp\/v2\/posts\/9989\/revisions"}],"predecessor-version":[{"id":10079,"href":"https:\/\/barroca.com.br\/site\/wp-json\/wp\/v2\/posts\/9989\/revisions\/10079"}],"wp:featuredmedia":[{"embeddable":true,"href":"https:\/\/barroca.com.br\/site\/wp-json\/wp\/v2\/media\/10015"}],"wp:attachment":[{"href":"https:\/\/barroca.com.br\/site\/wp-json\/wp\/v2\/media?parent=9989"}],"wp:term":[{"taxonomy":"category","embeddable":true,"href":"https:\/\/barroca.com.br\/site\/wp-json\/wp\/v2\/categories?post=9989"},{"taxonomy":"post_tag","embeddable":true,"href":"https:\/\/barroca.com.br\/site\/wp-json\/wp\/v2\/tags?post=9989"}],"curies":[{"name":"wp","href":"https:\/\/api.w.org\/{rel}","templated":true}]}}