{"id":8872,"date":"2021-03-10T12:03:39","date_gmt":"2021-03-10T15:03:39","guid":{"rendered":"http:\/\/barroca.com.br\/novosite\/?p=8872"},"modified":"2021-03-10T12:22:15","modified_gmt":"2021-03-10T15:22:15","slug":"edital-de-convocacao-4","status":"publish","type":"post","link":"https:\/\/barroca.com.br\/site\/edital-de-convocacao-4\/","title":{"rendered":"EDITAL DE CONVOCA\u00c7\u00c3O"},"content":{"rendered":"\n<p class=\"wp-block-paragraph\"><br>O Presidente do Conselho Deliberativo do BARROCA T\u00caNIS CLUBE, no uso da atribui\u00e7\u00e3o que lhe confere o inciso I do Artigo 32 do Estatuto, convoca a <strong>ASSEMBLEIA GERAL ORDIN\u00c1RIA <\/strong>dos associados, a ser realizada no dia 15 de mar\u00e7o de 2021, no hor\u00e1rio de 13h00 \u00e0s 17h00, no Sal\u00e3o Social do Clube, sito \u00e0 Rua Am\u00e9rico Macedo, n\u00ba 348, Bairro Gutierrez, em car\u00e1ter ordin\u00e1rio, para Examinar e aprovar as contas da Diretoria relativas ao exerc\u00edcio do ano de 2020; Para elei\u00e7\u00e3o dos membros que comp\u00f5em a Diretoria, Conselho Deliberativo e Conselho Fiscal para mandato de 2021\/2023, conforme Estatuto Social &#8211; T\u00edtulo II &#8211; Artigo 30\u00ba &#8211; I.<\/p>\n\n\n\n<p class=\"wp-block-paragraph\">A Assembleia ser\u00e1 realizada considerando todos os procedimentos de seguran\u00e7a estabelecidos pelos \u00f3rg\u00e3os competentes em fun\u00e7\u00e3o da Pandemia do Coronav\u00edrus (Covid-19).\u00a0<\/p>\n\n\n\n<p class=\"wp-block-paragraph\">* USO OBRIGAT\u00d3RIO DE M\u00c1SCARAS, HIGIENIZA\u00c7\u00c3O DAS M\u00c3OS COM \u00c1LCOOL GEL 70% E DISTANCIAMENTO DAS CADEIRAS DE 2 METROS.\u00a0<\/p>\n\n\n\n<p class=\"wp-block-paragraph\">Belo Horizonte, 02 de Mar\u00e7o de 2021.<\/p>\n\n\n\n<p class=\"wp-block-paragraph\"><strong>Ass: <\/strong>Geovani Oliveira Magalh\u00e3es<br>Presidente do Conselho Deliberativo<\/p>\n","protected":false},"excerpt":{"rendered":"<p>O Presidente do Conselho Deliberativo do BARROCA T\u00caNIS CLUBE convoca a ASSEMBLEIA GERAL ORDIN\u00c1RIA. <\/p>\n","protected":false},"author":3,"featured_media":8875,"comment_status":"closed","ping_status":"open","sticky":false,"template":"","format":"standard","meta":{"_acf_changed":false,"footnotes":""},"categories":[50],"tags":[307],"class_list":["post-8872","post","type-post","status-publish","format-standard","has-post-thumbnail","hentry","category-comunicados","tag-assembleia-geral-ordinaria"],"acf":[],"yoast_head":"<!-- This site is optimized with the Yoast SEO plugin v27.9 - https:\/\/yoast.com\/product\/yoast-seo-wordpress\/ -->\n<title>EDITAL DE CONVOCA\u00c7\u00c3O - Barroca T\u00eanis Clube<\/title>\n<meta name=\"description\" content=\"O Presidente do Conselho Deliberativo do BARROCA T\u00caNIS CLUBE convoca a ASSEMBLEIA GERAL ORDIN\u00c1RIA.\" \/>\n<meta name=\"robots\" content=\"index, follow, max-snippet:-1, max-image-preview:large, max-video-preview:-1\" \/>\n<link rel=\"canonical\" href=\"https:\/\/barroca.com.br\/site\/edital-de-convocacao-4\/\" \/>\n<meta property=\"og:locale\" content=\"pt_BR\" \/>\n<meta property=\"og:type\" content=\"article\" \/>\n<meta property=\"og:title\" content=\"EDITAL DE CONVOCA\u00c7\u00c3O - Barroca T\u00eanis Clube\" \/>\n<meta property=\"og:description\" content=\"O Presidente do Conselho Deliberativo do BARROCA T\u00caNIS CLUBE convoca a ASSEMBLEIA GERAL ORDIN\u00c1RIA.\" \/>\n<meta property=\"og:url\" content=\"https:\/\/barroca.com.br\/site\/edital-de-convocacao-4\/\" \/>\n<meta property=\"og:site_name\" content=\"Barroca T\u00eanis Clube\" \/>\n<meta property=\"article:published_time\" content=\"2021-03-10T15:03:39+00:00\" \/>\n<meta property=\"article:modified_time\" content=\"2021-03-10T15:22:15+00:00\" \/>\n<meta property=\"og:image\" content=\"https:\/\/barroca.com.br\/site\/wp-content\/uploads\/2021\/03\/Barroca_Edital-de-Convocacao.png\" \/>\n\t<meta property=\"og:image:width\" content=\"800\" \/>\n\t<meta property=\"og:image:height\" content=\"1101\" \/>\n\t<meta property=\"og:image:type\" content=\"image\/png\" \/>\n<meta name=\"author\" content=\"Etc Comunica\u00e7\u00e3o\" \/>\n<meta name=\"twitter:card\" content=\"summary_large_image\" \/>\n<meta name=\"twitter:label1\" content=\"Escrito por\" \/>\n\t<meta name=\"twitter:data1\" content=\"Etc Comunica\u00e7\u00e3o\" \/>\n\t<meta name=\"twitter:label2\" content=\"Est. tempo de leitura\" \/>\n\t<meta name=\"twitter:data2\" content=\"1 minuto\" \/>\n<script type=\"application\/ld+json\" class=\"yoast-schema-graph\">{\"@context\":\"https:\\\/\\\/schema.org\",\"@graph\":[{\"@type\":\"Article\",\"@id\":\"https:\\\/\\\/barroca.com.br\\\/site\\\/edital-de-convocacao-4\\\/#article\",\"isPartOf\":{\"@id\":\"https:\\\/\\\/barroca.com.br\\\/site\\\/edital-de-convocacao-4\\\/\"},\"author\":{\"name\":\"Etc Comunica\u00e7\u00e3o\",\"@id\":\"https:\\\/\\\/barroca.com.br\\\/site\\\/#\\\/schema\\\/person\\\/d9d4de2af520d9a5ede40de787376f65\"},\"headline\":\"EDITAL DE CONVOCA\u00c7\u00c3O\",\"datePublished\":\"2021-03-10T15:03:39+00:00\",\"dateModified\":\"2021-03-10T15:22:15+00:00\",\"mainEntityOfPage\":{\"@id\":\"https:\\\/\\\/barroca.com.br\\\/site\\\/edital-de-convocacao-4\\\/\"},\"wordCount\":175,\"image\":{\"@id\":\"https:\\\/\\\/barroca.com.br\\\/site\\\/edital-de-convocacao-4\\\/#primaryimage\"},\"thumbnailUrl\":\"https:\\\/\\\/barroca.com.br\\\/site\\\/wp-content\\\/uploads\\\/2021\\\/03\\\/Barroca_Edital-de-Convocacao.png\",\"keywords\":[\"ASSEMBLEIA GERAL ORDIN\u00c1RIA\"],\"articleSection\":[\"Comunicados\"],\"inLanguage\":\"pt-BR\"},{\"@type\":\"WebPage\",\"@id\":\"https:\\\/\\\/barroca.com.br\\\/site\\\/edital-de-convocacao-4\\\/\",\"url\":\"https:\\\/\\\/barroca.com.br\\\/site\\\/edital-de-convocacao-4\\\/\",\"name\":\"EDITAL DE CONVOCA\u00c7\u00c3O - Barroca T\u00eanis Clube\",\"isPartOf\":{\"@id\":\"https:\\\/\\\/barroca.com.br\\\/site\\\/#website\"},\"primaryImageOfPage\":{\"@id\":\"https:\\\/\\\/barroca.com.br\\\/site\\\/edital-de-convocacao-4\\\/#primaryimage\"},\"image\":{\"@id\":\"https:\\\/\\\/barroca.com.br\\\/site\\\/edital-de-convocacao-4\\\/#primaryimage\"},\"thumbnailUrl\":\"https:\\\/\\\/barroca.com.br\\\/site\\\/wp-content\\\/uploads\\\/2021\\\/03\\\/Barroca_Edital-de-Convocacao.png\",\"datePublished\":\"2021-03-10T15:03:39+00:00\",\"dateModified\":\"2021-03-10T15:22:15+00:00\",\"author\":{\"@id\":\"https:\\\/\\\/barroca.com.br\\\/site\\\/#\\\/schema\\\/person\\\/d9d4de2af520d9a5ede40de787376f65\"},\"description\":\"O Presidente do Conselho Deliberativo do BARROCA T\u00caNIS CLUBE convoca a ASSEMBLEIA GERAL ORDIN\u00c1RIA.\",\"breadcrumb\":{\"@id\":\"https:\\\/\\\/barroca.com.br\\\/site\\\/edital-de-convocacao-4\\\/#breadcrumb\"},\"inLanguage\":\"pt-BR\",\"potentialAction\":[{\"@type\":\"ReadAction\",\"target\":[\"https:\\\/\\\/barroca.com.br\\\/site\\\/edital-de-convocacao-4\\\/\"]}]},{\"@type\":\"ImageObject\",\"inLanguage\":\"pt-BR\",\"@id\":\"https:\\\/\\\/barroca.com.br\\\/site\\\/edital-de-convocacao-4\\\/#primaryimage\",\"url\":\"https:\\\/\\\/barroca.com.br\\\/site\\\/wp-content\\\/uploads\\\/2021\\\/03\\\/Barroca_Edital-de-Convocacao.png\",\"contentUrl\":\"https:\\\/\\\/barroca.com.br\\\/site\\\/wp-content\\\/uploads\\\/2021\\\/03\\\/Barroca_Edital-de-Convocacao.png\",\"width\":800,\"height\":1101},{\"@type\":\"BreadcrumbList\",\"@id\":\"https:\\\/\\\/barroca.com.br\\\/site\\\/edital-de-convocacao-4\\\/#breadcrumb\",\"itemListElement\":[{\"@type\":\"ListItem\",\"position\":1,\"name\":\"Home\",\"item\":\"https:\\\/\\\/barroca.com.br\\\/site\\\/\"},{\"@type\":\"ListItem\",\"position\":2,\"name\":\"EDITAL DE CONVOCA\u00c7\u00c3O\"}]},{\"@type\":\"WebSite\",\"@id\":\"https:\\\/\\\/barroca.com.br\\\/site\\\/#website\",\"url\":\"https:\\\/\\\/barroca.com.br\\\/site\\\/\",\"name\":\"Barroca T\u00eanis Clube\",\"description\":\"\",\"potentialAction\":[{\"@type\":\"SearchAction\",\"target\":{\"@type\":\"EntryPoint\",\"urlTemplate\":\"https:\\\/\\\/barroca.com.br\\\/site\\\/?s={search_term_string}\"},\"query-input\":{\"@type\":\"PropertyValueSpecification\",\"valueRequired\":true,\"valueName\":\"search_term_string\"}}],\"inLanguage\":\"pt-BR\"},{\"@type\":\"Person\",\"@id\":\"https:\\\/\\\/barroca.com.br\\\/site\\\/#\\\/schema\\\/person\\\/d9d4de2af520d9a5ede40de787376f65\",\"name\":\"Etc Comunica\u00e7\u00e3o\",\"image\":{\"@type\":\"ImageObject\",\"inLanguage\":\"pt-BR\",\"@id\":\"https:\\\/\\\/secure.gravatar.com\\\/avatar\\\/9f5595c514ffc8a92c29559c74a00a4d2eb462479becf18b9bf2e9f080ce1e9a?s=96&d=mm&r=g\",\"url\":\"https:\\\/\\\/secure.gravatar.com\\\/avatar\\\/9f5595c514ffc8a92c29559c74a00a4d2eb462479becf18b9bf2e9f080ce1e9a?s=96&d=mm&r=g\",\"contentUrl\":\"https:\\\/\\\/secure.gravatar.com\\\/avatar\\\/9f5595c514ffc8a92c29559c74a00a4d2eb462479becf18b9bf2e9f080ce1e9a?s=96&d=mm&r=g\",\"caption\":\"Etc Comunica\u00e7\u00e3o\"},\"url\":\"https:\\\/\\\/barroca.com.br\\\/site\\\/author\\\/etc\\\/\"}]}<\/script>\n<!-- \/ Yoast SEO plugin. -->","yoast_head_json":{"title":"EDITAL DE CONVOCA\u00c7\u00c3O - Barroca T\u00eanis Clube","description":"O Presidente do Conselho Deliberativo do BARROCA T\u00caNIS CLUBE convoca a ASSEMBLEIA GERAL ORDIN\u00c1RIA.","robots":{"index":"index","follow":"follow","max-snippet":"max-snippet:-1","max-image-preview":"max-image-preview:large","max-video-preview":"max-video-preview:-1"},"canonical":"https:\/\/barroca.com.br\/site\/edital-de-convocacao-4\/","og_locale":"pt_BR","og_type":"article","og_title":"EDITAL DE CONVOCA\u00c7\u00c3O - Barroca T\u00eanis Clube","og_description":"O Presidente do Conselho Deliberativo do BARROCA T\u00caNIS CLUBE convoca a ASSEMBLEIA GERAL ORDIN\u00c1RIA.","og_url":"https:\/\/barroca.com.br\/site\/edital-de-convocacao-4\/","og_site_name":"Barroca T\u00eanis Clube","article_published_time":"2021-03-10T15:03:39+00:00","article_modified_time":"2021-03-10T15:22:15+00:00","og_image":[{"width":800,"height":1101,"url":"https:\/\/barroca.com.br\/site\/wp-content\/uploads\/2021\/03\/Barroca_Edital-de-Convocacao.png","type":"image\/png"}],"author":"Etc Comunica\u00e7\u00e3o","twitter_card":"summary_large_image","twitter_misc":{"Escrito por":"Etc Comunica\u00e7\u00e3o","Est. tempo de leitura":"1 minuto"},"schema":{"@context":"https:\/\/schema.org","@graph":[{"@type":"Article","@id":"https:\/\/barroca.com.br\/site\/edital-de-convocacao-4\/#article","isPartOf":{"@id":"https:\/\/barroca.com.br\/site\/edital-de-convocacao-4\/"},"author":{"name":"Etc Comunica\u00e7\u00e3o","@id":"https:\/\/barroca.com.br\/site\/#\/schema\/person\/d9d4de2af520d9a5ede40de787376f65"},"headline":"EDITAL DE CONVOCA\u00c7\u00c3O","datePublished":"2021-03-10T15:03:39+00:00","dateModified":"2021-03-10T15:22:15+00:00","mainEntityOfPage":{"@id":"https:\/\/barroca.com.br\/site\/edital-de-convocacao-4\/"},"wordCount":175,"image":{"@id":"https:\/\/barroca.com.br\/site\/edital-de-convocacao-4\/#primaryimage"},"thumbnailUrl":"https:\/\/barroca.com.br\/site\/wp-content\/uploads\/2021\/03\/Barroca_Edital-de-Convocacao.png","keywords":["ASSEMBLEIA GERAL ORDIN\u00c1RIA"],"articleSection":["Comunicados"],"inLanguage":"pt-BR"},{"@type":"WebPage","@id":"https:\/\/barroca.com.br\/site\/edital-de-convocacao-4\/","url":"https:\/\/barroca.com.br\/site\/edital-de-convocacao-4\/","name":"EDITAL DE CONVOCA\u00c7\u00c3O - Barroca T\u00eanis Clube","isPartOf":{"@id":"https:\/\/barroca.com.br\/site\/#website"},"primaryImageOfPage":{"@id":"https:\/\/barroca.com.br\/site\/edital-de-convocacao-4\/#primaryimage"},"image":{"@id":"https:\/\/barroca.com.br\/site\/edital-de-convocacao-4\/#primaryimage"},"thumbnailUrl":"https:\/\/barroca.com.br\/site\/wp-content\/uploads\/2021\/03\/Barroca_Edital-de-Convocacao.png","datePublished":"2021-03-10T15:03:39+00:00","dateModified":"2021-03-10T15:22:15+00:00","author":{"@id":"https:\/\/barroca.com.br\/site\/#\/schema\/person\/d9d4de2af520d9a5ede40de787376f65"},"description":"O Presidente do Conselho Deliberativo do BARROCA T\u00caNIS CLUBE convoca a ASSEMBLEIA GERAL ORDIN\u00c1RIA.","breadcrumb":{"@id":"https:\/\/barroca.com.br\/site\/edital-de-convocacao-4\/#breadcrumb"},"inLanguage":"pt-BR","potentialAction":[{"@type":"ReadAction","target":["https:\/\/barroca.com.br\/site\/edital-de-convocacao-4\/"]}]},{"@type":"ImageObject","inLanguage":"pt-BR","@id":"https:\/\/barroca.com.br\/site\/edital-de-convocacao-4\/#primaryimage","url":"https:\/\/barroca.com.br\/site\/wp-content\/uploads\/2021\/03\/Barroca_Edital-de-Convocacao.png","contentUrl":"https:\/\/barroca.com.br\/site\/wp-content\/uploads\/2021\/03\/Barroca_Edital-de-Convocacao.png","width":800,"height":1101},{"@type":"BreadcrumbList","@id":"https:\/\/barroca.com.br\/site\/edital-de-convocacao-4\/#breadcrumb","itemListElement":[{"@type":"ListItem","position":1,"name":"Home","item":"https:\/\/barroca.com.br\/site\/"},{"@type":"ListItem","position":2,"name":"EDITAL DE CONVOCA\u00c7\u00c3O"}]},{"@type":"WebSite","@id":"https:\/\/barroca.com.br\/site\/#website","url":"https:\/\/barroca.com.br\/site\/","name":"Barroca T\u00eanis Clube","description":"","potentialAction":[{"@type":"SearchAction","target":{"@type":"EntryPoint","urlTemplate":"https:\/\/barroca.com.br\/site\/?s={search_term_string}"},"query-input":{"@type":"PropertyValueSpecification","valueRequired":true,"valueName":"search_term_string"}}],"inLanguage":"pt-BR"},{"@type":"Person","@id":"https:\/\/barroca.com.br\/site\/#\/schema\/person\/d9d4de2af520d9a5ede40de787376f65","name":"Etc Comunica\u00e7\u00e3o","image":{"@type":"ImageObject","inLanguage":"pt-BR","@id":"https:\/\/secure.gravatar.com\/avatar\/9f5595c514ffc8a92c29559c74a00a4d2eb462479becf18b9bf2e9f080ce1e9a?s=96&d=mm&r=g","url":"https:\/\/secure.gravatar.com\/avatar\/9f5595c514ffc8a92c29559c74a00a4d2eb462479becf18b9bf2e9f080ce1e9a?s=96&d=mm&r=g","contentUrl":"https:\/\/secure.gravatar.com\/avatar\/9f5595c514ffc8a92c29559c74a00a4d2eb462479becf18b9bf2e9f080ce1e9a?s=96&d=mm&r=g","caption":"Etc Comunica\u00e7\u00e3o"},"url":"https:\/\/barroca.com.br\/site\/author\/etc\/"}]}},"_links":{"self":[{"href":"https:\/\/barroca.com.br\/site\/wp-json\/wp\/v2\/posts\/8872","targetHints":{"allow":["GET"]}}],"collection":[{"href":"https:\/\/barroca.com.br\/site\/wp-json\/wp\/v2\/posts"}],"about":[{"href":"https:\/\/barroca.com.br\/site\/wp-json\/wp\/v2\/types\/post"}],"author":[{"embeddable":true,"href":"https:\/\/barroca.com.br\/site\/wp-json\/wp\/v2\/users\/3"}],"replies":[{"embeddable":true,"href":"https:\/\/barroca.com.br\/site\/wp-json\/wp\/v2\/comments?post=8872"}],"version-history":[{"count":1,"href":"https:\/\/barroca.com.br\/site\/wp-json\/wp\/v2\/posts\/8872\/revisions"}],"predecessor-version":[{"id":8874,"href":"https:\/\/barroca.com.br\/site\/wp-json\/wp\/v2\/posts\/8872\/revisions\/8874"}],"wp:featuredmedia":[{"embeddable":true,"href":"https:\/\/barroca.com.br\/site\/wp-json\/wp\/v2\/media\/8875"}],"wp:attachment":[{"href":"https:\/\/barroca.com.br\/site\/wp-json\/wp\/v2\/media?parent=8872"}],"wp:term":[{"taxonomy":"category","embeddable":true,"href":"https:\/\/barroca.com.br\/site\/wp-json\/wp\/v2\/categories?post=8872"},{"taxonomy":"post_tag","embeddable":true,"href":"https:\/\/barroca.com.br\/site\/wp-json\/wp\/v2\/tags?post=8872"}],"curies":[{"name":"wp","href":"https:\/\/api.w.org\/{rel}","templated":true}]}}