{"id":5339,"date":"2019-06-04T09:27:41","date_gmt":"2019-06-04T12:27:41","guid":{"rendered":"http:\/\/barroca.com.br\/site\/?p=5339"},"modified":"2019-06-04T09:27:41","modified_gmt":"2019-06-04T12:27:41","slug":"judocon-brilha-neste-final-semana","status":"publish","type":"post","link":"https:\/\/barroca.com.br\/site\/judocon-brilha-neste-final-semana\/","title":{"rendered":"Academia Judocon brilha neste final de semana"},"content":{"rendered":"<p>Em S\u00e3o Jo\u00e3o del Rei dia 01\/06 aconteceu a 2\u00aa etapa do campeonato mineiro de jud\u00f4 da Liga Mineira de Jud\u00f4 e a equipe da Judocon\/Barroca conseguiu o 5\u00ba lugar geral entre 44 academias de todo o estado. Destaque para os Veteranos que conseguiram o 1\u00ba lugar nesta faixa et\u00e1ria, na classe sub13 (atletas nascidos em 2007 e 2008) conseguiu o 3\u00ba lugar. Ainda teve o Festival, com atletas menores de 11 anos, que a Judocon\/Barroca ficou em 2\u00ba lugar.<\/p>\n<p>No mesmo dia, em S\u00e3o Lu\u00eds do Maranh\u00e3o, foi realizada a IV Copa Paulo Leite de Jud\u00f4 Veterano e os \u00fanicos representantes de MG foram da equipe Judocon\/Barroca. Mais uma vez sucesso total, Maxwell Rogana sagrou-se campe\u00e3o na categoria M5 e vice-campe\u00e3o no absoluto e Hidehiro Obata Jr. foi o vice-campe\u00e3o na categoria M6.<\/p>\n<p>&nbsp;<\/p>\n<div id='gallery-1' class='gallery galleryid-5339 gallery-columns-3 gallery-size-thumbnail'><figure class='gallery-item'>\n\t\t\t<div class='gallery-icon portrait'>\n\t\t\t\t<a href='https:\/\/barroca.com.br\/site\/whatsapp-image-2019-06-01-at-14-00-34c\/'><img loading=\"lazy\" decoding=\"async\" width=\"150\" height=\"150\" src=\"https:\/\/barroca.com.br\/site\/wp-content\/uploads\/2019\/06\/WhatsApp-Image-2019-06-01-at-14.00.34c-150x150.jpeg\" class=\"attachment-thumbnail size-thumbnail\" alt=\"\" srcset=\"https:\/\/barroca.com.br\/site\/wp-content\/uploads\/2019\/06\/WhatsApp-Image-2019-06-01-at-14.00.34c-150x150.jpeg 150w, https:\/\/barroca.com.br\/site\/wp-content\/uploads\/2019\/06\/WhatsApp-Image-2019-06-01-at-14.00.34c-60x60.jpeg 60w\" sizes=\"auto, (max-width: 150px) 100vw, 150px\" \/><\/a>\n\t\t\t<\/div><\/figure><figure class='gallery-item'>\n\t\t\t<div class='gallery-icon portrait'>\n\t\t\t\t<a href='https:\/\/barroca.com.br\/site\/whatsapp-image-2019-06-01-at-14-01-54\/'><img loading=\"lazy\" decoding=\"async\" width=\"150\" height=\"150\" src=\"https:\/\/barroca.com.br\/site\/wp-content\/uploads\/2019\/06\/WhatsApp-Image-2019-06-01-at-14.01.54-150x150.jpeg\" class=\"attachment-thumbnail size-thumbnail\" alt=\"\" srcset=\"https:\/\/barroca.com.br\/site\/wp-content\/uploads\/2019\/06\/WhatsApp-Image-2019-06-01-at-14.01.54-150x150.jpeg 150w, https:\/\/barroca.com.br\/site\/wp-content\/uploads\/2019\/06\/WhatsApp-Image-2019-06-01-at-14.01.54-60x60.jpeg 60w\" sizes=\"auto, (max-width: 150px) 100vw, 150px\" \/><\/a>\n\t\t\t<\/div><\/figure><figure class='gallery-item'>\n\t\t\t<div class='gallery-icon landscape'>\n\t\t\t\t<a href='https:\/\/barroca.com.br\/site\/whatsapp-image-2019-06-01-at-16-01-17\/'><img loading=\"lazy\" decoding=\"async\" width=\"150\" height=\"150\" src=\"https:\/\/barroca.com.br\/site\/wp-content\/uploads\/2019\/06\/WhatsApp-Image-2019-06-01-at-16.01.17-150x150.jpeg\" class=\"attachment-thumbnail size-thumbnail\" alt=\"\" srcset=\"https:\/\/barroca.com.br\/site\/wp-content\/uploads\/2019\/06\/WhatsApp-Image-2019-06-01-at-16.01.17-150x150.jpeg 150w, https:\/\/barroca.com.br\/site\/wp-content\/uploads\/2019\/06\/WhatsApp-Image-2019-06-01-at-16.01.17-60x60.jpeg 60w\" sizes=\"auto, (max-width: 150px) 100vw, 150px\" \/><\/a>\n\t\t\t<\/div><\/figure><figure class='gallery-item'>\n\t\t\t<div class='gallery-icon portrait'>\n\t\t\t\t<a href='https:\/\/barroca.com.br\/site\/whatsapp-image-2019-06-01-at-23-13-09\/'><img loading=\"lazy\" decoding=\"async\" width=\"150\" height=\"150\" src=\"https:\/\/barroca.com.br\/site\/wp-content\/uploads\/2019\/06\/WhatsApp-Image-2019-06-01-at-23.13.09-150x150.jpeg\" class=\"attachment-thumbnail size-thumbnail\" alt=\"\" srcset=\"https:\/\/barroca.com.br\/site\/wp-content\/uploads\/2019\/06\/WhatsApp-Image-2019-06-01-at-23.13.09-150x150.jpeg 150w, https:\/\/barroca.com.br\/site\/wp-content\/uploads\/2019\/06\/WhatsApp-Image-2019-06-01-at-23.13.09-60x60.jpeg 60w\" sizes=\"auto, (max-width: 150px) 100vw, 150px\" \/><\/a>\n\t\t\t<\/div><\/figure><figure class='gallery-item'>\n\t\t\t<div class='gallery-icon portrait'>\n\t\t\t\t<a href='https:\/\/barroca.com.br\/site\/whatsapp-image-2019-06-01-at-09-09-12b\/'><img loading=\"lazy\" decoding=\"async\" width=\"150\" height=\"150\" src=\"https:\/\/barroca.com.br\/site\/wp-content\/uploads\/2019\/06\/WhatsApp-Image-2019-06-01-at-09.09.12b-150x150.jpeg\" class=\"attachment-thumbnail size-thumbnail\" alt=\"\" srcset=\"https:\/\/barroca.com.br\/site\/wp-content\/uploads\/2019\/06\/WhatsApp-Image-2019-06-01-at-09.09.12b-150x150.jpeg 150w, https:\/\/barroca.com.br\/site\/wp-content\/uploads\/2019\/06\/WhatsApp-Image-2019-06-01-at-09.09.12b-60x60.jpeg 60w\" sizes=\"auto, (max-width: 150px) 100vw, 150px\" \/><\/a>\n\t\t\t<\/div><\/figure><figure class='gallery-item'>\n\t\t\t<div class='gallery-icon landscape'>\n\t\t\t\t<a href='https:\/\/barroca.com.br\/site\/whatsapp-image-2019-06-01-at-13-49-35\/'><img loading=\"lazy\" decoding=\"async\" width=\"150\" height=\"150\" src=\"https:\/\/barroca.com.br\/site\/wp-content\/uploads\/2019\/06\/WhatsApp-Image-2019-06-01-at-13.49.35-150x150.jpeg\" class=\"attachment-thumbnail size-thumbnail\" alt=\"\" srcset=\"https:\/\/barroca.com.br\/site\/wp-content\/uploads\/2019\/06\/WhatsApp-Image-2019-06-01-at-13.49.35-150x150.jpeg 150w, https:\/\/barroca.com.br\/site\/wp-content\/uploads\/2019\/06\/WhatsApp-Image-2019-06-01-at-13.49.35-60x60.jpeg 60w\" sizes=\"auto, (max-width: 150px) 100vw, 150px\" \/><\/a>\n\t\t\t<\/div><\/figure>\n\t\t<\/div>\n\n","protected":false},"excerpt":{"rendered":"<p>Em S\u00e3o Jo\u00e3o del Rei dia 01\/06 aconteceu a 2\u00aa etapa do campeonato mineiro de jud\u00f4 da Liga Mineira de Jud\u00f4 e a equipe da Judocon\/Barroca conseguiu o 5\u00ba lugar geral entre 44 academias de todo o estado. Destaque para os Veteranos que conseguiram o 1\u00ba lugar nesta faixa et\u00e1ria, na classe sub13 (atletas nascidos [&hellip;]<\/p>\n","protected":false},"author":1,"featured_media":5345,"comment_status":"open","ping_status":"open","sticky":false,"template":"","format":"standard","meta":{"_acf_changed":false,"footnotes":""},"categories":[164],"tags":[],"class_list":["post-5339","post","type-post","status-publish","format-standard","has-post-thumbnail","hentry","category-aconteceu"],"acf":[],"yoast_head":"<!-- This site is optimized with the Yoast SEO plugin v27.9 - https:\/\/yoast.com\/product\/yoast-seo-wordpress\/ -->\n<title>Academia Judocon brilha neste final de semana - Barroca T\u00eanis Clube<\/title>\n<meta name=\"robots\" content=\"index, follow, max-snippet:-1, max-image-preview:large, max-video-preview:-1\" \/>\n<link rel=\"canonical\" href=\"https:\/\/barroca.com.br\/site\/judocon-brilha-neste-final-semana\/\" \/>\n<meta property=\"og:locale\" content=\"pt_BR\" \/>\n<meta property=\"og:type\" content=\"article\" \/>\n<meta property=\"og:title\" content=\"Academia Judocon brilha neste final de semana - Barroca T\u00eanis Clube\" \/>\n<meta property=\"og:description\" content=\"Em S\u00e3o Jo\u00e3o del Rei dia 01\/06 aconteceu a 2\u00aa etapa do campeonato mineiro de jud\u00f4 da Liga Mineira de Jud\u00f4 e a equipe da Judocon\/Barroca conseguiu o 5\u00ba lugar geral entre 44 academias de todo o estado. Destaque para os Veteranos que conseguiram o 1\u00ba lugar nesta faixa et\u00e1ria, na classe sub13 (atletas nascidos [&hellip;]\" \/>\n<meta property=\"og:url\" content=\"https:\/\/barroca.com.br\/site\/judocon-brilha-neste-final-semana\/\" \/>\n<meta property=\"og:site_name\" content=\"Barroca T\u00eanis Clube\" \/>\n<meta property=\"article:published_time\" content=\"2019-06-04T12:27:41+00:00\" \/>\n<meta name=\"author\" content=\"admin\" \/>\n<meta name=\"twitter:card\" content=\"summary_large_image\" \/>\n<meta name=\"twitter:label1\" content=\"Escrito por\" \/>\n\t<meta name=\"twitter:data1\" content=\"admin\" \/>\n\t<meta name=\"twitter:label2\" content=\"Est. tempo de leitura\" \/>\n\t<meta name=\"twitter:data2\" content=\"1 minuto\" \/>\n<script type=\"application\/ld+json\" class=\"yoast-schema-graph\">{\"@context\":\"https:\\\/\\\/schema.org\",\"@graph\":[{\"@type\":\"Article\",\"@id\":\"https:\\\/\\\/barroca.com.br\\\/site\\\/judocon-brilha-neste-final-semana\\\/#article\",\"isPartOf\":{\"@id\":\"https:\\\/\\\/barroca.com.br\\\/site\\\/judocon-brilha-neste-final-semana\\\/\"},\"author\":{\"name\":\"admin\",\"@id\":\"https:\\\/\\\/barroca.com.br\\\/site\\\/#\\\/schema\\\/person\\\/4bd3687d5c267a5c16eebc047aec4c87\"},\"headline\":\"Academia Judocon brilha neste final de semana\",\"datePublished\":\"2019-06-04T12:27:41+00:00\",\"mainEntityOfPage\":{\"@id\":\"https:\\\/\\\/barroca.com.br\\\/site\\\/judocon-brilha-neste-final-semana\\\/\"},\"wordCount\":146,\"commentCount\":0,\"image\":{\"@id\":\"https:\\\/\\\/barroca.com.br\\\/site\\\/judocon-brilha-neste-final-semana\\\/#primaryimage\"},\"thumbnailUrl\":\"\",\"articleSection\":[\"Aconteceu\"],\"inLanguage\":\"pt-BR\",\"potentialAction\":[{\"@type\":\"CommentAction\",\"name\":\"Comment\",\"target\":[\"https:\\\/\\\/barroca.com.br\\\/site\\\/judocon-brilha-neste-final-semana\\\/#respond\"]}]},{\"@type\":\"WebPage\",\"@id\":\"https:\\\/\\\/barroca.com.br\\\/site\\\/judocon-brilha-neste-final-semana\\\/\",\"url\":\"https:\\\/\\\/barroca.com.br\\\/site\\\/judocon-brilha-neste-final-semana\\\/\",\"name\":\"Academia Judocon brilha neste final de semana - Barroca T\u00eanis Clube\",\"isPartOf\":{\"@id\":\"https:\\\/\\\/barroca.com.br\\\/site\\\/#website\"},\"primaryImageOfPage\":{\"@id\":\"https:\\\/\\\/barroca.com.br\\\/site\\\/judocon-brilha-neste-final-semana\\\/#primaryimage\"},\"image\":{\"@id\":\"https:\\\/\\\/barroca.com.br\\\/site\\\/judocon-brilha-neste-final-semana\\\/#primaryimage\"},\"thumbnailUrl\":\"\",\"datePublished\":\"2019-06-04T12:27:41+00:00\",\"author\":{\"@id\":\"https:\\\/\\\/barroca.com.br\\\/site\\\/#\\\/schema\\\/person\\\/4bd3687d5c267a5c16eebc047aec4c87\"},\"breadcrumb\":{\"@id\":\"https:\\\/\\\/barroca.com.br\\\/site\\\/judocon-brilha-neste-final-semana\\\/#breadcrumb\"},\"inLanguage\":\"pt-BR\",\"potentialAction\":[{\"@type\":\"ReadAction\",\"target\":[\"https:\\\/\\\/barroca.com.br\\\/site\\\/judocon-brilha-neste-final-semana\\\/\"]}]},{\"@type\":\"ImageObject\",\"inLanguage\":\"pt-BR\",\"@id\":\"https:\\\/\\\/barroca.com.br\\\/site\\\/judocon-brilha-neste-final-semana\\\/#primaryimage\",\"url\":\"\",\"contentUrl\":\"\"},{\"@type\":\"BreadcrumbList\",\"@id\":\"https:\\\/\\\/barroca.com.br\\\/site\\\/judocon-brilha-neste-final-semana\\\/#breadcrumb\",\"itemListElement\":[{\"@type\":\"ListItem\",\"position\":1,\"name\":\"Home\",\"item\":\"https:\\\/\\\/barroca.com.br\\\/site\\\/\"},{\"@type\":\"ListItem\",\"position\":2,\"name\":\"Academia Judocon brilha neste final de semana\"}]},{\"@type\":\"WebSite\",\"@id\":\"https:\\\/\\\/barroca.com.br\\\/site\\\/#website\",\"url\":\"https:\\\/\\\/barroca.com.br\\\/site\\\/\",\"name\":\"Barroca T\u00eanis Clube\",\"description\":\"\",\"potentialAction\":[{\"@type\":\"SearchAction\",\"target\":{\"@type\":\"EntryPoint\",\"urlTemplate\":\"https:\\\/\\\/barroca.com.br\\\/site\\\/?s={search_term_string}\"},\"query-input\":{\"@type\":\"PropertyValueSpecification\",\"valueRequired\":true,\"valueName\":\"search_term_string\"}}],\"inLanguage\":\"pt-BR\"},{\"@type\":\"Person\",\"@id\":\"https:\\\/\\\/barroca.com.br\\\/site\\\/#\\\/schema\\\/person\\\/4bd3687d5c267a5c16eebc047aec4c87\",\"name\":\"admin\",\"image\":{\"@type\":\"ImageObject\",\"inLanguage\":\"pt-BR\",\"@id\":\"https:\\\/\\\/secure.gravatar.com\\\/avatar\\\/2f804b64370abb1c325d1a425a3701ad3e11f373042be8a0ecf9f97248534775?s=96&d=mm&r=g\",\"url\":\"https:\\\/\\\/secure.gravatar.com\\\/avatar\\\/2f804b64370abb1c325d1a425a3701ad3e11f373042be8a0ecf9f97248534775?s=96&d=mm&r=g\",\"contentUrl\":\"https:\\\/\\\/secure.gravatar.com\\\/avatar\\\/2f804b64370abb1c325d1a425a3701ad3e11f373042be8a0ecf9f97248534775?s=96&d=mm&r=g\",\"caption\":\"admin\"},\"sameAs\":[\"http:\\\/\\\/barroca.com.br\\\/site\"],\"url\":\"https:\\\/\\\/barroca.com.br\\\/site\\\/author\\\/admin\\\/\"}]}<\/script>\n<!-- \/ Yoast SEO plugin. -->","yoast_head_json":{"title":"Academia Judocon brilha neste final de semana - Barroca T\u00eanis Clube","robots":{"index":"index","follow":"follow","max-snippet":"max-snippet:-1","max-image-preview":"max-image-preview:large","max-video-preview":"max-video-preview:-1"},"canonical":"https:\/\/barroca.com.br\/site\/judocon-brilha-neste-final-semana\/","og_locale":"pt_BR","og_type":"article","og_title":"Academia Judocon brilha neste final de semana - Barroca T\u00eanis Clube","og_description":"Em S\u00e3o Jo\u00e3o del Rei dia 01\/06 aconteceu a 2\u00aa etapa do campeonato mineiro de jud\u00f4 da Liga Mineira de Jud\u00f4 e a equipe da Judocon\/Barroca conseguiu o 5\u00ba lugar geral entre 44 academias de todo o estado. Destaque para os Veteranos que conseguiram o 1\u00ba lugar nesta faixa et\u00e1ria, na classe sub13 (atletas nascidos [&hellip;]","og_url":"https:\/\/barroca.com.br\/site\/judocon-brilha-neste-final-semana\/","og_site_name":"Barroca T\u00eanis Clube","article_published_time":"2019-06-04T12:27:41+00:00","author":"admin","twitter_card":"summary_large_image","twitter_misc":{"Escrito por":"admin","Est. tempo de leitura":"1 minuto"},"schema":{"@context":"https:\/\/schema.org","@graph":[{"@type":"Article","@id":"https:\/\/barroca.com.br\/site\/judocon-brilha-neste-final-semana\/#article","isPartOf":{"@id":"https:\/\/barroca.com.br\/site\/judocon-brilha-neste-final-semana\/"},"author":{"name":"admin","@id":"https:\/\/barroca.com.br\/site\/#\/schema\/person\/4bd3687d5c267a5c16eebc047aec4c87"},"headline":"Academia Judocon brilha neste final de semana","datePublished":"2019-06-04T12:27:41+00:00","mainEntityOfPage":{"@id":"https:\/\/barroca.com.br\/site\/judocon-brilha-neste-final-semana\/"},"wordCount":146,"commentCount":0,"image":{"@id":"https:\/\/barroca.com.br\/site\/judocon-brilha-neste-final-semana\/#primaryimage"},"thumbnailUrl":"","articleSection":["Aconteceu"],"inLanguage":"pt-BR","potentialAction":[{"@type":"CommentAction","name":"Comment","target":["https:\/\/barroca.com.br\/site\/judocon-brilha-neste-final-semana\/#respond"]}]},{"@type":"WebPage","@id":"https:\/\/barroca.com.br\/site\/judocon-brilha-neste-final-semana\/","url":"https:\/\/barroca.com.br\/site\/judocon-brilha-neste-final-semana\/","name":"Academia Judocon brilha neste final de semana - Barroca T\u00eanis Clube","isPartOf":{"@id":"https:\/\/barroca.com.br\/site\/#website"},"primaryImageOfPage":{"@id":"https:\/\/barroca.com.br\/site\/judocon-brilha-neste-final-semana\/#primaryimage"},"image":{"@id":"https:\/\/barroca.com.br\/site\/judocon-brilha-neste-final-semana\/#primaryimage"},"thumbnailUrl":"","datePublished":"2019-06-04T12:27:41+00:00","author":{"@id":"https:\/\/barroca.com.br\/site\/#\/schema\/person\/4bd3687d5c267a5c16eebc047aec4c87"},"breadcrumb":{"@id":"https:\/\/barroca.com.br\/site\/judocon-brilha-neste-final-semana\/#breadcrumb"},"inLanguage":"pt-BR","potentialAction":[{"@type":"ReadAction","target":["https:\/\/barroca.com.br\/site\/judocon-brilha-neste-final-semana\/"]}]},{"@type":"ImageObject","inLanguage":"pt-BR","@id":"https:\/\/barroca.com.br\/site\/judocon-brilha-neste-final-semana\/#primaryimage","url":"","contentUrl":""},{"@type":"BreadcrumbList","@id":"https:\/\/barroca.com.br\/site\/judocon-brilha-neste-final-semana\/#breadcrumb","itemListElement":[{"@type":"ListItem","position":1,"name":"Home","item":"https:\/\/barroca.com.br\/site\/"},{"@type":"ListItem","position":2,"name":"Academia Judocon brilha neste final de semana"}]},{"@type":"WebSite","@id":"https:\/\/barroca.com.br\/site\/#website","url":"https:\/\/barroca.com.br\/site\/","name":"Barroca T\u00eanis Clube","description":"","potentialAction":[{"@type":"SearchAction","target":{"@type":"EntryPoint","urlTemplate":"https:\/\/barroca.com.br\/site\/?s={search_term_string}"},"query-input":{"@type":"PropertyValueSpecification","valueRequired":true,"valueName":"search_term_string"}}],"inLanguage":"pt-BR"},{"@type":"Person","@id":"https:\/\/barroca.com.br\/site\/#\/schema\/person\/4bd3687d5c267a5c16eebc047aec4c87","name":"admin","image":{"@type":"ImageObject","inLanguage":"pt-BR","@id":"https:\/\/secure.gravatar.com\/avatar\/2f804b64370abb1c325d1a425a3701ad3e11f373042be8a0ecf9f97248534775?s=96&d=mm&r=g","url":"https:\/\/secure.gravatar.com\/avatar\/2f804b64370abb1c325d1a425a3701ad3e11f373042be8a0ecf9f97248534775?s=96&d=mm&r=g","contentUrl":"https:\/\/secure.gravatar.com\/avatar\/2f804b64370abb1c325d1a425a3701ad3e11f373042be8a0ecf9f97248534775?s=96&d=mm&r=g","caption":"admin"},"sameAs":["http:\/\/barroca.com.br\/site"],"url":"https:\/\/barroca.com.br\/site\/author\/admin\/"}]}},"_links":{"self":[{"href":"https:\/\/barroca.com.br\/site\/wp-json\/wp\/v2\/posts\/5339","targetHints":{"allow":["GET"]}}],"collection":[{"href":"https:\/\/barroca.com.br\/site\/wp-json\/wp\/v2\/posts"}],"about":[{"href":"https:\/\/barroca.com.br\/site\/wp-json\/wp\/v2\/types\/post"}],"author":[{"embeddable":true,"href":"https:\/\/barroca.com.br\/site\/wp-json\/wp\/v2\/users\/1"}],"replies":[{"embeddable":true,"href":"https:\/\/barroca.com.br\/site\/wp-json\/wp\/v2\/comments?post=5339"}],"version-history":[{"count":0,"href":"https:\/\/barroca.com.br\/site\/wp-json\/wp\/v2\/posts\/5339\/revisions"}],"wp:attachment":[{"href":"https:\/\/barroca.com.br\/site\/wp-json\/wp\/v2\/media?parent=5339"}],"wp:term":[{"taxonomy":"category","embeddable":true,"href":"https:\/\/barroca.com.br\/site\/wp-json\/wp\/v2\/categories?post=5339"},{"taxonomy":"post_tag","embeddable":true,"href":"https:\/\/barroca.com.br\/site\/wp-json\/wp\/v2\/tags?post=5339"}],"curies":[{"name":"wp","href":"https:\/\/api.w.org\/{rel}","templated":true}]}}