{"id":5076,"date":"2019-04-09T09:59:11","date_gmt":"2019-04-09T12:59:11","guid":{"rendered":"http:\/\/barroca.com.br\/site\/?p=4841"},"modified":"2019-04-09T09:59:11","modified_gmt":"2019-04-09T12:59:11","slug":"comemoracao-aniversario-laura-de-oliveira-100-anos","status":"publish","type":"post","link":"https:\/\/barroca.com.br\/site\/comemoracao-aniversario-laura-de-oliveira-100-anos\/","title":{"rendered":"Comemora\u00e7\u00e3o anivers\u00e1rio Laura de Oliveira 100 anos!"},"content":{"rendered":"<p class=\"m_6980100460513827955gmail-xgmail-p1\">O fim de semana foi de muita comemora\u00e7\u00e3o no Barroca! Confira as fotos da festa do centen\u00e1rio da nossa querida nadadora Laura de Oliveira.&nbsp;<\/p>\n<p class=\"m_6980100460513827955gmail-xgmail-p1\">Festa 07\/04\/19<\/p>\n<p>&nbsp;<\/p>\n<div id='gallery-1' class='gallery galleryid-5076 gallery-columns-3 gallery-size-thumbnail'><figure class='gallery-item'>\n\t\t\t<div class='gallery-icon landscape'>\n\t\t\t\t<a href='https:\/\/barroca.com.br\/site\/dsc_0453\/'><img loading=\"lazy\" decoding=\"async\" width=\"150\" height=\"150\" src=\"https:\/\/barroca.com.br\/site\/wp-content\/uploads\/2019\/04\/DSC_0453-150x150.jpg\" class=\"attachment-thumbnail size-thumbnail\" alt=\"\" srcset=\"https:\/\/barroca.com.br\/site\/wp-content\/uploads\/2019\/04\/DSC_0453-150x150.jpg 150w, https:\/\/barroca.com.br\/site\/wp-content\/uploads\/2019\/04\/DSC_0453-60x60.jpg 60w\" sizes=\"auto, (max-width: 150px) 100vw, 150px\" \/><\/a>\n\t\t\t<\/div><\/figure>\n\t\t<\/div>\n\n<p>&nbsp;<\/p>\n<p>&nbsp;    \t<\/p>\n","protected":false},"excerpt":{"rendered":"<p>O fim de semana foi de muita comemora\u00e7\u00e3o no Barroca! Confira as fotos da festa do centen\u00e1rio da nossa querida nadadora Laura de Oliveira.&nbsp; Festa 07\/04\/19 &nbsp; &nbsp; &nbsp;<\/p>\n","protected":false},"author":1,"featured_media":5231,"comment_status":"open","ping_status":"open","sticky":false,"template":"","format":"standard","meta":{"_acf_changed":false,"footnotes":""},"categories":[164,29],"tags":[],"class_list":["post-5076","post","type-post","status-publish","format-standard","has-post-thumbnail","hentry","category-aconteceu","category-barroca"],"acf":[],"yoast_head":"<!-- This site is optimized with the Yoast SEO plugin v27.9 - https:\/\/yoast.com\/product\/yoast-seo-wordpress\/ -->\n<title>Comemora\u00e7\u00e3o anivers\u00e1rio Laura de Oliveira 100 anos! - Barroca T\u00eanis Clube<\/title>\n<meta name=\"robots\" content=\"index, follow, max-snippet:-1, max-image-preview:large, max-video-preview:-1\" \/>\n<link rel=\"canonical\" href=\"https:\/\/barroca.com.br\/site\/comemoracao-aniversario-laura-de-oliveira-100-anos\/\" \/>\n<meta property=\"og:locale\" content=\"pt_BR\" \/>\n<meta property=\"og:type\" content=\"article\" \/>\n<meta property=\"og:title\" content=\"Comemora\u00e7\u00e3o anivers\u00e1rio Laura de Oliveira 100 anos! - Barroca T\u00eanis Clube\" \/>\n<meta property=\"og:description\" content=\"O fim de semana foi de muita comemora\u00e7\u00e3o no Barroca! Confira as fotos da festa do centen\u00e1rio da nossa querida nadadora Laura de Oliveira.&nbsp; Festa 07\/04\/19 &nbsp; &nbsp; &nbsp;\" \/>\n<meta property=\"og:url\" content=\"https:\/\/barroca.com.br\/site\/comemoracao-aniversario-laura-de-oliveira-100-anos\/\" \/>\n<meta property=\"og:site_name\" content=\"Barroca T\u00eanis Clube\" \/>\n<meta property=\"article:published_time\" content=\"2019-04-09T12:59:11+00:00\" \/>\n<meta name=\"author\" content=\"admin\" \/>\n<meta name=\"twitter:card\" content=\"summary_large_image\" \/>\n<meta name=\"twitter:label1\" content=\"Escrito por\" \/>\n\t<meta name=\"twitter:data1\" content=\"admin\" \/>\n<script type=\"application\/ld+json\" class=\"yoast-schema-graph\">{\"@context\":\"https:\\\/\\\/schema.org\",\"@graph\":[{\"@type\":\"Article\",\"@id\":\"https:\\\/\\\/barroca.com.br\\\/site\\\/comemoracao-aniversario-laura-de-oliveira-100-anos\\\/#article\",\"isPartOf\":{\"@id\":\"https:\\\/\\\/barroca.com.br\\\/site\\\/comemoracao-aniversario-laura-de-oliveira-100-anos\\\/\"},\"author\":{\"name\":\"admin\",\"@id\":\"https:\\\/\\\/barroca.com.br\\\/site\\\/#\\\/schema\\\/person\\\/4bd3687d5c267a5c16eebc047aec4c87\"},\"headline\":\"Comemora\u00e7\u00e3o anivers\u00e1rio Laura de Oliveira 100 anos!\",\"datePublished\":\"2019-04-09T12:59:11+00:00\",\"mainEntityOfPage\":{\"@id\":\"https:\\\/\\\/barroca.com.br\\\/site\\\/comemoracao-aniversario-laura-de-oliveira-100-anos\\\/\"},\"wordCount\":41,\"commentCount\":0,\"image\":{\"@id\":\"https:\\\/\\\/barroca.com.br\\\/site\\\/comemoracao-aniversario-laura-de-oliveira-100-anos\\\/#primaryimage\"},\"thumbnailUrl\":\"\",\"articleSection\":[\"Aconteceu\",\"Barroca\"],\"inLanguage\":\"pt-BR\",\"potentialAction\":[{\"@type\":\"CommentAction\",\"name\":\"Comment\",\"target\":[\"https:\\\/\\\/barroca.com.br\\\/site\\\/comemoracao-aniversario-laura-de-oliveira-100-anos\\\/#respond\"]}]},{\"@type\":\"WebPage\",\"@id\":\"https:\\\/\\\/barroca.com.br\\\/site\\\/comemoracao-aniversario-laura-de-oliveira-100-anos\\\/\",\"url\":\"https:\\\/\\\/barroca.com.br\\\/site\\\/comemoracao-aniversario-laura-de-oliveira-100-anos\\\/\",\"name\":\"Comemora\u00e7\u00e3o anivers\u00e1rio Laura de Oliveira 100 anos! - Barroca T\u00eanis Clube\",\"isPartOf\":{\"@id\":\"https:\\\/\\\/barroca.com.br\\\/site\\\/#website\"},\"primaryImageOfPage\":{\"@id\":\"https:\\\/\\\/barroca.com.br\\\/site\\\/comemoracao-aniversario-laura-de-oliveira-100-anos\\\/#primaryimage\"},\"image\":{\"@id\":\"https:\\\/\\\/barroca.com.br\\\/site\\\/comemoracao-aniversario-laura-de-oliveira-100-anos\\\/#primaryimage\"},\"thumbnailUrl\":\"\",\"datePublished\":\"2019-04-09T12:59:11+00:00\",\"author\":{\"@id\":\"https:\\\/\\\/barroca.com.br\\\/site\\\/#\\\/schema\\\/person\\\/4bd3687d5c267a5c16eebc047aec4c87\"},\"breadcrumb\":{\"@id\":\"https:\\\/\\\/barroca.com.br\\\/site\\\/comemoracao-aniversario-laura-de-oliveira-100-anos\\\/#breadcrumb\"},\"inLanguage\":\"pt-BR\",\"potentialAction\":[{\"@type\":\"ReadAction\",\"target\":[\"https:\\\/\\\/barroca.com.br\\\/site\\\/comemoracao-aniversario-laura-de-oliveira-100-anos\\\/\"]}]},{\"@type\":\"ImageObject\",\"inLanguage\":\"pt-BR\",\"@id\":\"https:\\\/\\\/barroca.com.br\\\/site\\\/comemoracao-aniversario-laura-de-oliveira-100-anos\\\/#primaryimage\",\"url\":\"\",\"contentUrl\":\"\"},{\"@type\":\"BreadcrumbList\",\"@id\":\"https:\\\/\\\/barroca.com.br\\\/site\\\/comemoracao-aniversario-laura-de-oliveira-100-anos\\\/#breadcrumb\",\"itemListElement\":[{\"@type\":\"ListItem\",\"position\":1,\"name\":\"Home\",\"item\":\"https:\\\/\\\/barroca.com.br\\\/site\\\/\"},{\"@type\":\"ListItem\",\"position\":2,\"name\":\"Comemora\u00e7\u00e3o anivers\u00e1rio Laura de Oliveira 100 anos!\"}]},{\"@type\":\"WebSite\",\"@id\":\"https:\\\/\\\/barroca.com.br\\\/site\\\/#website\",\"url\":\"https:\\\/\\\/barroca.com.br\\\/site\\\/\",\"name\":\"Barroca T\u00eanis Clube\",\"description\":\"\",\"potentialAction\":[{\"@type\":\"SearchAction\",\"target\":{\"@type\":\"EntryPoint\",\"urlTemplate\":\"https:\\\/\\\/barroca.com.br\\\/site\\\/?s={search_term_string}\"},\"query-input\":{\"@type\":\"PropertyValueSpecification\",\"valueRequired\":true,\"valueName\":\"search_term_string\"}}],\"inLanguage\":\"pt-BR\"},{\"@type\":\"Person\",\"@id\":\"https:\\\/\\\/barroca.com.br\\\/site\\\/#\\\/schema\\\/person\\\/4bd3687d5c267a5c16eebc047aec4c87\",\"name\":\"admin\",\"image\":{\"@type\":\"ImageObject\",\"inLanguage\":\"pt-BR\",\"@id\":\"https:\\\/\\\/secure.gravatar.com\\\/avatar\\\/2f804b64370abb1c325d1a425a3701ad3e11f373042be8a0ecf9f97248534775?s=96&d=mm&r=g\",\"url\":\"https:\\\/\\\/secure.gravatar.com\\\/avatar\\\/2f804b64370abb1c325d1a425a3701ad3e11f373042be8a0ecf9f97248534775?s=96&d=mm&r=g\",\"contentUrl\":\"https:\\\/\\\/secure.gravatar.com\\\/avatar\\\/2f804b64370abb1c325d1a425a3701ad3e11f373042be8a0ecf9f97248534775?s=96&d=mm&r=g\",\"caption\":\"admin\"},\"sameAs\":[\"http:\\\/\\\/barroca.com.br\\\/site\"],\"url\":\"https:\\\/\\\/barroca.com.br\\\/site\\\/author\\\/admin\\\/\"}]}<\/script>\n<!-- \/ Yoast SEO plugin. -->","yoast_head_json":{"title":"Comemora\u00e7\u00e3o anivers\u00e1rio Laura de Oliveira 100 anos! - Barroca T\u00eanis Clube","robots":{"index":"index","follow":"follow","max-snippet":"max-snippet:-1","max-image-preview":"max-image-preview:large","max-video-preview":"max-video-preview:-1"},"canonical":"https:\/\/barroca.com.br\/site\/comemoracao-aniversario-laura-de-oliveira-100-anos\/","og_locale":"pt_BR","og_type":"article","og_title":"Comemora\u00e7\u00e3o anivers\u00e1rio Laura de Oliveira 100 anos! - Barroca T\u00eanis Clube","og_description":"O fim de semana foi de muita comemora\u00e7\u00e3o no Barroca! Confira as fotos da festa do centen\u00e1rio da nossa querida nadadora Laura de Oliveira.&nbsp; Festa 07\/04\/19 &nbsp; &nbsp; &nbsp;","og_url":"https:\/\/barroca.com.br\/site\/comemoracao-aniversario-laura-de-oliveira-100-anos\/","og_site_name":"Barroca T\u00eanis Clube","article_published_time":"2019-04-09T12:59:11+00:00","author":"admin","twitter_card":"summary_large_image","twitter_misc":{"Escrito por":"admin"},"schema":{"@context":"https:\/\/schema.org","@graph":[{"@type":"Article","@id":"https:\/\/barroca.com.br\/site\/comemoracao-aniversario-laura-de-oliveira-100-anos\/#article","isPartOf":{"@id":"https:\/\/barroca.com.br\/site\/comemoracao-aniversario-laura-de-oliveira-100-anos\/"},"author":{"name":"admin","@id":"https:\/\/barroca.com.br\/site\/#\/schema\/person\/4bd3687d5c267a5c16eebc047aec4c87"},"headline":"Comemora\u00e7\u00e3o anivers\u00e1rio Laura de Oliveira 100 anos!","datePublished":"2019-04-09T12:59:11+00:00","mainEntityOfPage":{"@id":"https:\/\/barroca.com.br\/site\/comemoracao-aniversario-laura-de-oliveira-100-anos\/"},"wordCount":41,"commentCount":0,"image":{"@id":"https:\/\/barroca.com.br\/site\/comemoracao-aniversario-laura-de-oliveira-100-anos\/#primaryimage"},"thumbnailUrl":"","articleSection":["Aconteceu","Barroca"],"inLanguage":"pt-BR","potentialAction":[{"@type":"CommentAction","name":"Comment","target":["https:\/\/barroca.com.br\/site\/comemoracao-aniversario-laura-de-oliveira-100-anos\/#respond"]}]},{"@type":"WebPage","@id":"https:\/\/barroca.com.br\/site\/comemoracao-aniversario-laura-de-oliveira-100-anos\/","url":"https:\/\/barroca.com.br\/site\/comemoracao-aniversario-laura-de-oliveira-100-anos\/","name":"Comemora\u00e7\u00e3o anivers\u00e1rio Laura de Oliveira 100 anos! - Barroca T\u00eanis Clube","isPartOf":{"@id":"https:\/\/barroca.com.br\/site\/#website"},"primaryImageOfPage":{"@id":"https:\/\/barroca.com.br\/site\/comemoracao-aniversario-laura-de-oliveira-100-anos\/#primaryimage"},"image":{"@id":"https:\/\/barroca.com.br\/site\/comemoracao-aniversario-laura-de-oliveira-100-anos\/#primaryimage"},"thumbnailUrl":"","datePublished":"2019-04-09T12:59:11+00:00","author":{"@id":"https:\/\/barroca.com.br\/site\/#\/schema\/person\/4bd3687d5c267a5c16eebc047aec4c87"},"breadcrumb":{"@id":"https:\/\/barroca.com.br\/site\/comemoracao-aniversario-laura-de-oliveira-100-anos\/#breadcrumb"},"inLanguage":"pt-BR","potentialAction":[{"@type":"ReadAction","target":["https:\/\/barroca.com.br\/site\/comemoracao-aniversario-laura-de-oliveira-100-anos\/"]}]},{"@type":"ImageObject","inLanguage":"pt-BR","@id":"https:\/\/barroca.com.br\/site\/comemoracao-aniversario-laura-de-oliveira-100-anos\/#primaryimage","url":"","contentUrl":""},{"@type":"BreadcrumbList","@id":"https:\/\/barroca.com.br\/site\/comemoracao-aniversario-laura-de-oliveira-100-anos\/#breadcrumb","itemListElement":[{"@type":"ListItem","position":1,"name":"Home","item":"https:\/\/barroca.com.br\/site\/"},{"@type":"ListItem","position":2,"name":"Comemora\u00e7\u00e3o anivers\u00e1rio Laura de Oliveira 100 anos!"}]},{"@type":"WebSite","@id":"https:\/\/barroca.com.br\/site\/#website","url":"https:\/\/barroca.com.br\/site\/","name":"Barroca T\u00eanis Clube","description":"","potentialAction":[{"@type":"SearchAction","target":{"@type":"EntryPoint","urlTemplate":"https:\/\/barroca.com.br\/site\/?s={search_term_string}"},"query-input":{"@type":"PropertyValueSpecification","valueRequired":true,"valueName":"search_term_string"}}],"inLanguage":"pt-BR"},{"@type":"Person","@id":"https:\/\/barroca.com.br\/site\/#\/schema\/person\/4bd3687d5c267a5c16eebc047aec4c87","name":"admin","image":{"@type":"ImageObject","inLanguage":"pt-BR","@id":"https:\/\/secure.gravatar.com\/avatar\/2f804b64370abb1c325d1a425a3701ad3e11f373042be8a0ecf9f97248534775?s=96&d=mm&r=g","url":"https:\/\/secure.gravatar.com\/avatar\/2f804b64370abb1c325d1a425a3701ad3e11f373042be8a0ecf9f97248534775?s=96&d=mm&r=g","contentUrl":"https:\/\/secure.gravatar.com\/avatar\/2f804b64370abb1c325d1a425a3701ad3e11f373042be8a0ecf9f97248534775?s=96&d=mm&r=g","caption":"admin"},"sameAs":["http:\/\/barroca.com.br\/site"],"url":"https:\/\/barroca.com.br\/site\/author\/admin\/"}]}},"_links":{"self":[{"href":"https:\/\/barroca.com.br\/site\/wp-json\/wp\/v2\/posts\/5076","targetHints":{"allow":["GET"]}}],"collection":[{"href":"https:\/\/barroca.com.br\/site\/wp-json\/wp\/v2\/posts"}],"about":[{"href":"https:\/\/barroca.com.br\/site\/wp-json\/wp\/v2\/types\/post"}],"author":[{"embeddable":true,"href":"https:\/\/barroca.com.br\/site\/wp-json\/wp\/v2\/users\/1"}],"replies":[{"embeddable":true,"href":"https:\/\/barroca.com.br\/site\/wp-json\/wp\/v2\/comments?post=5076"}],"version-history":[{"count":0,"href":"https:\/\/barroca.com.br\/site\/wp-json\/wp\/v2\/posts\/5076\/revisions"}],"wp:attachment":[{"href":"https:\/\/barroca.com.br\/site\/wp-json\/wp\/v2\/media?parent=5076"}],"wp:term":[{"taxonomy":"category","embeddable":true,"href":"https:\/\/barroca.com.br\/site\/wp-json\/wp\/v2\/categories?post=5076"},{"taxonomy":"post_tag","embeddable":true,"href":"https:\/\/barroca.com.br\/site\/wp-json\/wp\/v2\/tags?post=5076"}],"curies":[{"name":"wp","href":"https:\/\/api.w.org\/{rel}","templated":true}]}}