{"id":5065,"date":"2016-04-19T15:57:36","date_gmt":"2016-04-19T18:57:36","guid":{"rendered":"http:\/\/barroca.com.br\/site\/?p=4315"},"modified":"2016-04-19T15:57:36","modified_gmt":"2016-04-19T18:57:36","slug":"equipe-promed-rally-fatura-o-primeiro-lugar-geral-na-segunda-etapa-do-mitsubishi-outdoor","status":"publish","type":"post","link":"https:\/\/barroca.com.br\/site\/equipe-promed-rally-fatura-o-primeiro-lugar-geral-na-segunda-etapa-do-mitsubishi-outdoor\/","title":{"rendered":"Equipe Promed Rally fatura o primeiro lugar geral na segunda etapa do Mitsubishi Outdoor"},"content":{"rendered":"<div>Ap\u00f3s um quinto lugar na etapa de Joinville-SC ocorrida no dia 19 de mar\u00e7o, a equipe Promed Rally que conta com 3 s\u00f3cios do Barroca T\u00eanis Clube em seu elenco se sagrou campe\u00e3 da segunda etapa do ano ocorrida no dia 09 de abril na cidade de Mogi Gua\u00e7u-SP. O evento partiu do aut\u00f3dromo da montadora japonesa, o Velo Citt\u00e0 e percorreu cidades nos estados de SP e MG. A prova passou por Santo Ant\u00f4nio do Jardim-SP, S\u00e3o Jos\u00e9 da Cachoeira-SP, Andradas-MG, Ibiti\u00fara de Minas-MG, al\u00e9m de passar pela Serra do Gavi\u00e3o, Serra do Bebedouro, Serra do Grot\u00e3o, Serra do Pau-D\u2019Alho, Serra do Capistrano, Serra do Caracol, Serra do Ronca e Serra da Forquilha.<\/div>\n<div>A Equipe Promed Rally contou com nove integrantes de tr\u00eas estados diferentes na etapa de Mogi Gua\u00e7u. As novidades do Mitsubishi Outdoor para o ano de 2016 s\u00e3o os esportes ol\u00edmpicos envolvidos na competi\u00e7\u00e3o. A cada etapa h\u00e1 ao menos um esporte ol\u00edmpico com b\u00f4nus de desempenho atrelado a um percentual do recorde ol\u00edmpico. Segundo o competidor Eduardo Lopez, \u00e9 um \u201cdesafio ainda mais instigante, j\u00e1 que faz com que os competidores do Outdoor se espelhem nos medalhistas ol\u00edmpicos e em metas de alt\u00edssimo padr\u00e3o\u201d. Na etapa de Mogi Gua\u00e7u o esporte escolhido foi o arco e flecha. Al\u00e9m disto, cada vez mais a tecnologia est\u00e1 presente nas provas, com tarefas sendo passadas atrav\u00e9s de QR Code, mapas digitais parciais, tarefas a serem executadas atrav\u00e9s de v\u00eddeos em alta velocidade, geolocaliza\u00e7\u00e3o, etc. Al\u00e9m do esporte ol\u00edmpico, a etapa de Mogi Gua\u00e7u teve provas de trilha 4&#215;4, resgate de pilotos de parapente, dois PC\u2019s de rapel, downhill de mountain-bike, escalada, prova de bike, quiz, geocaching, corrida pelo leito de rio, pontos virtuais bonificados, etc.<\/div>\n<div>A equipe contou com duas L200 Triton e muita uni\u00e3o e dedica\u00e7\u00e3o para alcan\u00e7ar o objetivo. As pr\u00f3ximas etapas ser\u00e3o em Curitiba, Campos do Jord\u00e3o, Ribeir\u00e3o Preto e em outra cidade a ser definida.<\/div>\n<div>Mais novidades sobre a prova e sobre o resultado obtido pela equipe poder\u00e3o ser conferidos no perfil da equipe no instagram, o @equipepromedrally.<\/div>\n","protected":false},"excerpt":{"rendered":"<p>Ap\u00f3s um quinto lugar na etapa de Joinville-SC ocorrida no dia 19 de mar\u00e7o, a equipe Promed Rally que conta com 3 s\u00f3cios do Barroca T\u00eanis Clube em seu elenco se sagrou campe\u00e3 da segunda etapa do ano ocorrida no dia 09 de abril na cidade de Mogi Gua\u00e7u-SP. O evento partiu do aut\u00f3dromo da [&hellip;]<\/p>\n","protected":false},"author":1,"featured_media":4316,"comment_status":"open","ping_status":"open","sticky":false,"template":"","format":"gallery","meta":{"_acf_changed":false,"footnotes":""},"categories":[29,24,28],"tags":[21,245],"class_list":["post-5065","post","type-post","status-publish","format-gallery","has-post-thumbnail","hentry","category-barroca","category-esportes","category-na-midia","tag-barroca","tag-rally","post_format-post-format-gallery"],"acf":[],"yoast_head":"<!-- This site is optimized with the Yoast SEO plugin v27.9 - https:\/\/yoast.com\/product\/yoast-seo-wordpress\/ -->\n<title>Equipe Promed Rally fatura o primeiro lugar geral na segunda etapa do Mitsubishi Outdoor - Barroca T\u00eanis Clube<\/title>\n<meta name=\"robots\" content=\"index, follow, max-snippet:-1, max-image-preview:large, max-video-preview:-1\" \/>\n<link rel=\"canonical\" href=\"https:\/\/barroca.com.br\/site\/equipe-promed-rally-fatura-o-primeiro-lugar-geral-na-segunda-etapa-do-mitsubishi-outdoor\/\" \/>\n<meta property=\"og:locale\" content=\"pt_BR\" \/>\n<meta property=\"og:type\" content=\"article\" \/>\n<meta property=\"og:title\" content=\"Equipe Promed Rally fatura o primeiro lugar geral na segunda etapa do Mitsubishi Outdoor - Barroca T\u00eanis Clube\" \/>\n<meta property=\"og:description\" content=\"Ap\u00f3s um quinto lugar na etapa de Joinville-SC ocorrida no dia 19 de mar\u00e7o, a equipe Promed Rally que conta com 3 s\u00f3cios do Barroca T\u00eanis Clube em seu elenco se sagrou campe\u00e3 da segunda etapa do ano ocorrida no dia 09 de abril na cidade de Mogi Gua\u00e7u-SP. O evento partiu do aut\u00f3dromo da [&hellip;]\" \/>\n<meta property=\"og:url\" content=\"https:\/\/barroca.com.br\/site\/equipe-promed-rally-fatura-o-primeiro-lugar-geral-na-segunda-etapa-do-mitsubishi-outdoor\/\" \/>\n<meta property=\"og:site_name\" content=\"Barroca T\u00eanis Clube\" \/>\n<meta property=\"article:published_time\" content=\"2016-04-19T18:57:36+00:00\" \/>\n<meta property=\"og:image\" content=\"https:\/\/barroca.com.br\/site\/wp-content\/uploads\/2011\/04\/site_marcio_credito_henrique_chendes2.jpg\" \/>\n\t<meta property=\"og:image:width\" content=\"300\" \/>\n\t<meta property=\"og:image:height\" content=\"151\" \/>\n\t<meta property=\"og:image:type\" content=\"image\/jpeg\" \/>\n<meta name=\"author\" content=\"admin\" \/>\n<meta name=\"twitter:card\" content=\"summary_large_image\" \/>\n<meta name=\"twitter:label1\" content=\"Escrito por\" \/>\n\t<meta name=\"twitter:data1\" content=\"admin\" \/>\n\t<meta name=\"twitter:label2\" content=\"Est. tempo de leitura\" \/>\n\t<meta name=\"twitter:data2\" content=\"2 minutos\" \/>\n<script type=\"application\/ld+json\" class=\"yoast-schema-graph\">{\"@context\":\"https:\\\/\\\/schema.org\",\"@graph\":[{\"@type\":\"Article\",\"@id\":\"https:\\\/\\\/barroca.com.br\\\/site\\\/equipe-promed-rally-fatura-o-primeiro-lugar-geral-na-segunda-etapa-do-mitsubishi-outdoor\\\/#article\",\"isPartOf\":{\"@id\":\"https:\\\/\\\/barroca.com.br\\\/site\\\/equipe-promed-rally-fatura-o-primeiro-lugar-geral-na-segunda-etapa-do-mitsubishi-outdoor\\\/\"},\"author\":{\"name\":\"admin\",\"@id\":\"https:\\\/\\\/barroca.com.br\\\/site\\\/#\\\/schema\\\/person\\\/4bd3687d5c267a5c16eebc047aec4c87\"},\"headline\":\"Equipe Promed Rally fatura o primeiro lugar geral na segunda etapa do Mitsubishi Outdoor\",\"datePublished\":\"2016-04-19T18:57:36+00:00\",\"mainEntityOfPage\":{\"@id\":\"https:\\\/\\\/barroca.com.br\\\/site\\\/equipe-promed-rally-fatura-o-primeiro-lugar-geral-na-segunda-etapa-do-mitsubishi-outdoor\\\/\"},\"wordCount\":395,\"commentCount\":0,\"image\":{\"@id\":\"https:\\\/\\\/barroca.com.br\\\/site\\\/equipe-promed-rally-fatura-o-primeiro-lugar-geral-na-segunda-etapa-do-mitsubishi-outdoor\\\/#primaryimage\"},\"thumbnailUrl\":\"https:\\\/\\\/barroca.com.br\\\/site\\\/wp-content\\\/uploads\\\/2011\\\/04\\\/site_marcio_credito_henrique_chendes2.jpg\",\"keywords\":[\"Barroca\",\"Rally\"],\"articleSection\":[\"Barroca\",\"Esportes\",\"Na Midia\"],\"inLanguage\":\"pt-BR\",\"potentialAction\":[{\"@type\":\"CommentAction\",\"name\":\"Comment\",\"target\":[\"https:\\\/\\\/barroca.com.br\\\/site\\\/equipe-promed-rally-fatura-o-primeiro-lugar-geral-na-segunda-etapa-do-mitsubishi-outdoor\\\/#respond\"]}]},{\"@type\":\"WebPage\",\"@id\":\"https:\\\/\\\/barroca.com.br\\\/site\\\/equipe-promed-rally-fatura-o-primeiro-lugar-geral-na-segunda-etapa-do-mitsubishi-outdoor\\\/\",\"url\":\"https:\\\/\\\/barroca.com.br\\\/site\\\/equipe-promed-rally-fatura-o-primeiro-lugar-geral-na-segunda-etapa-do-mitsubishi-outdoor\\\/\",\"name\":\"Equipe Promed Rally fatura o primeiro lugar geral na segunda etapa do Mitsubishi Outdoor - Barroca T\u00eanis Clube\",\"isPartOf\":{\"@id\":\"https:\\\/\\\/barroca.com.br\\\/site\\\/#website\"},\"primaryImageOfPage\":{\"@id\":\"https:\\\/\\\/barroca.com.br\\\/site\\\/equipe-promed-rally-fatura-o-primeiro-lugar-geral-na-segunda-etapa-do-mitsubishi-outdoor\\\/#primaryimage\"},\"image\":{\"@id\":\"https:\\\/\\\/barroca.com.br\\\/site\\\/equipe-promed-rally-fatura-o-primeiro-lugar-geral-na-segunda-etapa-do-mitsubishi-outdoor\\\/#primaryimage\"},\"thumbnailUrl\":\"https:\\\/\\\/barroca.com.br\\\/site\\\/wp-content\\\/uploads\\\/2011\\\/04\\\/site_marcio_credito_henrique_chendes2.jpg\",\"datePublished\":\"2016-04-19T18:57:36+00:00\",\"author\":{\"@id\":\"https:\\\/\\\/barroca.com.br\\\/site\\\/#\\\/schema\\\/person\\\/4bd3687d5c267a5c16eebc047aec4c87\"},\"breadcrumb\":{\"@id\":\"https:\\\/\\\/barroca.com.br\\\/site\\\/equipe-promed-rally-fatura-o-primeiro-lugar-geral-na-segunda-etapa-do-mitsubishi-outdoor\\\/#breadcrumb\"},\"inLanguage\":\"pt-BR\",\"potentialAction\":[{\"@type\":\"ReadAction\",\"target\":[\"https:\\\/\\\/barroca.com.br\\\/site\\\/equipe-promed-rally-fatura-o-primeiro-lugar-geral-na-segunda-etapa-do-mitsubishi-outdoor\\\/\"]}]},{\"@type\":\"ImageObject\",\"inLanguage\":\"pt-BR\",\"@id\":\"https:\\\/\\\/barroca.com.br\\\/site\\\/equipe-promed-rally-fatura-o-primeiro-lugar-geral-na-segunda-etapa-do-mitsubishi-outdoor\\\/#primaryimage\",\"url\":\"https:\\\/\\\/barroca.com.br\\\/site\\\/wp-content\\\/uploads\\\/2011\\\/04\\\/site_marcio_credito_henrique_chendes2.jpg\",\"contentUrl\":\"https:\\\/\\\/barroca.com.br\\\/site\\\/wp-content\\\/uploads\\\/2011\\\/04\\\/site_marcio_credito_henrique_chendes2.jpg\",\"width\":300,\"height\":151},{\"@type\":\"BreadcrumbList\",\"@id\":\"https:\\\/\\\/barroca.com.br\\\/site\\\/equipe-promed-rally-fatura-o-primeiro-lugar-geral-na-segunda-etapa-do-mitsubishi-outdoor\\\/#breadcrumb\",\"itemListElement\":[{\"@type\":\"ListItem\",\"position\":1,\"name\":\"Home\",\"item\":\"https:\\\/\\\/barroca.com.br\\\/site\\\/\"},{\"@type\":\"ListItem\",\"position\":2,\"name\":\"Equipe Promed Rally fatura o primeiro lugar geral na segunda etapa do Mitsubishi Outdoor\"}]},{\"@type\":\"WebSite\",\"@id\":\"https:\\\/\\\/barroca.com.br\\\/site\\\/#website\",\"url\":\"https:\\\/\\\/barroca.com.br\\\/site\\\/\",\"name\":\"Barroca T\u00eanis Clube\",\"description\":\"\",\"potentialAction\":[{\"@type\":\"SearchAction\",\"target\":{\"@type\":\"EntryPoint\",\"urlTemplate\":\"https:\\\/\\\/barroca.com.br\\\/site\\\/?s={search_term_string}\"},\"query-input\":{\"@type\":\"PropertyValueSpecification\",\"valueRequired\":true,\"valueName\":\"search_term_string\"}}],\"inLanguage\":\"pt-BR\"},{\"@type\":\"Person\",\"@id\":\"https:\\\/\\\/barroca.com.br\\\/site\\\/#\\\/schema\\\/person\\\/4bd3687d5c267a5c16eebc047aec4c87\",\"name\":\"admin\",\"image\":{\"@type\":\"ImageObject\",\"inLanguage\":\"pt-BR\",\"@id\":\"https:\\\/\\\/secure.gravatar.com\\\/avatar\\\/2f804b64370abb1c325d1a425a3701ad3e11f373042be8a0ecf9f97248534775?s=96&d=mm&r=g\",\"url\":\"https:\\\/\\\/secure.gravatar.com\\\/avatar\\\/2f804b64370abb1c325d1a425a3701ad3e11f373042be8a0ecf9f97248534775?s=96&d=mm&r=g\",\"contentUrl\":\"https:\\\/\\\/secure.gravatar.com\\\/avatar\\\/2f804b64370abb1c325d1a425a3701ad3e11f373042be8a0ecf9f97248534775?s=96&d=mm&r=g\",\"caption\":\"admin\"},\"sameAs\":[\"http:\\\/\\\/barroca.com.br\\\/site\"],\"url\":\"https:\\\/\\\/barroca.com.br\\\/site\\\/author\\\/admin\\\/\"}]}<\/script>\n<!-- \/ Yoast SEO plugin. -->","yoast_head_json":{"title":"Equipe Promed Rally fatura o primeiro lugar geral na segunda etapa do Mitsubishi Outdoor - Barroca T\u00eanis Clube","robots":{"index":"index","follow":"follow","max-snippet":"max-snippet:-1","max-image-preview":"max-image-preview:large","max-video-preview":"max-video-preview:-1"},"canonical":"https:\/\/barroca.com.br\/site\/equipe-promed-rally-fatura-o-primeiro-lugar-geral-na-segunda-etapa-do-mitsubishi-outdoor\/","og_locale":"pt_BR","og_type":"article","og_title":"Equipe Promed Rally fatura o primeiro lugar geral na segunda etapa do Mitsubishi Outdoor - Barroca T\u00eanis Clube","og_description":"Ap\u00f3s um quinto lugar na etapa de Joinville-SC ocorrida no dia 19 de mar\u00e7o, a equipe Promed Rally que conta com 3 s\u00f3cios do Barroca T\u00eanis Clube em seu elenco se sagrou campe\u00e3 da segunda etapa do ano ocorrida no dia 09 de abril na cidade de Mogi Gua\u00e7u-SP. O evento partiu do aut\u00f3dromo da [&hellip;]","og_url":"https:\/\/barroca.com.br\/site\/equipe-promed-rally-fatura-o-primeiro-lugar-geral-na-segunda-etapa-do-mitsubishi-outdoor\/","og_site_name":"Barroca T\u00eanis Clube","article_published_time":"2016-04-19T18:57:36+00:00","og_image":[{"width":300,"height":151,"url":"https:\/\/barroca.com.br\/site\/wp-content\/uploads\/2011\/04\/site_marcio_credito_henrique_chendes2.jpg","type":"image\/jpeg"}],"author":"admin","twitter_card":"summary_large_image","twitter_misc":{"Escrito por":"admin","Est. tempo de leitura":"2 minutos"},"schema":{"@context":"https:\/\/schema.org","@graph":[{"@type":"Article","@id":"https:\/\/barroca.com.br\/site\/equipe-promed-rally-fatura-o-primeiro-lugar-geral-na-segunda-etapa-do-mitsubishi-outdoor\/#article","isPartOf":{"@id":"https:\/\/barroca.com.br\/site\/equipe-promed-rally-fatura-o-primeiro-lugar-geral-na-segunda-etapa-do-mitsubishi-outdoor\/"},"author":{"name":"admin","@id":"https:\/\/barroca.com.br\/site\/#\/schema\/person\/4bd3687d5c267a5c16eebc047aec4c87"},"headline":"Equipe Promed Rally fatura o primeiro lugar geral na segunda etapa do Mitsubishi Outdoor","datePublished":"2016-04-19T18:57:36+00:00","mainEntityOfPage":{"@id":"https:\/\/barroca.com.br\/site\/equipe-promed-rally-fatura-o-primeiro-lugar-geral-na-segunda-etapa-do-mitsubishi-outdoor\/"},"wordCount":395,"commentCount":0,"image":{"@id":"https:\/\/barroca.com.br\/site\/equipe-promed-rally-fatura-o-primeiro-lugar-geral-na-segunda-etapa-do-mitsubishi-outdoor\/#primaryimage"},"thumbnailUrl":"https:\/\/barroca.com.br\/site\/wp-content\/uploads\/2011\/04\/site_marcio_credito_henrique_chendes2.jpg","keywords":["Barroca","Rally"],"articleSection":["Barroca","Esportes","Na Midia"],"inLanguage":"pt-BR","potentialAction":[{"@type":"CommentAction","name":"Comment","target":["https:\/\/barroca.com.br\/site\/equipe-promed-rally-fatura-o-primeiro-lugar-geral-na-segunda-etapa-do-mitsubishi-outdoor\/#respond"]}]},{"@type":"WebPage","@id":"https:\/\/barroca.com.br\/site\/equipe-promed-rally-fatura-o-primeiro-lugar-geral-na-segunda-etapa-do-mitsubishi-outdoor\/","url":"https:\/\/barroca.com.br\/site\/equipe-promed-rally-fatura-o-primeiro-lugar-geral-na-segunda-etapa-do-mitsubishi-outdoor\/","name":"Equipe Promed Rally fatura o primeiro lugar geral na segunda etapa do Mitsubishi Outdoor - Barroca T\u00eanis Clube","isPartOf":{"@id":"https:\/\/barroca.com.br\/site\/#website"},"primaryImageOfPage":{"@id":"https:\/\/barroca.com.br\/site\/equipe-promed-rally-fatura-o-primeiro-lugar-geral-na-segunda-etapa-do-mitsubishi-outdoor\/#primaryimage"},"image":{"@id":"https:\/\/barroca.com.br\/site\/equipe-promed-rally-fatura-o-primeiro-lugar-geral-na-segunda-etapa-do-mitsubishi-outdoor\/#primaryimage"},"thumbnailUrl":"https:\/\/barroca.com.br\/site\/wp-content\/uploads\/2011\/04\/site_marcio_credito_henrique_chendes2.jpg","datePublished":"2016-04-19T18:57:36+00:00","author":{"@id":"https:\/\/barroca.com.br\/site\/#\/schema\/person\/4bd3687d5c267a5c16eebc047aec4c87"},"breadcrumb":{"@id":"https:\/\/barroca.com.br\/site\/equipe-promed-rally-fatura-o-primeiro-lugar-geral-na-segunda-etapa-do-mitsubishi-outdoor\/#breadcrumb"},"inLanguage":"pt-BR","potentialAction":[{"@type":"ReadAction","target":["https:\/\/barroca.com.br\/site\/equipe-promed-rally-fatura-o-primeiro-lugar-geral-na-segunda-etapa-do-mitsubishi-outdoor\/"]}]},{"@type":"ImageObject","inLanguage":"pt-BR","@id":"https:\/\/barroca.com.br\/site\/equipe-promed-rally-fatura-o-primeiro-lugar-geral-na-segunda-etapa-do-mitsubishi-outdoor\/#primaryimage","url":"https:\/\/barroca.com.br\/site\/wp-content\/uploads\/2011\/04\/site_marcio_credito_henrique_chendes2.jpg","contentUrl":"https:\/\/barroca.com.br\/site\/wp-content\/uploads\/2011\/04\/site_marcio_credito_henrique_chendes2.jpg","width":300,"height":151},{"@type":"BreadcrumbList","@id":"https:\/\/barroca.com.br\/site\/equipe-promed-rally-fatura-o-primeiro-lugar-geral-na-segunda-etapa-do-mitsubishi-outdoor\/#breadcrumb","itemListElement":[{"@type":"ListItem","position":1,"name":"Home","item":"https:\/\/barroca.com.br\/site\/"},{"@type":"ListItem","position":2,"name":"Equipe Promed Rally fatura o primeiro lugar geral na segunda etapa do Mitsubishi Outdoor"}]},{"@type":"WebSite","@id":"https:\/\/barroca.com.br\/site\/#website","url":"https:\/\/barroca.com.br\/site\/","name":"Barroca T\u00eanis Clube","description":"","potentialAction":[{"@type":"SearchAction","target":{"@type":"EntryPoint","urlTemplate":"https:\/\/barroca.com.br\/site\/?s={search_term_string}"},"query-input":{"@type":"PropertyValueSpecification","valueRequired":true,"valueName":"search_term_string"}}],"inLanguage":"pt-BR"},{"@type":"Person","@id":"https:\/\/barroca.com.br\/site\/#\/schema\/person\/4bd3687d5c267a5c16eebc047aec4c87","name":"admin","image":{"@type":"ImageObject","inLanguage":"pt-BR","@id":"https:\/\/secure.gravatar.com\/avatar\/2f804b64370abb1c325d1a425a3701ad3e11f373042be8a0ecf9f97248534775?s=96&d=mm&r=g","url":"https:\/\/secure.gravatar.com\/avatar\/2f804b64370abb1c325d1a425a3701ad3e11f373042be8a0ecf9f97248534775?s=96&d=mm&r=g","contentUrl":"https:\/\/secure.gravatar.com\/avatar\/2f804b64370abb1c325d1a425a3701ad3e11f373042be8a0ecf9f97248534775?s=96&d=mm&r=g","caption":"admin"},"sameAs":["http:\/\/barroca.com.br\/site"],"url":"https:\/\/barroca.com.br\/site\/author\/admin\/"}]}},"_links":{"self":[{"href":"https:\/\/barroca.com.br\/site\/wp-json\/wp\/v2\/posts\/5065","targetHints":{"allow":["GET"]}}],"collection":[{"href":"https:\/\/barroca.com.br\/site\/wp-json\/wp\/v2\/posts"}],"about":[{"href":"https:\/\/barroca.com.br\/site\/wp-json\/wp\/v2\/types\/post"}],"author":[{"embeddable":true,"href":"https:\/\/barroca.com.br\/site\/wp-json\/wp\/v2\/users\/1"}],"replies":[{"embeddable":true,"href":"https:\/\/barroca.com.br\/site\/wp-json\/wp\/v2\/comments?post=5065"}],"version-history":[{"count":0,"href":"https:\/\/barroca.com.br\/site\/wp-json\/wp\/v2\/posts\/5065\/revisions"}],"wp:featuredmedia":[{"embeddable":true,"href":"https:\/\/barroca.com.br\/site\/wp-json\/wp\/v2\/media\/4316"}],"wp:attachment":[{"href":"https:\/\/barroca.com.br\/site\/wp-json\/wp\/v2\/media?parent=5065"}],"wp:term":[{"taxonomy":"category","embeddable":true,"href":"https:\/\/barroca.com.br\/site\/wp-json\/wp\/v2\/categories?post=5065"},{"taxonomy":"post_tag","embeddable":true,"href":"https:\/\/barroca.com.br\/site\/wp-json\/wp\/v2\/tags?post=5065"}],"curies":[{"name":"wp","href":"https:\/\/api.w.org\/{rel}","templated":true}]}}