{"id":5064,"date":"2016-04-06T17:43:20","date_gmt":"2016-04-06T20:43:20","guid":{"rendered":"http:\/\/barroca.com.br\/site\/?p=4311"},"modified":"2016-04-06T17:43:20","modified_gmt":"2016-04-06T20:43:20","slug":"edital-de-convocacao-assembleia-geral","status":"publish","type":"post","link":"https:\/\/barroca.com.br\/site\/edital-de-convocacao-assembleia-geral\/","title":{"rendered":"Edital de Convoca\u00e7\u00e3o &#8211; Assembleia Geral"},"content":{"rendered":"<p>O Presidente do Conselho Deliberativo do Barroca T\u00eanis Clube, no uso da atribui\u00e7\u00e3o que lhe confere o inciso I do Artigo 32 do Estatuto, convoca a Assembleia Geral Ordin\u00e1ria dos associados, a ser realizada no dia 13 de abril de 2016, no Sal\u00e3o Social do Clube, sito \u00e0 rua Am\u00e9rico Macedo, n\u00famero 348, bairro Gutierrez, \u00e0s 19h30 em primeira convoca\u00e7\u00e3o, e \u00e0s 20h em segunda convoca\u00e7\u00e3o, em car\u00e1ter ordin\u00e1rio, para: examinar e aprovar as contas da Diretoria relativas ao exerc\u00edcio do ano de 2015.<\/p>\n<p><img loading=\"lazy\" decoding=\"async\" class=\"aligncenter size-large wp-image-4312\" src=\"http:\/\/barroca.com.br\/antigo_site\/wp-content\/uploads\/2016\/04\/EDITAL-DE-CONVOCA\u00c7\u00c3O-462x640.jpg\" alt=\"EDITAL DE CONVOCA\u00c7\u00c3O\" width=\"462\" height=\"640\" \/>    \t<\/p>\n","protected":false},"excerpt":{"rendered":"<p>O Presidente do Conselho Deliberativo do Barroca T\u00eanis Clube, no uso da atribui\u00e7\u00e3o que lhe confere o inciso I do Artigo 32 do Estatuto, convoca a Assembleia Geral Ordin\u00e1ria dos associados, a ser realizada no dia 13 de abril de 2016, no Sal\u00e3o Social do Clube, sito \u00e0 rua Am\u00e9rico Macedo, n\u00famero 348, bairro Gutierrez, [&hellip;]<\/p>\n","protected":false},"author":1,"featured_media":3141,"comment_status":"open","ping_status":"open","sticky":false,"template":"","format":"standard","meta":{"_acf_changed":false,"footnotes":""},"categories":[29,50],"tags":[244,21],"class_list":["post-5064","post","type-post","status-publish","format-standard","has-post-thumbnail","hentry","category-barroca","category-comunicados","tag-assembleia-geral-dos","tag-barroca"],"acf":[],"yoast_head":"<!-- This site is optimized with the Yoast SEO plugin v27.9 - https:\/\/yoast.com\/product\/yoast-seo-wordpress\/ -->\n<title>Edital de Convoca\u00e7\u00e3o - Assembleia Geral - Barroca T\u00eanis Clube<\/title>\n<meta name=\"robots\" content=\"index, follow, max-snippet:-1, max-image-preview:large, max-video-preview:-1\" \/>\n<link rel=\"canonical\" href=\"https:\/\/barroca.com.br\/site\/edital-de-convocacao-assembleia-geral\/\" \/>\n<meta property=\"og:locale\" content=\"pt_BR\" \/>\n<meta property=\"og:type\" content=\"article\" \/>\n<meta property=\"og:title\" content=\"Edital de Convoca\u00e7\u00e3o - Assembleia Geral - Barroca T\u00eanis Clube\" \/>\n<meta property=\"og:description\" content=\"O Presidente do Conselho Deliberativo do Barroca T\u00eanis Clube, no uso da atribui\u00e7\u00e3o que lhe confere o inciso I do Artigo 32 do Estatuto, convoca a Assembleia Geral Ordin\u00e1ria dos associados, a ser realizada no dia 13 de abril de 2016, no Sal\u00e3o Social do Clube, sito \u00e0 rua Am\u00e9rico Macedo, n\u00famero 348, bairro Gutierrez, [&hellip;]\" \/>\n<meta property=\"og:url\" content=\"https:\/\/barroca.com.br\/site\/edital-de-convocacao-assembleia-geral\/\" \/>\n<meta property=\"og:site_name\" content=\"Barroca T\u00eanis Clube\" \/>\n<meta property=\"article:published_time\" content=\"2016-04-06T20:43:20+00:00\" \/>\n<meta property=\"og:image\" content=\"https:\/\/barroca.com.br\/site\/wp-content\/uploads\/2013\/06\/logo-btc-mock-comunica.jpg\" \/>\n\t<meta property=\"og:image:width\" content=\"640\" \/>\n\t<meta property=\"og:image:height\" content=\"530\" \/>\n\t<meta property=\"og:image:type\" content=\"image\/jpeg\" \/>\n<meta name=\"author\" content=\"admin\" \/>\n<meta name=\"twitter:card\" content=\"summary_large_image\" \/>\n<meta name=\"twitter:label1\" content=\"Escrito por\" \/>\n\t<meta name=\"twitter:data1\" content=\"admin\" \/>\n<script type=\"application\/ld+json\" class=\"yoast-schema-graph\">{\"@context\":\"https:\\\/\\\/schema.org\",\"@graph\":[{\"@type\":\"Article\",\"@id\":\"https:\\\/\\\/barroca.com.br\\\/site\\\/edital-de-convocacao-assembleia-geral\\\/#article\",\"isPartOf\":{\"@id\":\"https:\\\/\\\/barroca.com.br\\\/site\\\/edital-de-convocacao-assembleia-geral\\\/\"},\"author\":{\"name\":\"admin\",\"@id\":\"https:\\\/\\\/barroca.com.br\\\/site\\\/#\\\/schema\\\/person\\\/4bd3687d5c267a5c16eebc047aec4c87\"},\"headline\":\"Edital de Convoca\u00e7\u00e3o &#8211; Assembleia Geral\",\"datePublished\":\"2016-04-06T20:43:20+00:00\",\"mainEntityOfPage\":{\"@id\":\"https:\\\/\\\/barroca.com.br\\\/site\\\/edital-de-convocacao-assembleia-geral\\\/\"},\"wordCount\":96,\"commentCount\":0,\"image\":{\"@id\":\"https:\\\/\\\/barroca.com.br\\\/site\\\/edital-de-convocacao-assembleia-geral\\\/#primaryimage\"},\"thumbnailUrl\":\"https:\\\/\\\/barroca.com.br\\\/site\\\/wp-content\\\/uploads\\\/2013\\\/06\\\/logo-btc-mock-comunica.jpg\",\"keywords\":[\"Assembleia Geral dos\",\"Barroca\"],\"articleSection\":[\"Barroca\",\"Comunicados\"],\"inLanguage\":\"pt-BR\",\"potentialAction\":[{\"@type\":\"CommentAction\",\"name\":\"Comment\",\"target\":[\"https:\\\/\\\/barroca.com.br\\\/site\\\/edital-de-convocacao-assembleia-geral\\\/#respond\"]}]},{\"@type\":\"WebPage\",\"@id\":\"https:\\\/\\\/barroca.com.br\\\/site\\\/edital-de-convocacao-assembleia-geral\\\/\",\"url\":\"https:\\\/\\\/barroca.com.br\\\/site\\\/edital-de-convocacao-assembleia-geral\\\/\",\"name\":\"Edital de Convoca\u00e7\u00e3o - Assembleia Geral - Barroca T\u00eanis Clube\",\"isPartOf\":{\"@id\":\"https:\\\/\\\/barroca.com.br\\\/site\\\/#website\"},\"primaryImageOfPage\":{\"@id\":\"https:\\\/\\\/barroca.com.br\\\/site\\\/edital-de-convocacao-assembleia-geral\\\/#primaryimage\"},\"image\":{\"@id\":\"https:\\\/\\\/barroca.com.br\\\/site\\\/edital-de-convocacao-assembleia-geral\\\/#primaryimage\"},\"thumbnailUrl\":\"https:\\\/\\\/barroca.com.br\\\/site\\\/wp-content\\\/uploads\\\/2013\\\/06\\\/logo-btc-mock-comunica.jpg\",\"datePublished\":\"2016-04-06T20:43:20+00:00\",\"author\":{\"@id\":\"https:\\\/\\\/barroca.com.br\\\/site\\\/#\\\/schema\\\/person\\\/4bd3687d5c267a5c16eebc047aec4c87\"},\"breadcrumb\":{\"@id\":\"https:\\\/\\\/barroca.com.br\\\/site\\\/edital-de-convocacao-assembleia-geral\\\/#breadcrumb\"},\"inLanguage\":\"pt-BR\",\"potentialAction\":[{\"@type\":\"ReadAction\",\"target\":[\"https:\\\/\\\/barroca.com.br\\\/site\\\/edital-de-convocacao-assembleia-geral\\\/\"]}]},{\"@type\":\"ImageObject\",\"inLanguage\":\"pt-BR\",\"@id\":\"https:\\\/\\\/barroca.com.br\\\/site\\\/edital-de-convocacao-assembleia-geral\\\/#primaryimage\",\"url\":\"https:\\\/\\\/barroca.com.br\\\/site\\\/wp-content\\\/uploads\\\/2013\\\/06\\\/logo-btc-mock-comunica.jpg\",\"contentUrl\":\"https:\\\/\\\/barroca.com.br\\\/site\\\/wp-content\\\/uploads\\\/2013\\\/06\\\/logo-btc-mock-comunica.jpg\",\"width\":640,\"height\":530},{\"@type\":\"BreadcrumbList\",\"@id\":\"https:\\\/\\\/barroca.com.br\\\/site\\\/edital-de-convocacao-assembleia-geral\\\/#breadcrumb\",\"itemListElement\":[{\"@type\":\"ListItem\",\"position\":1,\"name\":\"Home\",\"item\":\"https:\\\/\\\/barroca.com.br\\\/site\\\/\"},{\"@type\":\"ListItem\",\"position\":2,\"name\":\"Edital de Convoca\u00e7\u00e3o &#8211; Assembleia Geral\"}]},{\"@type\":\"WebSite\",\"@id\":\"https:\\\/\\\/barroca.com.br\\\/site\\\/#website\",\"url\":\"https:\\\/\\\/barroca.com.br\\\/site\\\/\",\"name\":\"Barroca T\u00eanis Clube\",\"description\":\"\",\"potentialAction\":[{\"@type\":\"SearchAction\",\"target\":{\"@type\":\"EntryPoint\",\"urlTemplate\":\"https:\\\/\\\/barroca.com.br\\\/site\\\/?s={search_term_string}\"},\"query-input\":{\"@type\":\"PropertyValueSpecification\",\"valueRequired\":true,\"valueName\":\"search_term_string\"}}],\"inLanguage\":\"pt-BR\"},{\"@type\":\"Person\",\"@id\":\"https:\\\/\\\/barroca.com.br\\\/site\\\/#\\\/schema\\\/person\\\/4bd3687d5c267a5c16eebc047aec4c87\",\"name\":\"admin\",\"image\":{\"@type\":\"ImageObject\",\"inLanguage\":\"pt-BR\",\"@id\":\"https:\\\/\\\/secure.gravatar.com\\\/avatar\\\/2f804b64370abb1c325d1a425a3701ad3e11f373042be8a0ecf9f97248534775?s=96&d=mm&r=g\",\"url\":\"https:\\\/\\\/secure.gravatar.com\\\/avatar\\\/2f804b64370abb1c325d1a425a3701ad3e11f373042be8a0ecf9f97248534775?s=96&d=mm&r=g\",\"contentUrl\":\"https:\\\/\\\/secure.gravatar.com\\\/avatar\\\/2f804b64370abb1c325d1a425a3701ad3e11f373042be8a0ecf9f97248534775?s=96&d=mm&r=g\",\"caption\":\"admin\"},\"sameAs\":[\"http:\\\/\\\/barroca.com.br\\\/site\"],\"url\":\"https:\\\/\\\/barroca.com.br\\\/site\\\/author\\\/admin\\\/\"}]}<\/script>\n<!-- \/ Yoast SEO plugin. -->","yoast_head_json":{"title":"Edital de Convoca\u00e7\u00e3o - Assembleia Geral - Barroca T\u00eanis Clube","robots":{"index":"index","follow":"follow","max-snippet":"max-snippet:-1","max-image-preview":"max-image-preview:large","max-video-preview":"max-video-preview:-1"},"canonical":"https:\/\/barroca.com.br\/site\/edital-de-convocacao-assembleia-geral\/","og_locale":"pt_BR","og_type":"article","og_title":"Edital de Convoca\u00e7\u00e3o - Assembleia Geral - Barroca T\u00eanis Clube","og_description":"O Presidente do Conselho Deliberativo do Barroca T\u00eanis Clube, no uso da atribui\u00e7\u00e3o que lhe confere o inciso I do Artigo 32 do Estatuto, convoca a Assembleia Geral Ordin\u00e1ria dos associados, a ser realizada no dia 13 de abril de 2016, no Sal\u00e3o Social do Clube, sito \u00e0 rua Am\u00e9rico Macedo, n\u00famero 348, bairro Gutierrez, [&hellip;]","og_url":"https:\/\/barroca.com.br\/site\/edital-de-convocacao-assembleia-geral\/","og_site_name":"Barroca T\u00eanis Clube","article_published_time":"2016-04-06T20:43:20+00:00","og_image":[{"width":640,"height":530,"url":"https:\/\/barroca.com.br\/site\/wp-content\/uploads\/2013\/06\/logo-btc-mock-comunica.jpg","type":"image\/jpeg"}],"author":"admin","twitter_card":"summary_large_image","twitter_misc":{"Escrito por":"admin"},"schema":{"@context":"https:\/\/schema.org","@graph":[{"@type":"Article","@id":"https:\/\/barroca.com.br\/site\/edital-de-convocacao-assembleia-geral\/#article","isPartOf":{"@id":"https:\/\/barroca.com.br\/site\/edital-de-convocacao-assembleia-geral\/"},"author":{"name":"admin","@id":"https:\/\/barroca.com.br\/site\/#\/schema\/person\/4bd3687d5c267a5c16eebc047aec4c87"},"headline":"Edital de Convoca\u00e7\u00e3o &#8211; Assembleia Geral","datePublished":"2016-04-06T20:43:20+00:00","mainEntityOfPage":{"@id":"https:\/\/barroca.com.br\/site\/edital-de-convocacao-assembleia-geral\/"},"wordCount":96,"commentCount":0,"image":{"@id":"https:\/\/barroca.com.br\/site\/edital-de-convocacao-assembleia-geral\/#primaryimage"},"thumbnailUrl":"https:\/\/barroca.com.br\/site\/wp-content\/uploads\/2013\/06\/logo-btc-mock-comunica.jpg","keywords":["Assembleia Geral dos","Barroca"],"articleSection":["Barroca","Comunicados"],"inLanguage":"pt-BR","potentialAction":[{"@type":"CommentAction","name":"Comment","target":["https:\/\/barroca.com.br\/site\/edital-de-convocacao-assembleia-geral\/#respond"]}]},{"@type":"WebPage","@id":"https:\/\/barroca.com.br\/site\/edital-de-convocacao-assembleia-geral\/","url":"https:\/\/barroca.com.br\/site\/edital-de-convocacao-assembleia-geral\/","name":"Edital de Convoca\u00e7\u00e3o - Assembleia Geral - Barroca T\u00eanis Clube","isPartOf":{"@id":"https:\/\/barroca.com.br\/site\/#website"},"primaryImageOfPage":{"@id":"https:\/\/barroca.com.br\/site\/edital-de-convocacao-assembleia-geral\/#primaryimage"},"image":{"@id":"https:\/\/barroca.com.br\/site\/edital-de-convocacao-assembleia-geral\/#primaryimage"},"thumbnailUrl":"https:\/\/barroca.com.br\/site\/wp-content\/uploads\/2013\/06\/logo-btc-mock-comunica.jpg","datePublished":"2016-04-06T20:43:20+00:00","author":{"@id":"https:\/\/barroca.com.br\/site\/#\/schema\/person\/4bd3687d5c267a5c16eebc047aec4c87"},"breadcrumb":{"@id":"https:\/\/barroca.com.br\/site\/edital-de-convocacao-assembleia-geral\/#breadcrumb"},"inLanguage":"pt-BR","potentialAction":[{"@type":"ReadAction","target":["https:\/\/barroca.com.br\/site\/edital-de-convocacao-assembleia-geral\/"]}]},{"@type":"ImageObject","inLanguage":"pt-BR","@id":"https:\/\/barroca.com.br\/site\/edital-de-convocacao-assembleia-geral\/#primaryimage","url":"https:\/\/barroca.com.br\/site\/wp-content\/uploads\/2013\/06\/logo-btc-mock-comunica.jpg","contentUrl":"https:\/\/barroca.com.br\/site\/wp-content\/uploads\/2013\/06\/logo-btc-mock-comunica.jpg","width":640,"height":530},{"@type":"BreadcrumbList","@id":"https:\/\/barroca.com.br\/site\/edital-de-convocacao-assembleia-geral\/#breadcrumb","itemListElement":[{"@type":"ListItem","position":1,"name":"Home","item":"https:\/\/barroca.com.br\/site\/"},{"@type":"ListItem","position":2,"name":"Edital de Convoca\u00e7\u00e3o &#8211; Assembleia Geral"}]},{"@type":"WebSite","@id":"https:\/\/barroca.com.br\/site\/#website","url":"https:\/\/barroca.com.br\/site\/","name":"Barroca T\u00eanis Clube","description":"","potentialAction":[{"@type":"SearchAction","target":{"@type":"EntryPoint","urlTemplate":"https:\/\/barroca.com.br\/site\/?s={search_term_string}"},"query-input":{"@type":"PropertyValueSpecification","valueRequired":true,"valueName":"search_term_string"}}],"inLanguage":"pt-BR"},{"@type":"Person","@id":"https:\/\/barroca.com.br\/site\/#\/schema\/person\/4bd3687d5c267a5c16eebc047aec4c87","name":"admin","image":{"@type":"ImageObject","inLanguage":"pt-BR","@id":"https:\/\/secure.gravatar.com\/avatar\/2f804b64370abb1c325d1a425a3701ad3e11f373042be8a0ecf9f97248534775?s=96&d=mm&r=g","url":"https:\/\/secure.gravatar.com\/avatar\/2f804b64370abb1c325d1a425a3701ad3e11f373042be8a0ecf9f97248534775?s=96&d=mm&r=g","contentUrl":"https:\/\/secure.gravatar.com\/avatar\/2f804b64370abb1c325d1a425a3701ad3e11f373042be8a0ecf9f97248534775?s=96&d=mm&r=g","caption":"admin"},"sameAs":["http:\/\/barroca.com.br\/site"],"url":"https:\/\/barroca.com.br\/site\/author\/admin\/"}]}},"_links":{"self":[{"href":"https:\/\/barroca.com.br\/site\/wp-json\/wp\/v2\/posts\/5064","targetHints":{"allow":["GET"]}}],"collection":[{"href":"https:\/\/barroca.com.br\/site\/wp-json\/wp\/v2\/posts"}],"about":[{"href":"https:\/\/barroca.com.br\/site\/wp-json\/wp\/v2\/types\/post"}],"author":[{"embeddable":true,"href":"https:\/\/barroca.com.br\/site\/wp-json\/wp\/v2\/users\/1"}],"replies":[{"embeddable":true,"href":"https:\/\/barroca.com.br\/site\/wp-json\/wp\/v2\/comments?post=5064"}],"version-history":[{"count":0,"href":"https:\/\/barroca.com.br\/site\/wp-json\/wp\/v2\/posts\/5064\/revisions"}],"wp:featuredmedia":[{"embeddable":true,"href":"https:\/\/barroca.com.br\/site\/wp-json\/wp\/v2\/media\/3141"}],"wp:attachment":[{"href":"https:\/\/barroca.com.br\/site\/wp-json\/wp\/v2\/media?parent=5064"}],"wp:term":[{"taxonomy":"category","embeddable":true,"href":"https:\/\/barroca.com.br\/site\/wp-json\/wp\/v2\/categories?post=5064"},{"taxonomy":"post_tag","embeddable":true,"href":"https:\/\/barroca.com.br\/site\/wp-json\/wp\/v2\/tags?post=5064"}],"curies":[{"name":"wp","href":"https:\/\/api.w.org\/{rel}","templated":true}]}}