{"id":5045,"date":"2011-09-21T23:31:56","date_gmt":"2011-09-22T02:31:56","guid":{"rendered":"http:\/\/barroca.com.br\/site\/?p=2000"},"modified":"2011-09-21T23:31:56","modified_gmt":"2011-09-22T02:31:56","slug":"clubes-recreativos-estao-na-mira-da-verticalizacao","status":"publish","type":"post","link":"https:\/\/barroca.com.br\/site\/clubes-recreativos-estao-na-mira-da-verticalizacao\/","title":{"rendered":"Clubes recreativos est\u00e3o na mira da verticaliza\u00e7\u00e3o"},"content":{"rendered":"<p>No Barroca T\u00eanis Clube, as obras de verticaliza\u00e7\u00e3o come\u00e7ar\u00e3o neste m\u00eas, af irma\u00e7\u00e3o o presidente Giovani Oliveira Magalh\u00e3es, destacando que durante a negocia\u00e7\u00e3o de parte da \u00e1rea de 10 mil m\u00b2, em meados de 2009, ficou definido que clube cederia 2.623 m\u00b2 do terreno \u00e0 Patrimar. Em troca, neste m\u00eas, come\u00e7a a ser constru\u00eddo um pr\u00e9dio de tr\u00eas andares. Desde a assinatura do contrato, todas as d\u00edvidas foram quitadas. O neg\u00f3cio, segundo um membro do conselho, que pediu sigilo do nome, girou em torno R$ 5,5 milh\u00f5es. \u201cTemos mais de 7 mil m\u00b2 de \u00e1rea e novo layout, com instala\u00e7\u00f5es mais modernas; conseguiremos sobreviver\u201d, afirma Magalh\u00e3es. A expectativa, ap\u00f3s o t\u00e9rmino das obras, \u00e9 chegar a 1. 400 s\u00f3cios, aumento de 45% em compara\u00e7\u00e3o com os 920 cadastrados: \u201cA previs\u00e3o \u00e9 aumentar o valor da cota ap\u00f3s as obras, porque o clube ir\u00e1 se valorizar\u201d.<\/p>\n<blockquote><p>\n<a href=\"http:\/\/barroca.com.br\/antigo_site\/wp-content\/uploads\/2011\/09\/verticalizacao-clubes.pdf\" target=\"_blank\" rel=\"noopener noreferrer\">Download do arquivo . PDF<\/a><br \/>\n<a href=\"http:\/\/barroca.com.br\/antigo_site\/wp-content\/uploads\/2011\/09\/verticalizacao-clubes.jpg\"><img loading=\"lazy\" decoding=\"async\" class=\"size-medium wp-image-2004 alignnone\" title=\"Verticaliza\u00e7\u00e3o de clubes \u00e9 tend\u00eancia\" src=\"http:\/\/barroca.com.br\/antigo_site\/wp-content\/uploads\/2011\/09\/verticalizacao-clubes-168x300.jpg\" alt=\"\" width=\"168\" height=\"300\" \/><\/a>\n<\/p><\/blockquote>\n<p>Fonte: Caderno Classificados<br \/>\nP\u00c1GINA1- BELOHORIZONTE, S\u00c1BADO,3\/9\/2011<br \/>\nEDITORA: ROSANGELA GUIMAR\u00c3ES- 3236-8015<br \/>\nclassificados_comercial@hojeemdia.com.br    \t<\/p>\n","protected":false},"excerpt":{"rendered":"<p>No Barroca T\u00eanis Clube, as obras de verticaliza\u00e7\u00e3o come\u00e7ar\u00e3o neste m\u00eas, af irma\u00e7\u00e3o o presidente Giovani Oliveira Magalh\u00e3es, destacando que durante a negocia\u00e7\u00e3o de parte da \u00e1rea de 10 mil m\u00b2, em meados de 2009, ficou definido que clube cederia 2.623 m\u00b2 do terreno \u00e0 Patrimar. Em troca, neste m\u00eas, come\u00e7a a ser constru\u00eddo um [&hellip;]<\/p>\n","protected":false},"author":1,"featured_media":4349,"comment_status":"open","ping_status":"open","sticky":false,"template":"","format":"standard","meta":{"_acf_changed":false,"footnotes":""},"categories":[29,28,45],"tags":[21,37,172,44],"class_list":["post-5045","post","type-post","status-publish","format-standard","has-post-thumbnail","hentry","category-barroca","category-na-midia","category-projeto-novo-barroca","tag-barroca","tag-carousel","tag-na-midia-2","tag-novo-barroca"],"acf":[],"yoast_head":"<!-- This site is optimized with the Yoast SEO plugin v27.9 - https:\/\/yoast.com\/product\/yoast-seo-wordpress\/ -->\n<title>Clubes recreativos est\u00e3o na mira da verticaliza\u00e7\u00e3o - Barroca T\u00eanis Clube<\/title>\n<meta name=\"robots\" content=\"index, follow, max-snippet:-1, max-image-preview:large, max-video-preview:-1\" \/>\n<link rel=\"canonical\" href=\"https:\/\/barroca.com.br\/site\/clubes-recreativos-estao-na-mira-da-verticalizacao\/\" \/>\n<meta property=\"og:locale\" content=\"pt_BR\" \/>\n<meta property=\"og:type\" content=\"article\" \/>\n<meta property=\"og:title\" content=\"Clubes recreativos est\u00e3o na mira da verticaliza\u00e7\u00e3o - Barroca T\u00eanis Clube\" \/>\n<meta property=\"og:description\" content=\"No Barroca T\u00eanis Clube, as obras de verticaliza\u00e7\u00e3o come\u00e7ar\u00e3o neste m\u00eas, af irma\u00e7\u00e3o o presidente Giovani Oliveira Magalh\u00e3es, destacando que durante a negocia\u00e7\u00e3o de parte da \u00e1rea de 10 mil m\u00b2, em meados de 2009, ficou definido que clube cederia 2.623 m\u00b2 do terreno \u00e0 Patrimar. Em troca, neste m\u00eas, come\u00e7a a ser constru\u00eddo um [&hellip;]\" \/>\n<meta property=\"og:url\" content=\"https:\/\/barroca.com.br\/site\/clubes-recreativos-estao-na-mira-da-verticalizacao\/\" \/>\n<meta property=\"og:site_name\" content=\"Barroca T\u00eanis Clube\" \/>\n<meta property=\"article:published_time\" content=\"2011-09-22T02:31:56+00:00\" \/>\n<meta property=\"og:image\" content=\"https:\/\/barroca.com.br\/site\/wp-content\/uploads\/2011\/09\/verticalizacao-clubes-pq.jpg\" \/>\n\t<meta property=\"og:image:width\" content=\"300\" \/>\n\t<meta property=\"og:image:height\" content=\"225\" \/>\n\t<meta property=\"og:image:type\" content=\"image\/jpeg\" \/>\n<meta name=\"author\" content=\"admin\" \/>\n<meta name=\"twitter:card\" content=\"summary_large_image\" \/>\n<meta name=\"twitter:label1\" content=\"Escrito por\" \/>\n\t<meta name=\"twitter:data1\" content=\"admin\" \/>\n\t<meta name=\"twitter:label2\" content=\"Est. tempo de leitura\" \/>\n\t<meta name=\"twitter:data2\" content=\"1 minuto\" \/>\n<script type=\"application\/ld+json\" class=\"yoast-schema-graph\">{\"@context\":\"https:\\\/\\\/schema.org\",\"@graph\":[{\"@type\":\"Article\",\"@id\":\"https:\\\/\\\/barroca.com.br\\\/site\\\/clubes-recreativos-estao-na-mira-da-verticalizacao\\\/#article\",\"isPartOf\":{\"@id\":\"https:\\\/\\\/barroca.com.br\\\/site\\\/clubes-recreativos-estao-na-mira-da-verticalizacao\\\/\"},\"author\":{\"name\":\"admin\",\"@id\":\"https:\\\/\\\/barroca.com.br\\\/site\\\/#\\\/schema\\\/person\\\/4bd3687d5c267a5c16eebc047aec4c87\"},\"headline\":\"Clubes recreativos est\u00e3o na mira da verticaliza\u00e7\u00e3o\",\"datePublished\":\"2011-09-22T02:31:56+00:00\",\"mainEntityOfPage\":{\"@id\":\"https:\\\/\\\/barroca.com.br\\\/site\\\/clubes-recreativos-estao-na-mira-da-verticalizacao\\\/\"},\"wordCount\":189,\"commentCount\":0,\"image\":{\"@id\":\"https:\\\/\\\/barroca.com.br\\\/site\\\/clubes-recreativos-estao-na-mira-da-verticalizacao\\\/#primaryimage\"},\"thumbnailUrl\":\"https:\\\/\\\/barroca.com.br\\\/site\\\/wp-content\\\/uploads\\\/2011\\\/09\\\/verticalizacao-clubes-pq.jpg\",\"keywords\":[\"Barroca\",\"Carousel\",\"Na m\u00eddia\",\"Novo Barroca\"],\"articleSection\":[\"Barroca\",\"Na Midia\",\"Projeto Novo Barroca\"],\"inLanguage\":\"pt-BR\",\"potentialAction\":[{\"@type\":\"CommentAction\",\"name\":\"Comment\",\"target\":[\"https:\\\/\\\/barroca.com.br\\\/site\\\/clubes-recreativos-estao-na-mira-da-verticalizacao\\\/#respond\"]}]},{\"@type\":\"WebPage\",\"@id\":\"https:\\\/\\\/barroca.com.br\\\/site\\\/clubes-recreativos-estao-na-mira-da-verticalizacao\\\/\",\"url\":\"https:\\\/\\\/barroca.com.br\\\/site\\\/clubes-recreativos-estao-na-mira-da-verticalizacao\\\/\",\"name\":\"Clubes recreativos est\u00e3o na mira da verticaliza\u00e7\u00e3o - Barroca T\u00eanis Clube\",\"isPartOf\":{\"@id\":\"https:\\\/\\\/barroca.com.br\\\/site\\\/#website\"},\"primaryImageOfPage\":{\"@id\":\"https:\\\/\\\/barroca.com.br\\\/site\\\/clubes-recreativos-estao-na-mira-da-verticalizacao\\\/#primaryimage\"},\"image\":{\"@id\":\"https:\\\/\\\/barroca.com.br\\\/site\\\/clubes-recreativos-estao-na-mira-da-verticalizacao\\\/#primaryimage\"},\"thumbnailUrl\":\"https:\\\/\\\/barroca.com.br\\\/site\\\/wp-content\\\/uploads\\\/2011\\\/09\\\/verticalizacao-clubes-pq.jpg\",\"datePublished\":\"2011-09-22T02:31:56+00:00\",\"author\":{\"@id\":\"https:\\\/\\\/barroca.com.br\\\/site\\\/#\\\/schema\\\/person\\\/4bd3687d5c267a5c16eebc047aec4c87\"},\"breadcrumb\":{\"@id\":\"https:\\\/\\\/barroca.com.br\\\/site\\\/clubes-recreativos-estao-na-mira-da-verticalizacao\\\/#breadcrumb\"},\"inLanguage\":\"pt-BR\",\"potentialAction\":[{\"@type\":\"ReadAction\",\"target\":[\"https:\\\/\\\/barroca.com.br\\\/site\\\/clubes-recreativos-estao-na-mira-da-verticalizacao\\\/\"]}]},{\"@type\":\"ImageObject\",\"inLanguage\":\"pt-BR\",\"@id\":\"https:\\\/\\\/barroca.com.br\\\/site\\\/clubes-recreativos-estao-na-mira-da-verticalizacao\\\/#primaryimage\",\"url\":\"https:\\\/\\\/barroca.com.br\\\/site\\\/wp-content\\\/uploads\\\/2011\\\/09\\\/verticalizacao-clubes-pq.jpg\",\"contentUrl\":\"https:\\\/\\\/barroca.com.br\\\/site\\\/wp-content\\\/uploads\\\/2011\\\/09\\\/verticalizacao-clubes-pq.jpg\",\"width\":300,\"height\":225},{\"@type\":\"BreadcrumbList\",\"@id\":\"https:\\\/\\\/barroca.com.br\\\/site\\\/clubes-recreativos-estao-na-mira-da-verticalizacao\\\/#breadcrumb\",\"itemListElement\":[{\"@type\":\"ListItem\",\"position\":1,\"name\":\"Home\",\"item\":\"https:\\\/\\\/barroca.com.br\\\/site\\\/\"},{\"@type\":\"ListItem\",\"position\":2,\"name\":\"Clubes recreativos est\u00e3o na mira da verticaliza\u00e7\u00e3o\"}]},{\"@type\":\"WebSite\",\"@id\":\"https:\\\/\\\/barroca.com.br\\\/site\\\/#website\",\"url\":\"https:\\\/\\\/barroca.com.br\\\/site\\\/\",\"name\":\"Barroca T\u00eanis Clube\",\"description\":\"\",\"potentialAction\":[{\"@type\":\"SearchAction\",\"target\":{\"@type\":\"EntryPoint\",\"urlTemplate\":\"https:\\\/\\\/barroca.com.br\\\/site\\\/?s={search_term_string}\"},\"query-input\":{\"@type\":\"PropertyValueSpecification\",\"valueRequired\":true,\"valueName\":\"search_term_string\"}}],\"inLanguage\":\"pt-BR\"},{\"@type\":\"Person\",\"@id\":\"https:\\\/\\\/barroca.com.br\\\/site\\\/#\\\/schema\\\/person\\\/4bd3687d5c267a5c16eebc047aec4c87\",\"name\":\"admin\",\"image\":{\"@type\":\"ImageObject\",\"inLanguage\":\"pt-BR\",\"@id\":\"https:\\\/\\\/secure.gravatar.com\\\/avatar\\\/2f804b64370abb1c325d1a425a3701ad3e11f373042be8a0ecf9f97248534775?s=96&d=mm&r=g\",\"url\":\"https:\\\/\\\/secure.gravatar.com\\\/avatar\\\/2f804b64370abb1c325d1a425a3701ad3e11f373042be8a0ecf9f97248534775?s=96&d=mm&r=g\",\"contentUrl\":\"https:\\\/\\\/secure.gravatar.com\\\/avatar\\\/2f804b64370abb1c325d1a425a3701ad3e11f373042be8a0ecf9f97248534775?s=96&d=mm&r=g\",\"caption\":\"admin\"},\"sameAs\":[\"http:\\\/\\\/barroca.com.br\\\/site\"],\"url\":\"https:\\\/\\\/barroca.com.br\\\/site\\\/author\\\/admin\\\/\"}]}<\/script>\n<!-- \/ Yoast SEO plugin. -->","yoast_head_json":{"title":"Clubes recreativos est\u00e3o na mira da verticaliza\u00e7\u00e3o - Barroca T\u00eanis Clube","robots":{"index":"index","follow":"follow","max-snippet":"max-snippet:-1","max-image-preview":"max-image-preview:large","max-video-preview":"max-video-preview:-1"},"canonical":"https:\/\/barroca.com.br\/site\/clubes-recreativos-estao-na-mira-da-verticalizacao\/","og_locale":"pt_BR","og_type":"article","og_title":"Clubes recreativos est\u00e3o na mira da verticaliza\u00e7\u00e3o - Barroca T\u00eanis Clube","og_description":"No Barroca T\u00eanis Clube, as obras de verticaliza\u00e7\u00e3o come\u00e7ar\u00e3o neste m\u00eas, af irma\u00e7\u00e3o o presidente Giovani Oliveira Magalh\u00e3es, destacando que durante a negocia\u00e7\u00e3o de parte da \u00e1rea de 10 mil m\u00b2, em meados de 2009, ficou definido que clube cederia 2.623 m\u00b2 do terreno \u00e0 Patrimar. Em troca, neste m\u00eas, come\u00e7a a ser constru\u00eddo um [&hellip;]","og_url":"https:\/\/barroca.com.br\/site\/clubes-recreativos-estao-na-mira-da-verticalizacao\/","og_site_name":"Barroca T\u00eanis Clube","article_published_time":"2011-09-22T02:31:56+00:00","og_image":[{"width":300,"height":225,"url":"https:\/\/barroca.com.br\/site\/wp-content\/uploads\/2011\/09\/verticalizacao-clubes-pq.jpg","type":"image\/jpeg"}],"author":"admin","twitter_card":"summary_large_image","twitter_misc":{"Escrito por":"admin","Est. tempo de leitura":"1 minuto"},"schema":{"@context":"https:\/\/schema.org","@graph":[{"@type":"Article","@id":"https:\/\/barroca.com.br\/site\/clubes-recreativos-estao-na-mira-da-verticalizacao\/#article","isPartOf":{"@id":"https:\/\/barroca.com.br\/site\/clubes-recreativos-estao-na-mira-da-verticalizacao\/"},"author":{"name":"admin","@id":"https:\/\/barroca.com.br\/site\/#\/schema\/person\/4bd3687d5c267a5c16eebc047aec4c87"},"headline":"Clubes recreativos est\u00e3o na mira da verticaliza\u00e7\u00e3o","datePublished":"2011-09-22T02:31:56+00:00","mainEntityOfPage":{"@id":"https:\/\/barroca.com.br\/site\/clubes-recreativos-estao-na-mira-da-verticalizacao\/"},"wordCount":189,"commentCount":0,"image":{"@id":"https:\/\/barroca.com.br\/site\/clubes-recreativos-estao-na-mira-da-verticalizacao\/#primaryimage"},"thumbnailUrl":"https:\/\/barroca.com.br\/site\/wp-content\/uploads\/2011\/09\/verticalizacao-clubes-pq.jpg","keywords":["Barroca","Carousel","Na m\u00eddia","Novo Barroca"],"articleSection":["Barroca","Na Midia","Projeto Novo Barroca"],"inLanguage":"pt-BR","potentialAction":[{"@type":"CommentAction","name":"Comment","target":["https:\/\/barroca.com.br\/site\/clubes-recreativos-estao-na-mira-da-verticalizacao\/#respond"]}]},{"@type":"WebPage","@id":"https:\/\/barroca.com.br\/site\/clubes-recreativos-estao-na-mira-da-verticalizacao\/","url":"https:\/\/barroca.com.br\/site\/clubes-recreativos-estao-na-mira-da-verticalizacao\/","name":"Clubes recreativos est\u00e3o na mira da verticaliza\u00e7\u00e3o - Barroca T\u00eanis Clube","isPartOf":{"@id":"https:\/\/barroca.com.br\/site\/#website"},"primaryImageOfPage":{"@id":"https:\/\/barroca.com.br\/site\/clubes-recreativos-estao-na-mira-da-verticalizacao\/#primaryimage"},"image":{"@id":"https:\/\/barroca.com.br\/site\/clubes-recreativos-estao-na-mira-da-verticalizacao\/#primaryimage"},"thumbnailUrl":"https:\/\/barroca.com.br\/site\/wp-content\/uploads\/2011\/09\/verticalizacao-clubes-pq.jpg","datePublished":"2011-09-22T02:31:56+00:00","author":{"@id":"https:\/\/barroca.com.br\/site\/#\/schema\/person\/4bd3687d5c267a5c16eebc047aec4c87"},"breadcrumb":{"@id":"https:\/\/barroca.com.br\/site\/clubes-recreativos-estao-na-mira-da-verticalizacao\/#breadcrumb"},"inLanguage":"pt-BR","potentialAction":[{"@type":"ReadAction","target":["https:\/\/barroca.com.br\/site\/clubes-recreativos-estao-na-mira-da-verticalizacao\/"]}]},{"@type":"ImageObject","inLanguage":"pt-BR","@id":"https:\/\/barroca.com.br\/site\/clubes-recreativos-estao-na-mira-da-verticalizacao\/#primaryimage","url":"https:\/\/barroca.com.br\/site\/wp-content\/uploads\/2011\/09\/verticalizacao-clubes-pq.jpg","contentUrl":"https:\/\/barroca.com.br\/site\/wp-content\/uploads\/2011\/09\/verticalizacao-clubes-pq.jpg","width":300,"height":225},{"@type":"BreadcrumbList","@id":"https:\/\/barroca.com.br\/site\/clubes-recreativos-estao-na-mira-da-verticalizacao\/#breadcrumb","itemListElement":[{"@type":"ListItem","position":1,"name":"Home","item":"https:\/\/barroca.com.br\/site\/"},{"@type":"ListItem","position":2,"name":"Clubes recreativos est\u00e3o na mira da verticaliza\u00e7\u00e3o"}]},{"@type":"WebSite","@id":"https:\/\/barroca.com.br\/site\/#website","url":"https:\/\/barroca.com.br\/site\/","name":"Barroca T\u00eanis Clube","description":"","potentialAction":[{"@type":"SearchAction","target":{"@type":"EntryPoint","urlTemplate":"https:\/\/barroca.com.br\/site\/?s={search_term_string}"},"query-input":{"@type":"PropertyValueSpecification","valueRequired":true,"valueName":"search_term_string"}}],"inLanguage":"pt-BR"},{"@type":"Person","@id":"https:\/\/barroca.com.br\/site\/#\/schema\/person\/4bd3687d5c267a5c16eebc047aec4c87","name":"admin","image":{"@type":"ImageObject","inLanguage":"pt-BR","@id":"https:\/\/secure.gravatar.com\/avatar\/2f804b64370abb1c325d1a425a3701ad3e11f373042be8a0ecf9f97248534775?s=96&d=mm&r=g","url":"https:\/\/secure.gravatar.com\/avatar\/2f804b64370abb1c325d1a425a3701ad3e11f373042be8a0ecf9f97248534775?s=96&d=mm&r=g","contentUrl":"https:\/\/secure.gravatar.com\/avatar\/2f804b64370abb1c325d1a425a3701ad3e11f373042be8a0ecf9f97248534775?s=96&d=mm&r=g","caption":"admin"},"sameAs":["http:\/\/barroca.com.br\/site"],"url":"https:\/\/barroca.com.br\/site\/author\/admin\/"}]}},"_links":{"self":[{"href":"https:\/\/barroca.com.br\/site\/wp-json\/wp\/v2\/posts\/5045","targetHints":{"allow":["GET"]}}],"collection":[{"href":"https:\/\/barroca.com.br\/site\/wp-json\/wp\/v2\/posts"}],"about":[{"href":"https:\/\/barroca.com.br\/site\/wp-json\/wp\/v2\/types\/post"}],"author":[{"embeddable":true,"href":"https:\/\/barroca.com.br\/site\/wp-json\/wp\/v2\/users\/1"}],"replies":[{"embeddable":true,"href":"https:\/\/barroca.com.br\/site\/wp-json\/wp\/v2\/comments?post=5045"}],"version-history":[{"count":0,"href":"https:\/\/barroca.com.br\/site\/wp-json\/wp\/v2\/posts\/5045\/revisions"}],"wp:featuredmedia":[{"embeddable":true,"href":"https:\/\/barroca.com.br\/site\/wp-json\/wp\/v2\/media\/4349"}],"wp:attachment":[{"href":"https:\/\/barroca.com.br\/site\/wp-json\/wp\/v2\/media?parent=5045"}],"wp:term":[{"taxonomy":"category","embeddable":true,"href":"https:\/\/barroca.com.br\/site\/wp-json\/wp\/v2\/categories?post=5045"},{"taxonomy":"post_tag","embeddable":true,"href":"https:\/\/barroca.com.br\/site\/wp-json\/wp\/v2\/tags?post=5045"}],"curies":[{"name":"wp","href":"https:\/\/api.w.org\/{rel}","templated":true}]}}