{"id":5010,"date":"2011-01-06T13:43:42","date_gmt":"2011-01-06T16:43:42","guid":{"rendered":"http:\/\/www.barrocanet.com\/site\/?p=1224"},"modified":"2011-01-06T13:43:42","modified_gmt":"2011-01-06T16:43:42","slug":"colonia-de-ferias-edicao-janeiro-de-2011","status":"publish","type":"post","link":"https:\/\/barroca.com.br\/site\/colonia-de-ferias-edicao-janeiro-de-2011\/","title":{"rendered":"Col\u00f4nia de F\u00e9rias &#8211; Edi\u00e7\u00e3o Janeiro de 2011"},"content":{"rendered":"<p>Come\u00e7ou no dia 03 de janeiro de 2011 a Col\u00f4nia de F\u00e9rias do Barroca, que tem como tema &#8216;Parque de Divers\u00f5es&#8217;.<br \/>\nClique na imagem para ampliar.<\/p>\n<p><a href=\"http:\/\/barroca.com.br\/antigo_site\/wp-content\/uploads\/2011\/01\/folder-colonia-de-ferias2.jpg\"><img loading=\"lazy\" decoding=\"async\" class=\"alignnone size-medium wp-image-1226\" title=\"Col\u00f4nia de F\u00e9rias Barroca T\u00eanis Clube - Janeiro 2011\" src=\"http:\/\/barroca.com.br\/antigo_site\/wp-content\/uploads\/2011\/01\/folder-colonia-de-ferias2-357x500.jpg\" alt=\"\" width=\"357\" height=\"500\" \/><\/a><\/p>\n<p><strong>PER\u00cdODO: <\/strong>3 a 28 de janeiro de 2011, de 2\u00aa a 6\u00aa feira<\/p>\n<p><strong>IDADE\/P\u00daBLICO:<\/strong> 3 a 12 anos, para s\u00f3cios e convidados<\/p>\n<p><strong>HOR\u00c1RIOS:<\/strong><br \/>\nINTEGRAL: De 8:00h \u00e0s 17:30h<br \/>\nMEIO PER\u00cdODO: De 8:00h \u00e0s 12:00h e de 13:30h \u00e0s 17:30h<br \/>\n<strong><br \/>\nVALORES:<\/strong><br \/>\nA- 1 semana (meio per\u00edodo): R$ 175 para s\u00f3cios \/ R$ 215 n\u00e3o s\u00f3cios<br \/>\nB- 1 semana (per\u00edodo integral): R$ 215 para s\u00f3cios \/ R$ 255 n\u00e3o s\u00f3cios<br \/>\nC- 1 dia (meio per\u00edodo): R$ 40 para s\u00f3cios \/ R$ 55 n\u00e3o s\u00f3cios<br \/>\nD- 1 dia (per\u00edodo integral): R$ 55 para s\u00f3cios \/ R$ 69 n\u00e3o s\u00f3cios<\/p>\n<p><strong>PROGRAMA\u00c7\u00c3O:<\/strong><br \/>\nFutebol, Basquete, V\u00f4lei, T\u00eanis, Nata\u00e7\u00e3o, Softbol, Golfe, Muay Thai, Capoeira, Gin\u00e1stica Art\u00edstica e R\u00edtmica, Dan\u00e7a, Artes manuais (desenho, pintura, escultura), Jud\u00f4, Atletismo, Gincanas, Jogos Folcl\u00f3ricos\/Culturais, Festas, passeios externos, entre outros.<br \/>\n<strong><br \/>\nPASSEIOS EXTERNOS:<\/strong> Play City e Parque Guanabara (confirmado!)<br \/>\n<strong><br \/>\nINSCRI\u00c7\u00c3O E INFORMA\u00c7\u00d5ES:<\/strong><br \/>\n31 8693-2322 \/ nosecret2008@hotmail.com<\/p>\n<p><strong>DIRE\u00c7\u00c3O:<\/strong> Professor Gislon P. Santos \/ CREF 13007-G\/MG<br \/>\nNO SECRET! Esporte sem Segredo<\/p>\n<p>Obs: Programa\u00e7\u00e3o e valores sujeitos a mudan\u00e7as.    \t<\/p>\n","protected":false},"excerpt":{"rendered":"<p>Come\u00e7ou no dia 03 de janeiro de 2011 a Col\u00f4nia de F\u00e9rias do Barroca, que tem como tema &#8216;Parque de Divers\u00f5es&#8217;. Clique na imagem para ampliar. PER\u00cdODO: 3 a 28 de janeiro de 2011, de 2\u00aa a 6\u00aa feira IDADE\/P\u00daBLICO: 3 a 12 anos, para s\u00f3cios e convidados HOR\u00c1RIOS: INTEGRAL: De 8:00h \u00e0s 17:30h MEIO [&hellip;]<\/p>\n","protected":false},"author":1,"featured_media":0,"comment_status":"open","ping_status":"open","sticky":false,"template":"","format":"standard","meta":{"_acf_changed":false,"footnotes":""},"categories":[29,20],"tags":[41,19,87],"class_list":["post-5010","post","type-post","status-publish","format-standard","hentry","category-barroca","category-eventos","tag-colonia-de-ferias","tag-destaques","tag-parceiros"],"acf":[],"yoast_head":"<!-- This site is optimized with the Yoast SEO plugin v27.9 - https:\/\/yoast.com\/product\/yoast-seo-wordpress\/ -->\n<title>Col\u00f4nia de F\u00e9rias - Edi\u00e7\u00e3o Janeiro de 2011 - Barroca T\u00eanis Clube<\/title>\n<meta name=\"robots\" content=\"index, follow, max-snippet:-1, max-image-preview:large, max-video-preview:-1\" \/>\n<link rel=\"canonical\" href=\"https:\/\/barroca.com.br\/site\/colonia-de-ferias-edicao-janeiro-de-2011\/\" \/>\n<meta property=\"og:locale\" content=\"pt_BR\" \/>\n<meta property=\"og:type\" content=\"article\" \/>\n<meta property=\"og:title\" content=\"Col\u00f4nia de F\u00e9rias - Edi\u00e7\u00e3o Janeiro de 2011 - Barroca T\u00eanis Clube\" \/>\n<meta property=\"og:description\" content=\"Come\u00e7ou no dia 03 de janeiro de 2011 a Col\u00f4nia de F\u00e9rias do Barroca, que tem como tema &#8216;Parque de Divers\u00f5es&#8217;. Clique na imagem para ampliar. PER\u00cdODO: 3 a 28 de janeiro de 2011, de 2\u00aa a 6\u00aa feira IDADE\/P\u00daBLICO: 3 a 12 anos, para s\u00f3cios e convidados HOR\u00c1RIOS: INTEGRAL: De 8:00h \u00e0s 17:30h MEIO [&hellip;]\" \/>\n<meta property=\"og:url\" content=\"https:\/\/barroca.com.br\/site\/colonia-de-ferias-edicao-janeiro-de-2011\/\" \/>\n<meta property=\"og:site_name\" content=\"Barroca T\u00eanis Clube\" \/>\n<meta property=\"article:published_time\" content=\"2011-01-06T16:43:42+00:00\" \/>\n<meta property=\"og:image\" content=\"http:\/\/barroca.com.br\/antigo_site\/wp-content\/uploads\/2011\/01\/folder-colonia-de-ferias2-357x500.jpg\" \/>\n<meta name=\"author\" content=\"admin\" \/>\n<meta name=\"twitter:card\" content=\"summary_large_image\" \/>\n<meta name=\"twitter:label1\" content=\"Escrito por\" \/>\n\t<meta name=\"twitter:data1\" content=\"admin\" \/>\n\t<meta name=\"twitter:label2\" content=\"Est. tempo de leitura\" \/>\n\t<meta name=\"twitter:data2\" content=\"1 minuto\" \/>\n<script type=\"application\/ld+json\" class=\"yoast-schema-graph\">{\"@context\":\"https:\\\/\\\/schema.org\",\"@graph\":[{\"@type\":\"Article\",\"@id\":\"https:\\\/\\\/barroca.com.br\\\/site\\\/colonia-de-ferias-edicao-janeiro-de-2011\\\/#article\",\"isPartOf\":{\"@id\":\"https:\\\/\\\/barroca.com.br\\\/site\\\/colonia-de-ferias-edicao-janeiro-de-2011\\\/\"},\"author\":{\"name\":\"admin\",\"@id\":\"https:\\\/\\\/barroca.com.br\\\/site\\\/#\\\/schema\\\/person\\\/4bd3687d5c267a5c16eebc047aec4c87\"},\"headline\":\"Col\u00f4nia de F\u00e9rias &#8211; Edi\u00e7\u00e3o Janeiro de 2011\",\"datePublished\":\"2011-01-06T16:43:42+00:00\",\"mainEntityOfPage\":{\"@id\":\"https:\\\/\\\/barroca.com.br\\\/site\\\/colonia-de-ferias-edicao-janeiro-de-2011\\\/\"},\"wordCount\":214,\"commentCount\":0,\"image\":{\"@id\":\"https:\\\/\\\/barroca.com.br\\\/site\\\/colonia-de-ferias-edicao-janeiro-de-2011\\\/#primaryimage\"},\"thumbnailUrl\":\"http:\\\/\\\/barroca.com.br\\\/antigo_site\\\/wp-content\\\/uploads\\\/2011\\\/01\\\/folder-colonia-de-ferias2-357x500.jpg\",\"keywords\":[\"col\u00f4nia de f\u00e9rias\",\"Destaques\",\"Parceiros\"],\"articleSection\":[\"Barroca\",\"Eventos\"],\"inLanguage\":\"pt-BR\",\"potentialAction\":[{\"@type\":\"CommentAction\",\"name\":\"Comment\",\"target\":[\"https:\\\/\\\/barroca.com.br\\\/site\\\/colonia-de-ferias-edicao-janeiro-de-2011\\\/#respond\"]}]},{\"@type\":\"WebPage\",\"@id\":\"https:\\\/\\\/barroca.com.br\\\/site\\\/colonia-de-ferias-edicao-janeiro-de-2011\\\/\",\"url\":\"https:\\\/\\\/barroca.com.br\\\/site\\\/colonia-de-ferias-edicao-janeiro-de-2011\\\/\",\"name\":\"Col\u00f4nia de F\u00e9rias - Edi\u00e7\u00e3o Janeiro de 2011 - Barroca T\u00eanis Clube\",\"isPartOf\":{\"@id\":\"https:\\\/\\\/barroca.com.br\\\/site\\\/#website\"},\"primaryImageOfPage\":{\"@id\":\"https:\\\/\\\/barroca.com.br\\\/site\\\/colonia-de-ferias-edicao-janeiro-de-2011\\\/#primaryimage\"},\"image\":{\"@id\":\"https:\\\/\\\/barroca.com.br\\\/site\\\/colonia-de-ferias-edicao-janeiro-de-2011\\\/#primaryimage\"},\"thumbnailUrl\":\"http:\\\/\\\/barroca.com.br\\\/antigo_site\\\/wp-content\\\/uploads\\\/2011\\\/01\\\/folder-colonia-de-ferias2-357x500.jpg\",\"datePublished\":\"2011-01-06T16:43:42+00:00\",\"author\":{\"@id\":\"https:\\\/\\\/barroca.com.br\\\/site\\\/#\\\/schema\\\/person\\\/4bd3687d5c267a5c16eebc047aec4c87\"},\"breadcrumb\":{\"@id\":\"https:\\\/\\\/barroca.com.br\\\/site\\\/colonia-de-ferias-edicao-janeiro-de-2011\\\/#breadcrumb\"},\"inLanguage\":\"pt-BR\",\"potentialAction\":[{\"@type\":\"ReadAction\",\"target\":[\"https:\\\/\\\/barroca.com.br\\\/site\\\/colonia-de-ferias-edicao-janeiro-de-2011\\\/\"]}]},{\"@type\":\"ImageObject\",\"inLanguage\":\"pt-BR\",\"@id\":\"https:\\\/\\\/barroca.com.br\\\/site\\\/colonia-de-ferias-edicao-janeiro-de-2011\\\/#primaryimage\",\"url\":\"http:\\\/\\\/barroca.com.br\\\/antigo_site\\\/wp-content\\\/uploads\\\/2011\\\/01\\\/folder-colonia-de-ferias2-357x500.jpg\",\"contentUrl\":\"http:\\\/\\\/barroca.com.br\\\/antigo_site\\\/wp-content\\\/uploads\\\/2011\\\/01\\\/folder-colonia-de-ferias2-357x500.jpg\"},{\"@type\":\"BreadcrumbList\",\"@id\":\"https:\\\/\\\/barroca.com.br\\\/site\\\/colonia-de-ferias-edicao-janeiro-de-2011\\\/#breadcrumb\",\"itemListElement\":[{\"@type\":\"ListItem\",\"position\":1,\"name\":\"Home\",\"item\":\"https:\\\/\\\/barroca.com.br\\\/site\\\/\"},{\"@type\":\"ListItem\",\"position\":2,\"name\":\"Col\u00f4nia de F\u00e9rias &#8211; Edi\u00e7\u00e3o Janeiro de 2011\"}]},{\"@type\":\"WebSite\",\"@id\":\"https:\\\/\\\/barroca.com.br\\\/site\\\/#website\",\"url\":\"https:\\\/\\\/barroca.com.br\\\/site\\\/\",\"name\":\"Barroca T\u00eanis Clube\",\"description\":\"\",\"potentialAction\":[{\"@type\":\"SearchAction\",\"target\":{\"@type\":\"EntryPoint\",\"urlTemplate\":\"https:\\\/\\\/barroca.com.br\\\/site\\\/?s={search_term_string}\"},\"query-input\":{\"@type\":\"PropertyValueSpecification\",\"valueRequired\":true,\"valueName\":\"search_term_string\"}}],\"inLanguage\":\"pt-BR\"},{\"@type\":\"Person\",\"@id\":\"https:\\\/\\\/barroca.com.br\\\/site\\\/#\\\/schema\\\/person\\\/4bd3687d5c267a5c16eebc047aec4c87\",\"name\":\"admin\",\"image\":{\"@type\":\"ImageObject\",\"inLanguage\":\"pt-BR\",\"@id\":\"https:\\\/\\\/secure.gravatar.com\\\/avatar\\\/2f804b64370abb1c325d1a425a3701ad3e11f373042be8a0ecf9f97248534775?s=96&d=mm&r=g\",\"url\":\"https:\\\/\\\/secure.gravatar.com\\\/avatar\\\/2f804b64370abb1c325d1a425a3701ad3e11f373042be8a0ecf9f97248534775?s=96&d=mm&r=g\",\"contentUrl\":\"https:\\\/\\\/secure.gravatar.com\\\/avatar\\\/2f804b64370abb1c325d1a425a3701ad3e11f373042be8a0ecf9f97248534775?s=96&d=mm&r=g\",\"caption\":\"admin\"},\"sameAs\":[\"http:\\\/\\\/barroca.com.br\\\/site\"],\"url\":\"https:\\\/\\\/barroca.com.br\\\/site\\\/author\\\/admin\\\/\"}]}<\/script>\n<!-- \/ Yoast SEO plugin. -->","yoast_head_json":{"title":"Col\u00f4nia de F\u00e9rias - Edi\u00e7\u00e3o Janeiro de 2011 - Barroca T\u00eanis Clube","robots":{"index":"index","follow":"follow","max-snippet":"max-snippet:-1","max-image-preview":"max-image-preview:large","max-video-preview":"max-video-preview:-1"},"canonical":"https:\/\/barroca.com.br\/site\/colonia-de-ferias-edicao-janeiro-de-2011\/","og_locale":"pt_BR","og_type":"article","og_title":"Col\u00f4nia de F\u00e9rias - Edi\u00e7\u00e3o Janeiro de 2011 - Barroca T\u00eanis Clube","og_description":"Come\u00e7ou no dia 03 de janeiro de 2011 a Col\u00f4nia de F\u00e9rias do Barroca, que tem como tema &#8216;Parque de Divers\u00f5es&#8217;. Clique na imagem para ampliar. PER\u00cdODO: 3 a 28 de janeiro de 2011, de 2\u00aa a 6\u00aa feira IDADE\/P\u00daBLICO: 3 a 12 anos, para s\u00f3cios e convidados HOR\u00c1RIOS: INTEGRAL: De 8:00h \u00e0s 17:30h MEIO [&hellip;]","og_url":"https:\/\/barroca.com.br\/site\/colonia-de-ferias-edicao-janeiro-de-2011\/","og_site_name":"Barroca T\u00eanis Clube","article_published_time":"2011-01-06T16:43:42+00:00","og_image":[{"url":"http:\/\/barroca.com.br\/antigo_site\/wp-content\/uploads\/2011\/01\/folder-colonia-de-ferias2-357x500.jpg","type":"","width":"","height":""}],"author":"admin","twitter_card":"summary_large_image","twitter_misc":{"Escrito por":"admin","Est. tempo de leitura":"1 minuto"},"schema":{"@context":"https:\/\/schema.org","@graph":[{"@type":"Article","@id":"https:\/\/barroca.com.br\/site\/colonia-de-ferias-edicao-janeiro-de-2011\/#article","isPartOf":{"@id":"https:\/\/barroca.com.br\/site\/colonia-de-ferias-edicao-janeiro-de-2011\/"},"author":{"name":"admin","@id":"https:\/\/barroca.com.br\/site\/#\/schema\/person\/4bd3687d5c267a5c16eebc047aec4c87"},"headline":"Col\u00f4nia de F\u00e9rias &#8211; Edi\u00e7\u00e3o Janeiro de 2011","datePublished":"2011-01-06T16:43:42+00:00","mainEntityOfPage":{"@id":"https:\/\/barroca.com.br\/site\/colonia-de-ferias-edicao-janeiro-de-2011\/"},"wordCount":214,"commentCount":0,"image":{"@id":"https:\/\/barroca.com.br\/site\/colonia-de-ferias-edicao-janeiro-de-2011\/#primaryimage"},"thumbnailUrl":"http:\/\/barroca.com.br\/antigo_site\/wp-content\/uploads\/2011\/01\/folder-colonia-de-ferias2-357x500.jpg","keywords":["col\u00f4nia de f\u00e9rias","Destaques","Parceiros"],"articleSection":["Barroca","Eventos"],"inLanguage":"pt-BR","potentialAction":[{"@type":"CommentAction","name":"Comment","target":["https:\/\/barroca.com.br\/site\/colonia-de-ferias-edicao-janeiro-de-2011\/#respond"]}]},{"@type":"WebPage","@id":"https:\/\/barroca.com.br\/site\/colonia-de-ferias-edicao-janeiro-de-2011\/","url":"https:\/\/barroca.com.br\/site\/colonia-de-ferias-edicao-janeiro-de-2011\/","name":"Col\u00f4nia de F\u00e9rias - Edi\u00e7\u00e3o Janeiro de 2011 - Barroca T\u00eanis Clube","isPartOf":{"@id":"https:\/\/barroca.com.br\/site\/#website"},"primaryImageOfPage":{"@id":"https:\/\/barroca.com.br\/site\/colonia-de-ferias-edicao-janeiro-de-2011\/#primaryimage"},"image":{"@id":"https:\/\/barroca.com.br\/site\/colonia-de-ferias-edicao-janeiro-de-2011\/#primaryimage"},"thumbnailUrl":"http:\/\/barroca.com.br\/antigo_site\/wp-content\/uploads\/2011\/01\/folder-colonia-de-ferias2-357x500.jpg","datePublished":"2011-01-06T16:43:42+00:00","author":{"@id":"https:\/\/barroca.com.br\/site\/#\/schema\/person\/4bd3687d5c267a5c16eebc047aec4c87"},"breadcrumb":{"@id":"https:\/\/barroca.com.br\/site\/colonia-de-ferias-edicao-janeiro-de-2011\/#breadcrumb"},"inLanguage":"pt-BR","potentialAction":[{"@type":"ReadAction","target":["https:\/\/barroca.com.br\/site\/colonia-de-ferias-edicao-janeiro-de-2011\/"]}]},{"@type":"ImageObject","inLanguage":"pt-BR","@id":"https:\/\/barroca.com.br\/site\/colonia-de-ferias-edicao-janeiro-de-2011\/#primaryimage","url":"http:\/\/barroca.com.br\/antigo_site\/wp-content\/uploads\/2011\/01\/folder-colonia-de-ferias2-357x500.jpg","contentUrl":"http:\/\/barroca.com.br\/antigo_site\/wp-content\/uploads\/2011\/01\/folder-colonia-de-ferias2-357x500.jpg"},{"@type":"BreadcrumbList","@id":"https:\/\/barroca.com.br\/site\/colonia-de-ferias-edicao-janeiro-de-2011\/#breadcrumb","itemListElement":[{"@type":"ListItem","position":1,"name":"Home","item":"https:\/\/barroca.com.br\/site\/"},{"@type":"ListItem","position":2,"name":"Col\u00f4nia de F\u00e9rias &#8211; Edi\u00e7\u00e3o Janeiro de 2011"}]},{"@type":"WebSite","@id":"https:\/\/barroca.com.br\/site\/#website","url":"https:\/\/barroca.com.br\/site\/","name":"Barroca T\u00eanis Clube","description":"","potentialAction":[{"@type":"SearchAction","target":{"@type":"EntryPoint","urlTemplate":"https:\/\/barroca.com.br\/site\/?s={search_term_string}"},"query-input":{"@type":"PropertyValueSpecification","valueRequired":true,"valueName":"search_term_string"}}],"inLanguage":"pt-BR"},{"@type":"Person","@id":"https:\/\/barroca.com.br\/site\/#\/schema\/person\/4bd3687d5c267a5c16eebc047aec4c87","name":"admin","image":{"@type":"ImageObject","inLanguage":"pt-BR","@id":"https:\/\/secure.gravatar.com\/avatar\/2f804b64370abb1c325d1a425a3701ad3e11f373042be8a0ecf9f97248534775?s=96&d=mm&r=g","url":"https:\/\/secure.gravatar.com\/avatar\/2f804b64370abb1c325d1a425a3701ad3e11f373042be8a0ecf9f97248534775?s=96&d=mm&r=g","contentUrl":"https:\/\/secure.gravatar.com\/avatar\/2f804b64370abb1c325d1a425a3701ad3e11f373042be8a0ecf9f97248534775?s=96&d=mm&r=g","caption":"admin"},"sameAs":["http:\/\/barroca.com.br\/site"],"url":"https:\/\/barroca.com.br\/site\/author\/admin\/"}]}},"_links":{"self":[{"href":"https:\/\/barroca.com.br\/site\/wp-json\/wp\/v2\/posts\/5010","targetHints":{"allow":["GET"]}}],"collection":[{"href":"https:\/\/barroca.com.br\/site\/wp-json\/wp\/v2\/posts"}],"about":[{"href":"https:\/\/barroca.com.br\/site\/wp-json\/wp\/v2\/types\/post"}],"author":[{"embeddable":true,"href":"https:\/\/barroca.com.br\/site\/wp-json\/wp\/v2\/users\/1"}],"replies":[{"embeddable":true,"href":"https:\/\/barroca.com.br\/site\/wp-json\/wp\/v2\/comments?post=5010"}],"version-history":[{"count":0,"href":"https:\/\/barroca.com.br\/site\/wp-json\/wp\/v2\/posts\/5010\/revisions"}],"wp:attachment":[{"href":"https:\/\/barroca.com.br\/site\/wp-json\/wp\/v2\/media?parent=5010"}],"wp:term":[{"taxonomy":"category","embeddable":true,"href":"https:\/\/barroca.com.br\/site\/wp-json\/wp\/v2\/categories?post=5010"},{"taxonomy":"post_tag","embeddable":true,"href":"https:\/\/barroca.com.br\/site\/wp-json\/wp\/v2\/tags?post=5010"}],"curies":[{"name":"wp","href":"https:\/\/api.w.org\/{rel}","templated":true}]}}