{"id":4963,"date":"2010-03-12T10:45:29","date_gmt":"2010-03-12T13:45:29","guid":{"rendered":"http:\/\/www.barrocanet.com\/site\/?p=868"},"modified":"2010-03-12T10:45:29","modified_gmt":"2010-03-12T13:45:29","slug":"bem-vindos-ao-barroca","status":"publish","type":"post","link":"https:\/\/barroca.com.br\/site\/bem-vindos-ao-barroca\/","title":{"rendered":"Bem-vindos ao Barroca"},"content":{"rendered":"<p>Durante os \u00faltimos meses, tivemos um ingresso significativo de novos s\u00f3cios no Barroca. A todos eles damos as nossas boas-vindas, com a certeza de que fortalecem ainda mais a grande fam\u00edlia barroquense. O Barroca T\u00eanis Clube teve sua pedra fundamental lan\u00e7ada em 9 de mar\u00e7o de 1958. E a festa de inaugura\u00e7\u00e3o aconteceu em 15 de novembro de 1961. Desde ent\u00e3o j\u00e1 s\u00e3o 52 anos de muitas hist\u00f3rias, conquistas e realiza\u00e7\u00f5es.<\/p>\n<p>Localizado bem no cora\u00e7\u00e3o do Gutierrez, o Barroca \u00e9 uma das melhores op\u00e7\u00f5es de lazer da capital. Cerca de 3.400 s\u00f3cios (n\u00ba aproximado, entre s\u00f3cios e dependentes), podem desfrutar de uma estrutura de quase 10.000 metros2 com parque aqu\u00e1tico, sal\u00e3o de jogos, biblioteca e um amplo complexo esportivo.<\/p>\n<p><strong>Raio-X<\/strong><\/p>\n<ul>\n<li> 4 piscinas (1 Ol\u00edmpica, 1 m\u00e9dia e 2 infantis)<\/li>\n<li>Gin\u00e1sio Poliesportivo, com quadras utilizadas para futsal, v\u00f4lei, peteca, basquete e outras atividades;<\/li>\n<li>2 quadras de t\u00eanis e 3 quadras de peteca<\/li>\n<li>1 Campo de futebol de areia<\/li>\n<li>Restaurante e Lanchonete<\/li>\n<li>Sal\u00e3o de Jogos<\/li>\n<li>Biblioteca com vasto acervo para os s\u00f3cios<\/li>\n<li>Parque Infantil<\/li>\n<li>Sal\u00e3o de Festas (atualmente distribu\u00eddo em salas, alocadas por nossos parceiros). Esses parceiros realizam, em conjunto com o Barroca T\u00eanis Clube, aulas diversas que s\u00e3o oferecidas para s\u00f3cios e n\u00e3o s\u00f3cios do clube. Alguns dos esportes realizados s\u00e3o: Esgrima, Jud\u00f4, Taekwondo, Pilates, Nata\u00e7\u00e3o, dentre outros.<\/li>\n<\/ul>\n<p><a href=\"http:\/\/www.barrocanet.com\/site\/wp-content\/uploads\/2010\/03\/foto-panoramica_btc.jpg\"><img loading=\"lazy\" decoding=\"async\" class=\"alignnone size-full wp-image-869\" title=\"Foto panor\u00e2mica Barroca T\u00eanis Clube\" src=\"http:\/\/www.barrocanet.com\/site\/wp-content\/uploads\/2010\/03\/foto-panoramica_btc.jpg\" alt=\"\" width=\"590\" height=\"605\" \/><\/a><\/p>\n<ul><\/ul>\n","protected":false},"excerpt":{"rendered":"<p>Durante os \u00faltimos meses, tivemos um ingresso significativo de novos s\u00f3cios no Barroca. A todos eles damos as nossas boas-vindas, com a certeza de que fortalecem ainda mais a grande fam\u00edlia barroquense. O Barroca T\u00eanis Clube teve sua pedra fundamental lan\u00e7ada em 9 de mar\u00e7o de 1958. E a festa de inaugura\u00e7\u00e3o aconteceu em 15 [&hellip;]<\/p>\n","protected":false},"author":1,"featured_media":0,"comment_status":"open","ping_status":"open","sticky":false,"template":"","format":"standard","meta":{"_acf_changed":false,"footnotes":""},"categories":[35],"tags":[21],"class_list":["post-4963","post","type-post","status-publish","format-standard","hentry","category-btc-informa","tag-barroca"],"acf":[],"yoast_head":"<!-- This site is optimized with the Yoast SEO plugin v27.9 - https:\/\/yoast.com\/product\/yoast-seo-wordpress\/ -->\n<title>Bem-vindos ao Barroca - Barroca T\u00eanis Clube<\/title>\n<meta name=\"robots\" content=\"index, follow, max-snippet:-1, max-image-preview:large, max-video-preview:-1\" \/>\n<link rel=\"canonical\" href=\"https:\/\/barroca.com.br\/site\/bem-vindos-ao-barroca\/\" \/>\n<meta property=\"og:locale\" content=\"pt_BR\" \/>\n<meta property=\"og:type\" content=\"article\" \/>\n<meta property=\"og:title\" content=\"Bem-vindos ao Barroca - Barroca T\u00eanis Clube\" \/>\n<meta property=\"og:description\" content=\"Durante os \u00faltimos meses, tivemos um ingresso significativo de novos s\u00f3cios no Barroca. A todos eles damos as nossas boas-vindas, com a certeza de que fortalecem ainda mais a grande fam\u00edlia barroquense. O Barroca T\u00eanis Clube teve sua pedra fundamental lan\u00e7ada em 9 de mar\u00e7o de 1958. E a festa de inaugura\u00e7\u00e3o aconteceu em 15 [&hellip;]\" \/>\n<meta property=\"og:url\" content=\"https:\/\/barroca.com.br\/site\/bem-vindos-ao-barroca\/\" \/>\n<meta property=\"og:site_name\" content=\"Barroca T\u00eanis Clube\" \/>\n<meta property=\"article:published_time\" content=\"2010-03-12T13:45:29+00:00\" \/>\n<meta property=\"og:image\" content=\"http:\/\/www.barrocanet.com\/site\/wp-content\/uploads\/2010\/03\/foto-panoramica_btc.jpg\" \/>\n<meta name=\"author\" content=\"admin\" \/>\n<meta name=\"twitter:card\" content=\"summary_large_image\" \/>\n<meta name=\"twitter:label1\" content=\"Escrito por\" \/>\n\t<meta name=\"twitter:data1\" content=\"admin\" \/>\n\t<meta name=\"twitter:label2\" content=\"Est. tempo de leitura\" \/>\n\t<meta name=\"twitter:data2\" content=\"1 minuto\" \/>\n<script type=\"application\/ld+json\" class=\"yoast-schema-graph\">{\"@context\":\"https:\\\/\\\/schema.org\",\"@graph\":[{\"@type\":\"Article\",\"@id\":\"https:\\\/\\\/barroca.com.br\\\/site\\\/bem-vindos-ao-barroca\\\/#article\",\"isPartOf\":{\"@id\":\"https:\\\/\\\/barroca.com.br\\\/site\\\/bem-vindos-ao-barroca\\\/\"},\"author\":{\"name\":\"admin\",\"@id\":\"https:\\\/\\\/barroca.com.br\\\/site\\\/#\\\/schema\\\/person\\\/4bd3687d5c267a5c16eebc047aec4c87\"},\"headline\":\"Bem-vindos ao Barroca\",\"datePublished\":\"2010-03-12T13:45:29+00:00\",\"mainEntityOfPage\":{\"@id\":\"https:\\\/\\\/barroca.com.br\\\/site\\\/bem-vindos-ao-barroca\\\/\"},\"wordCount\":237,\"commentCount\":0,\"image\":{\"@id\":\"https:\\\/\\\/barroca.com.br\\\/site\\\/bem-vindos-ao-barroca\\\/#primaryimage\"},\"thumbnailUrl\":\"http:\\\/\\\/www.barrocanet.com\\\/site\\\/wp-content\\\/uploads\\\/2010\\\/03\\\/foto-panoramica_btc.jpg\",\"keywords\":[\"Barroca\"],\"articleSection\":[\"BTC Informa\"],\"inLanguage\":\"pt-BR\",\"potentialAction\":[{\"@type\":\"CommentAction\",\"name\":\"Comment\",\"target\":[\"https:\\\/\\\/barroca.com.br\\\/site\\\/bem-vindos-ao-barroca\\\/#respond\"]}]},{\"@type\":\"WebPage\",\"@id\":\"https:\\\/\\\/barroca.com.br\\\/site\\\/bem-vindos-ao-barroca\\\/\",\"url\":\"https:\\\/\\\/barroca.com.br\\\/site\\\/bem-vindos-ao-barroca\\\/\",\"name\":\"Bem-vindos ao Barroca - Barroca T\u00eanis Clube\",\"isPartOf\":{\"@id\":\"https:\\\/\\\/barroca.com.br\\\/site\\\/#website\"},\"primaryImageOfPage\":{\"@id\":\"https:\\\/\\\/barroca.com.br\\\/site\\\/bem-vindos-ao-barroca\\\/#primaryimage\"},\"image\":{\"@id\":\"https:\\\/\\\/barroca.com.br\\\/site\\\/bem-vindos-ao-barroca\\\/#primaryimage\"},\"thumbnailUrl\":\"http:\\\/\\\/www.barrocanet.com\\\/site\\\/wp-content\\\/uploads\\\/2010\\\/03\\\/foto-panoramica_btc.jpg\",\"datePublished\":\"2010-03-12T13:45:29+00:00\",\"author\":{\"@id\":\"https:\\\/\\\/barroca.com.br\\\/site\\\/#\\\/schema\\\/person\\\/4bd3687d5c267a5c16eebc047aec4c87\"},\"breadcrumb\":{\"@id\":\"https:\\\/\\\/barroca.com.br\\\/site\\\/bem-vindos-ao-barroca\\\/#breadcrumb\"},\"inLanguage\":\"pt-BR\",\"potentialAction\":[{\"@type\":\"ReadAction\",\"target\":[\"https:\\\/\\\/barroca.com.br\\\/site\\\/bem-vindos-ao-barroca\\\/\"]}]},{\"@type\":\"ImageObject\",\"inLanguage\":\"pt-BR\",\"@id\":\"https:\\\/\\\/barroca.com.br\\\/site\\\/bem-vindos-ao-barroca\\\/#primaryimage\",\"url\":\"http:\\\/\\\/www.barrocanet.com\\\/site\\\/wp-content\\\/uploads\\\/2010\\\/03\\\/foto-panoramica_btc.jpg\",\"contentUrl\":\"http:\\\/\\\/www.barrocanet.com\\\/site\\\/wp-content\\\/uploads\\\/2010\\\/03\\\/foto-panoramica_btc.jpg\"},{\"@type\":\"BreadcrumbList\",\"@id\":\"https:\\\/\\\/barroca.com.br\\\/site\\\/bem-vindos-ao-barroca\\\/#breadcrumb\",\"itemListElement\":[{\"@type\":\"ListItem\",\"position\":1,\"name\":\"Home\",\"item\":\"https:\\\/\\\/barroca.com.br\\\/site\\\/\"},{\"@type\":\"ListItem\",\"position\":2,\"name\":\"Bem-vindos ao Barroca\"}]},{\"@type\":\"WebSite\",\"@id\":\"https:\\\/\\\/barroca.com.br\\\/site\\\/#website\",\"url\":\"https:\\\/\\\/barroca.com.br\\\/site\\\/\",\"name\":\"Barroca T\u00eanis Clube\",\"description\":\"\",\"potentialAction\":[{\"@type\":\"SearchAction\",\"target\":{\"@type\":\"EntryPoint\",\"urlTemplate\":\"https:\\\/\\\/barroca.com.br\\\/site\\\/?s={search_term_string}\"},\"query-input\":{\"@type\":\"PropertyValueSpecification\",\"valueRequired\":true,\"valueName\":\"search_term_string\"}}],\"inLanguage\":\"pt-BR\"},{\"@type\":\"Person\",\"@id\":\"https:\\\/\\\/barroca.com.br\\\/site\\\/#\\\/schema\\\/person\\\/4bd3687d5c267a5c16eebc047aec4c87\",\"name\":\"admin\",\"image\":{\"@type\":\"ImageObject\",\"inLanguage\":\"pt-BR\",\"@id\":\"https:\\\/\\\/secure.gravatar.com\\\/avatar\\\/2f804b64370abb1c325d1a425a3701ad3e11f373042be8a0ecf9f97248534775?s=96&d=mm&r=g\",\"url\":\"https:\\\/\\\/secure.gravatar.com\\\/avatar\\\/2f804b64370abb1c325d1a425a3701ad3e11f373042be8a0ecf9f97248534775?s=96&d=mm&r=g\",\"contentUrl\":\"https:\\\/\\\/secure.gravatar.com\\\/avatar\\\/2f804b64370abb1c325d1a425a3701ad3e11f373042be8a0ecf9f97248534775?s=96&d=mm&r=g\",\"caption\":\"admin\"},\"sameAs\":[\"http:\\\/\\\/barroca.com.br\\\/site\"],\"url\":\"https:\\\/\\\/barroca.com.br\\\/site\\\/author\\\/admin\\\/\"}]}<\/script>\n<!-- \/ Yoast SEO plugin. -->","yoast_head_json":{"title":"Bem-vindos ao Barroca - Barroca T\u00eanis Clube","robots":{"index":"index","follow":"follow","max-snippet":"max-snippet:-1","max-image-preview":"max-image-preview:large","max-video-preview":"max-video-preview:-1"},"canonical":"https:\/\/barroca.com.br\/site\/bem-vindos-ao-barroca\/","og_locale":"pt_BR","og_type":"article","og_title":"Bem-vindos ao Barroca - Barroca T\u00eanis Clube","og_description":"Durante os \u00faltimos meses, tivemos um ingresso significativo de novos s\u00f3cios no Barroca. A todos eles damos as nossas boas-vindas, com a certeza de que fortalecem ainda mais a grande fam\u00edlia barroquense. O Barroca T\u00eanis Clube teve sua pedra fundamental lan\u00e7ada em 9 de mar\u00e7o de 1958. E a festa de inaugura\u00e7\u00e3o aconteceu em 15 [&hellip;]","og_url":"https:\/\/barroca.com.br\/site\/bem-vindos-ao-barroca\/","og_site_name":"Barroca T\u00eanis Clube","article_published_time":"2010-03-12T13:45:29+00:00","og_image":[{"url":"http:\/\/www.barrocanet.com\/site\/wp-content\/uploads\/2010\/03\/foto-panoramica_btc.jpg","type":"","width":"","height":""}],"author":"admin","twitter_card":"summary_large_image","twitter_misc":{"Escrito por":"admin","Est. tempo de leitura":"1 minuto"},"schema":{"@context":"https:\/\/schema.org","@graph":[{"@type":"Article","@id":"https:\/\/barroca.com.br\/site\/bem-vindos-ao-barroca\/#article","isPartOf":{"@id":"https:\/\/barroca.com.br\/site\/bem-vindos-ao-barroca\/"},"author":{"name":"admin","@id":"https:\/\/barroca.com.br\/site\/#\/schema\/person\/4bd3687d5c267a5c16eebc047aec4c87"},"headline":"Bem-vindos ao Barroca","datePublished":"2010-03-12T13:45:29+00:00","mainEntityOfPage":{"@id":"https:\/\/barroca.com.br\/site\/bem-vindos-ao-barroca\/"},"wordCount":237,"commentCount":0,"image":{"@id":"https:\/\/barroca.com.br\/site\/bem-vindos-ao-barroca\/#primaryimage"},"thumbnailUrl":"http:\/\/www.barrocanet.com\/site\/wp-content\/uploads\/2010\/03\/foto-panoramica_btc.jpg","keywords":["Barroca"],"articleSection":["BTC Informa"],"inLanguage":"pt-BR","potentialAction":[{"@type":"CommentAction","name":"Comment","target":["https:\/\/barroca.com.br\/site\/bem-vindos-ao-barroca\/#respond"]}]},{"@type":"WebPage","@id":"https:\/\/barroca.com.br\/site\/bem-vindos-ao-barroca\/","url":"https:\/\/barroca.com.br\/site\/bem-vindos-ao-barroca\/","name":"Bem-vindos ao Barroca - Barroca T\u00eanis Clube","isPartOf":{"@id":"https:\/\/barroca.com.br\/site\/#website"},"primaryImageOfPage":{"@id":"https:\/\/barroca.com.br\/site\/bem-vindos-ao-barroca\/#primaryimage"},"image":{"@id":"https:\/\/barroca.com.br\/site\/bem-vindos-ao-barroca\/#primaryimage"},"thumbnailUrl":"http:\/\/www.barrocanet.com\/site\/wp-content\/uploads\/2010\/03\/foto-panoramica_btc.jpg","datePublished":"2010-03-12T13:45:29+00:00","author":{"@id":"https:\/\/barroca.com.br\/site\/#\/schema\/person\/4bd3687d5c267a5c16eebc047aec4c87"},"breadcrumb":{"@id":"https:\/\/barroca.com.br\/site\/bem-vindos-ao-barroca\/#breadcrumb"},"inLanguage":"pt-BR","potentialAction":[{"@type":"ReadAction","target":["https:\/\/barroca.com.br\/site\/bem-vindos-ao-barroca\/"]}]},{"@type":"ImageObject","inLanguage":"pt-BR","@id":"https:\/\/barroca.com.br\/site\/bem-vindos-ao-barroca\/#primaryimage","url":"http:\/\/www.barrocanet.com\/site\/wp-content\/uploads\/2010\/03\/foto-panoramica_btc.jpg","contentUrl":"http:\/\/www.barrocanet.com\/site\/wp-content\/uploads\/2010\/03\/foto-panoramica_btc.jpg"},{"@type":"BreadcrumbList","@id":"https:\/\/barroca.com.br\/site\/bem-vindos-ao-barroca\/#breadcrumb","itemListElement":[{"@type":"ListItem","position":1,"name":"Home","item":"https:\/\/barroca.com.br\/site\/"},{"@type":"ListItem","position":2,"name":"Bem-vindos ao Barroca"}]},{"@type":"WebSite","@id":"https:\/\/barroca.com.br\/site\/#website","url":"https:\/\/barroca.com.br\/site\/","name":"Barroca T\u00eanis Clube","description":"","potentialAction":[{"@type":"SearchAction","target":{"@type":"EntryPoint","urlTemplate":"https:\/\/barroca.com.br\/site\/?s={search_term_string}"},"query-input":{"@type":"PropertyValueSpecification","valueRequired":true,"valueName":"search_term_string"}}],"inLanguage":"pt-BR"},{"@type":"Person","@id":"https:\/\/barroca.com.br\/site\/#\/schema\/person\/4bd3687d5c267a5c16eebc047aec4c87","name":"admin","image":{"@type":"ImageObject","inLanguage":"pt-BR","@id":"https:\/\/secure.gravatar.com\/avatar\/2f804b64370abb1c325d1a425a3701ad3e11f373042be8a0ecf9f97248534775?s=96&d=mm&r=g","url":"https:\/\/secure.gravatar.com\/avatar\/2f804b64370abb1c325d1a425a3701ad3e11f373042be8a0ecf9f97248534775?s=96&d=mm&r=g","contentUrl":"https:\/\/secure.gravatar.com\/avatar\/2f804b64370abb1c325d1a425a3701ad3e11f373042be8a0ecf9f97248534775?s=96&d=mm&r=g","caption":"admin"},"sameAs":["http:\/\/barroca.com.br\/site"],"url":"https:\/\/barroca.com.br\/site\/author\/admin\/"}]}},"_links":{"self":[{"href":"https:\/\/barroca.com.br\/site\/wp-json\/wp\/v2\/posts\/4963","targetHints":{"allow":["GET"]}}],"collection":[{"href":"https:\/\/barroca.com.br\/site\/wp-json\/wp\/v2\/posts"}],"about":[{"href":"https:\/\/barroca.com.br\/site\/wp-json\/wp\/v2\/types\/post"}],"author":[{"embeddable":true,"href":"https:\/\/barroca.com.br\/site\/wp-json\/wp\/v2\/users\/1"}],"replies":[{"embeddable":true,"href":"https:\/\/barroca.com.br\/site\/wp-json\/wp\/v2\/comments?post=4963"}],"version-history":[{"count":0,"href":"https:\/\/barroca.com.br\/site\/wp-json\/wp\/v2\/posts\/4963\/revisions"}],"wp:attachment":[{"href":"https:\/\/barroca.com.br\/site\/wp-json\/wp\/v2\/media?parent=4963"}],"wp:term":[{"taxonomy":"category","embeddable":true,"href":"https:\/\/barroca.com.br\/site\/wp-json\/wp\/v2\/categories?post=4963"},{"taxonomy":"post_tag","embeddable":true,"href":"https:\/\/barroca.com.br\/site\/wp-json\/wp\/v2\/tags?post=4963"}],"curies":[{"name":"wp","href":"https:\/\/api.w.org\/{rel}","templated":true}]}}