{"id":4926,"date":"2009-06-18T14:36:39","date_gmt":"2009-06-18T17:36:39","guid":{"rendered":"http:\/\/www.barrocanet.com\/site\/?p=653"},"modified":"2009-06-18T14:36:39","modified_gmt":"2009-06-18T17:36:39","slug":"historia-de-amor-no-mes-dos-namorados","status":"publish","type":"post","link":"https:\/\/barroca.com.br\/site\/historia-de-amor-no-mes-dos-namorados\/","title":{"rendered":"Hist\u00f3ria de amor no m\u00eas dos namorados"},"content":{"rendered":"<p><img loading=\"lazy\" decoding=\"async\" class=\"alignright size-thumbnail wp-image-654\" title=\"O casal de namorados Marina e Ricardo\" src=\"http:\/\/www.barrocanet.com\/site\/wp-content\/uploads\/2009\/06\/marina_ricardo-150x150.jpg\" alt=\"O casal de namorados Marina e Ricardo\" width=\"150\" height=\"150\" \/>No m\u00eas dos namorados, o site do Barroca homenageia os cora\u00e7\u00f5es apaixonados nessa data t\u00e3o especial. Para representar todos os s\u00f3cios do clube que se entregaram \u00e0 magia do amor, a s\u00f3cia Marina Sad Navarro, de 17 anos, conta as del\u00edcias de namorar e ser namorado. Marina namora com Ricardo h\u00e1 um ano e meio. Eles se conheceram ainda no 1\u00ba ano do col\u00e9gio, quando Ricardo foi para a sala dela. Depois de um per\u00edodo de tr\u00eas meses no chamado &#8216;ficar&#8217;, a rela\u00e7\u00e3o deu um passo a frente. \u201cQuando foi ficando mais s\u00e9rio, ele me pediu em namoro pela primeira vez, mas eu n\u00e3o aceitei.<\/p>\n<p>Depois ele faria uma viagem para a Nova Zel\u00e2ndia, que durou dois meses. Neste tempo, continuamos a manter contato e quando ele voltou, fez o pedido novamente. E dessa vez eu aceitei\u201d, afirma Marina. N\u00e3o foi a toa. Marina reconhece que tem uma pessoa especial ao lado dela e se declara para o namorado: \u201cO Ricardo \u00e9 um homem admir\u00e1vel. O seu carisma, carinho e companheirismo nos trazem \u00f3timos momentos juntos, me proporcionando um dos sentimentos que mais prezo em minha vida, a felicidade. Al\u00e9m disso, \u00e9 compreensivo, nos dando liberdade para partilhar nossas id\u00e9ias e sentimentos, contribuindo para o nosso amadurecimento. \u00c9 \u00f3timo t\u00ea-lo como namorado e eu o considero muito especial\u201d. Para Marina, o mais importante em uma rela\u00e7\u00e3o \u00e9 o respeito: \u201c\u00c9 do respeito que nasce o companheirismo, o carinho e a partir disso passamos a ter confian\u00e7a um no outro. Acreditamos que com esses valores um relacionamento tem, apesar das brigas, potencial para que dure\u201d, diz.<\/p>\n<p>N\u00e3o diferente de todos os casais apaixonados, Marina acredita que o Dia dos Namorados \u00e9 uma data que deva ser lembrada com todo carinho: \u201cO Dia dos Namorados \u00e9 um dia em que relembramos a nossa hist\u00f3ria, como tudo come\u00e7ou e avaliamos o que passamos desde o in\u00edcio at\u00e9 a hoje. Este dia, portanto, \u00e9 um dia muito especial para n\u00f3s\u201d, aponta.    \t<\/p>\n","protected":false},"excerpt":{"rendered":"<p>No m\u00eas dos namorados, o site do Barroca homenageia os cora\u00e7\u00f5es apaixonados nessa data t\u00e3o especial. Para representar todos os s\u00f3cios do clube que se entregaram \u00e0 magia do amor, a s\u00f3cia Marina Sad Navarro, de 17 anos, conta as del\u00edcias de namorar e ser namorado. Marina namora com Ricardo h\u00e1 um ano e meio. [&hellip;]<\/p>\n","protected":false},"author":1,"featured_media":0,"comment_status":"open","ping_status":"open","sticky":false,"template":"","format":"standard","meta":{"_acf_changed":false,"footnotes":""},"categories":[35],"tags":[21],"class_list":["post-4926","post","type-post","status-publish","format-standard","hentry","category-btc-informa","tag-barroca"],"acf":[],"yoast_head":"<!-- This site is optimized with the Yoast SEO plugin v27.9 - https:\/\/yoast.com\/product\/yoast-seo-wordpress\/ -->\n<title>Hist\u00f3ria de amor no m\u00eas dos namorados - Barroca T\u00eanis Clube<\/title>\n<meta name=\"robots\" content=\"index, follow, max-snippet:-1, max-image-preview:large, max-video-preview:-1\" \/>\n<link rel=\"canonical\" href=\"https:\/\/barroca.com.br\/site\/historia-de-amor-no-mes-dos-namorados\/\" \/>\n<meta property=\"og:locale\" content=\"pt_BR\" \/>\n<meta property=\"og:type\" content=\"article\" \/>\n<meta property=\"og:title\" content=\"Hist\u00f3ria de amor no m\u00eas dos namorados - Barroca T\u00eanis Clube\" \/>\n<meta property=\"og:description\" content=\"No m\u00eas dos namorados, o site do Barroca homenageia os cora\u00e7\u00f5es apaixonados nessa data t\u00e3o especial. Para representar todos os s\u00f3cios do clube que se entregaram \u00e0 magia do amor, a s\u00f3cia Marina Sad Navarro, de 17 anos, conta as del\u00edcias de namorar e ser namorado. Marina namora com Ricardo h\u00e1 um ano e meio. [&hellip;]\" \/>\n<meta property=\"og:url\" content=\"https:\/\/barroca.com.br\/site\/historia-de-amor-no-mes-dos-namorados\/\" \/>\n<meta property=\"og:site_name\" content=\"Barroca T\u00eanis Clube\" \/>\n<meta property=\"article:published_time\" content=\"2009-06-18T17:36:39+00:00\" \/>\n<meta property=\"og:image\" content=\"http:\/\/www.barrocanet.com\/site\/wp-content\/uploads\/2009\/06\/marina_ricardo-150x150.jpg\" \/>\n<meta name=\"author\" content=\"admin\" \/>\n<meta name=\"twitter:card\" content=\"summary_large_image\" \/>\n<meta name=\"twitter:label1\" content=\"Escrito por\" \/>\n\t<meta name=\"twitter:data1\" content=\"admin\" \/>\n\t<meta name=\"twitter:label2\" content=\"Est. tempo de leitura\" \/>\n\t<meta name=\"twitter:data2\" content=\"2 minutos\" \/>\n<script type=\"application\/ld+json\" class=\"yoast-schema-graph\">{\"@context\":\"https:\\\/\\\/schema.org\",\"@graph\":[{\"@type\":\"Article\",\"@id\":\"https:\\\/\\\/barroca.com.br\\\/site\\\/historia-de-amor-no-mes-dos-namorados\\\/#article\",\"isPartOf\":{\"@id\":\"https:\\\/\\\/barroca.com.br\\\/site\\\/historia-de-amor-no-mes-dos-namorados\\\/\"},\"author\":{\"name\":\"admin\",\"@id\":\"https:\\\/\\\/barroca.com.br\\\/site\\\/#\\\/schema\\\/person\\\/4bd3687d5c267a5c16eebc047aec4c87\"},\"headline\":\"Hist\u00f3ria de amor no m\u00eas dos namorados\",\"datePublished\":\"2009-06-18T17:36:39+00:00\",\"mainEntityOfPage\":{\"@id\":\"https:\\\/\\\/barroca.com.br\\\/site\\\/historia-de-amor-no-mes-dos-namorados\\\/\"},\"wordCount\":350,\"commentCount\":0,\"image\":{\"@id\":\"https:\\\/\\\/barroca.com.br\\\/site\\\/historia-de-amor-no-mes-dos-namorados\\\/#primaryimage\"},\"thumbnailUrl\":\"http:\\\/\\\/www.barrocanet.com\\\/site\\\/wp-content\\\/uploads\\\/2009\\\/06\\\/marina_ricardo-150x150.jpg\",\"keywords\":[\"Barroca\"],\"articleSection\":[\"BTC Informa\"],\"inLanguage\":\"pt-BR\",\"potentialAction\":[{\"@type\":\"CommentAction\",\"name\":\"Comment\",\"target\":[\"https:\\\/\\\/barroca.com.br\\\/site\\\/historia-de-amor-no-mes-dos-namorados\\\/#respond\"]}]},{\"@type\":\"WebPage\",\"@id\":\"https:\\\/\\\/barroca.com.br\\\/site\\\/historia-de-amor-no-mes-dos-namorados\\\/\",\"url\":\"https:\\\/\\\/barroca.com.br\\\/site\\\/historia-de-amor-no-mes-dos-namorados\\\/\",\"name\":\"Hist\u00f3ria de amor no m\u00eas dos namorados - Barroca T\u00eanis Clube\",\"isPartOf\":{\"@id\":\"https:\\\/\\\/barroca.com.br\\\/site\\\/#website\"},\"primaryImageOfPage\":{\"@id\":\"https:\\\/\\\/barroca.com.br\\\/site\\\/historia-de-amor-no-mes-dos-namorados\\\/#primaryimage\"},\"image\":{\"@id\":\"https:\\\/\\\/barroca.com.br\\\/site\\\/historia-de-amor-no-mes-dos-namorados\\\/#primaryimage\"},\"thumbnailUrl\":\"http:\\\/\\\/www.barrocanet.com\\\/site\\\/wp-content\\\/uploads\\\/2009\\\/06\\\/marina_ricardo-150x150.jpg\",\"datePublished\":\"2009-06-18T17:36:39+00:00\",\"author\":{\"@id\":\"https:\\\/\\\/barroca.com.br\\\/site\\\/#\\\/schema\\\/person\\\/4bd3687d5c267a5c16eebc047aec4c87\"},\"breadcrumb\":{\"@id\":\"https:\\\/\\\/barroca.com.br\\\/site\\\/historia-de-amor-no-mes-dos-namorados\\\/#breadcrumb\"},\"inLanguage\":\"pt-BR\",\"potentialAction\":[{\"@type\":\"ReadAction\",\"target\":[\"https:\\\/\\\/barroca.com.br\\\/site\\\/historia-de-amor-no-mes-dos-namorados\\\/\"]}]},{\"@type\":\"ImageObject\",\"inLanguage\":\"pt-BR\",\"@id\":\"https:\\\/\\\/barroca.com.br\\\/site\\\/historia-de-amor-no-mes-dos-namorados\\\/#primaryimage\",\"url\":\"http:\\\/\\\/www.barrocanet.com\\\/site\\\/wp-content\\\/uploads\\\/2009\\\/06\\\/marina_ricardo-150x150.jpg\",\"contentUrl\":\"http:\\\/\\\/www.barrocanet.com\\\/site\\\/wp-content\\\/uploads\\\/2009\\\/06\\\/marina_ricardo-150x150.jpg\"},{\"@type\":\"BreadcrumbList\",\"@id\":\"https:\\\/\\\/barroca.com.br\\\/site\\\/historia-de-amor-no-mes-dos-namorados\\\/#breadcrumb\",\"itemListElement\":[{\"@type\":\"ListItem\",\"position\":1,\"name\":\"Home\",\"item\":\"https:\\\/\\\/barroca.com.br\\\/site\\\/\"},{\"@type\":\"ListItem\",\"position\":2,\"name\":\"Hist\u00f3ria de amor no m\u00eas dos namorados\"}]},{\"@type\":\"WebSite\",\"@id\":\"https:\\\/\\\/barroca.com.br\\\/site\\\/#website\",\"url\":\"https:\\\/\\\/barroca.com.br\\\/site\\\/\",\"name\":\"Barroca T\u00eanis Clube\",\"description\":\"\",\"potentialAction\":[{\"@type\":\"SearchAction\",\"target\":{\"@type\":\"EntryPoint\",\"urlTemplate\":\"https:\\\/\\\/barroca.com.br\\\/site\\\/?s={search_term_string}\"},\"query-input\":{\"@type\":\"PropertyValueSpecification\",\"valueRequired\":true,\"valueName\":\"search_term_string\"}}],\"inLanguage\":\"pt-BR\"},{\"@type\":\"Person\",\"@id\":\"https:\\\/\\\/barroca.com.br\\\/site\\\/#\\\/schema\\\/person\\\/4bd3687d5c267a5c16eebc047aec4c87\",\"name\":\"admin\",\"image\":{\"@type\":\"ImageObject\",\"inLanguage\":\"pt-BR\",\"@id\":\"https:\\\/\\\/secure.gravatar.com\\\/avatar\\\/2f804b64370abb1c325d1a425a3701ad3e11f373042be8a0ecf9f97248534775?s=96&d=mm&r=g\",\"url\":\"https:\\\/\\\/secure.gravatar.com\\\/avatar\\\/2f804b64370abb1c325d1a425a3701ad3e11f373042be8a0ecf9f97248534775?s=96&d=mm&r=g\",\"contentUrl\":\"https:\\\/\\\/secure.gravatar.com\\\/avatar\\\/2f804b64370abb1c325d1a425a3701ad3e11f373042be8a0ecf9f97248534775?s=96&d=mm&r=g\",\"caption\":\"admin\"},\"sameAs\":[\"http:\\\/\\\/barroca.com.br\\\/site\"],\"url\":\"https:\\\/\\\/barroca.com.br\\\/site\\\/author\\\/admin\\\/\"}]}<\/script>\n<!-- \/ Yoast SEO plugin. -->","yoast_head_json":{"title":"Hist\u00f3ria de amor no m\u00eas dos namorados - Barroca T\u00eanis Clube","robots":{"index":"index","follow":"follow","max-snippet":"max-snippet:-1","max-image-preview":"max-image-preview:large","max-video-preview":"max-video-preview:-1"},"canonical":"https:\/\/barroca.com.br\/site\/historia-de-amor-no-mes-dos-namorados\/","og_locale":"pt_BR","og_type":"article","og_title":"Hist\u00f3ria de amor no m\u00eas dos namorados - Barroca T\u00eanis Clube","og_description":"No m\u00eas dos namorados, o site do Barroca homenageia os cora\u00e7\u00f5es apaixonados nessa data t\u00e3o especial. Para representar todos os s\u00f3cios do clube que se entregaram \u00e0 magia do amor, a s\u00f3cia Marina Sad Navarro, de 17 anos, conta as del\u00edcias de namorar e ser namorado. Marina namora com Ricardo h\u00e1 um ano e meio. [&hellip;]","og_url":"https:\/\/barroca.com.br\/site\/historia-de-amor-no-mes-dos-namorados\/","og_site_name":"Barroca T\u00eanis Clube","article_published_time":"2009-06-18T17:36:39+00:00","og_image":[{"url":"http:\/\/www.barrocanet.com\/site\/wp-content\/uploads\/2009\/06\/marina_ricardo-150x150.jpg","type":"","width":"","height":""}],"author":"admin","twitter_card":"summary_large_image","twitter_misc":{"Escrito por":"admin","Est. tempo de leitura":"2 minutos"},"schema":{"@context":"https:\/\/schema.org","@graph":[{"@type":"Article","@id":"https:\/\/barroca.com.br\/site\/historia-de-amor-no-mes-dos-namorados\/#article","isPartOf":{"@id":"https:\/\/barroca.com.br\/site\/historia-de-amor-no-mes-dos-namorados\/"},"author":{"name":"admin","@id":"https:\/\/barroca.com.br\/site\/#\/schema\/person\/4bd3687d5c267a5c16eebc047aec4c87"},"headline":"Hist\u00f3ria de amor no m\u00eas dos namorados","datePublished":"2009-06-18T17:36:39+00:00","mainEntityOfPage":{"@id":"https:\/\/barroca.com.br\/site\/historia-de-amor-no-mes-dos-namorados\/"},"wordCount":350,"commentCount":0,"image":{"@id":"https:\/\/barroca.com.br\/site\/historia-de-amor-no-mes-dos-namorados\/#primaryimage"},"thumbnailUrl":"http:\/\/www.barrocanet.com\/site\/wp-content\/uploads\/2009\/06\/marina_ricardo-150x150.jpg","keywords":["Barroca"],"articleSection":["BTC Informa"],"inLanguage":"pt-BR","potentialAction":[{"@type":"CommentAction","name":"Comment","target":["https:\/\/barroca.com.br\/site\/historia-de-amor-no-mes-dos-namorados\/#respond"]}]},{"@type":"WebPage","@id":"https:\/\/barroca.com.br\/site\/historia-de-amor-no-mes-dos-namorados\/","url":"https:\/\/barroca.com.br\/site\/historia-de-amor-no-mes-dos-namorados\/","name":"Hist\u00f3ria de amor no m\u00eas dos namorados - Barroca T\u00eanis Clube","isPartOf":{"@id":"https:\/\/barroca.com.br\/site\/#website"},"primaryImageOfPage":{"@id":"https:\/\/barroca.com.br\/site\/historia-de-amor-no-mes-dos-namorados\/#primaryimage"},"image":{"@id":"https:\/\/barroca.com.br\/site\/historia-de-amor-no-mes-dos-namorados\/#primaryimage"},"thumbnailUrl":"http:\/\/www.barrocanet.com\/site\/wp-content\/uploads\/2009\/06\/marina_ricardo-150x150.jpg","datePublished":"2009-06-18T17:36:39+00:00","author":{"@id":"https:\/\/barroca.com.br\/site\/#\/schema\/person\/4bd3687d5c267a5c16eebc047aec4c87"},"breadcrumb":{"@id":"https:\/\/barroca.com.br\/site\/historia-de-amor-no-mes-dos-namorados\/#breadcrumb"},"inLanguage":"pt-BR","potentialAction":[{"@type":"ReadAction","target":["https:\/\/barroca.com.br\/site\/historia-de-amor-no-mes-dos-namorados\/"]}]},{"@type":"ImageObject","inLanguage":"pt-BR","@id":"https:\/\/barroca.com.br\/site\/historia-de-amor-no-mes-dos-namorados\/#primaryimage","url":"http:\/\/www.barrocanet.com\/site\/wp-content\/uploads\/2009\/06\/marina_ricardo-150x150.jpg","contentUrl":"http:\/\/www.barrocanet.com\/site\/wp-content\/uploads\/2009\/06\/marina_ricardo-150x150.jpg"},{"@type":"BreadcrumbList","@id":"https:\/\/barroca.com.br\/site\/historia-de-amor-no-mes-dos-namorados\/#breadcrumb","itemListElement":[{"@type":"ListItem","position":1,"name":"Home","item":"https:\/\/barroca.com.br\/site\/"},{"@type":"ListItem","position":2,"name":"Hist\u00f3ria de amor no m\u00eas dos namorados"}]},{"@type":"WebSite","@id":"https:\/\/barroca.com.br\/site\/#website","url":"https:\/\/barroca.com.br\/site\/","name":"Barroca T\u00eanis Clube","description":"","potentialAction":[{"@type":"SearchAction","target":{"@type":"EntryPoint","urlTemplate":"https:\/\/barroca.com.br\/site\/?s={search_term_string}"},"query-input":{"@type":"PropertyValueSpecification","valueRequired":true,"valueName":"search_term_string"}}],"inLanguage":"pt-BR"},{"@type":"Person","@id":"https:\/\/barroca.com.br\/site\/#\/schema\/person\/4bd3687d5c267a5c16eebc047aec4c87","name":"admin","image":{"@type":"ImageObject","inLanguage":"pt-BR","@id":"https:\/\/secure.gravatar.com\/avatar\/2f804b64370abb1c325d1a425a3701ad3e11f373042be8a0ecf9f97248534775?s=96&d=mm&r=g","url":"https:\/\/secure.gravatar.com\/avatar\/2f804b64370abb1c325d1a425a3701ad3e11f373042be8a0ecf9f97248534775?s=96&d=mm&r=g","contentUrl":"https:\/\/secure.gravatar.com\/avatar\/2f804b64370abb1c325d1a425a3701ad3e11f373042be8a0ecf9f97248534775?s=96&d=mm&r=g","caption":"admin"},"sameAs":["http:\/\/barroca.com.br\/site"],"url":"https:\/\/barroca.com.br\/site\/author\/admin\/"}]}},"_links":{"self":[{"href":"https:\/\/barroca.com.br\/site\/wp-json\/wp\/v2\/posts\/4926","targetHints":{"allow":["GET"]}}],"collection":[{"href":"https:\/\/barroca.com.br\/site\/wp-json\/wp\/v2\/posts"}],"about":[{"href":"https:\/\/barroca.com.br\/site\/wp-json\/wp\/v2\/types\/post"}],"author":[{"embeddable":true,"href":"https:\/\/barroca.com.br\/site\/wp-json\/wp\/v2\/users\/1"}],"replies":[{"embeddable":true,"href":"https:\/\/barroca.com.br\/site\/wp-json\/wp\/v2\/comments?post=4926"}],"version-history":[{"count":0,"href":"https:\/\/barroca.com.br\/site\/wp-json\/wp\/v2\/posts\/4926\/revisions"}],"wp:attachment":[{"href":"https:\/\/barroca.com.br\/site\/wp-json\/wp\/v2\/media?parent=4926"}],"wp:term":[{"taxonomy":"category","embeddable":true,"href":"https:\/\/barroca.com.br\/site\/wp-json\/wp\/v2\/categories?post=4926"},{"taxonomy":"post_tag","embeddable":true,"href":"https:\/\/barroca.com.br\/site\/wp-json\/wp\/v2\/tags?post=4926"}],"curies":[{"name":"wp","href":"https:\/\/api.w.org\/{rel}","templated":true}]}}