{"id":4923,"date":"2009-05-21T14:30:38","date_gmt":"2009-05-21T17:30:38","guid":{"rendered":"http:\/\/www.barrocanet.com\/site\/?p=639"},"modified":"2009-05-21T14:30:38","modified_gmt":"2009-05-21T17:30:38","slug":"homenagem-ao-primeiro-presidente-do-btc","status":"publish","type":"post","link":"https:\/\/barroca.com.br\/site\/homenagem-ao-primeiro-presidente-do-btc\/","title":{"rendered":"Homenagem ao primeiro presidente do BTC"},"content":{"rendered":"<p><figure id=\"attachment_640\" aria-describedby=\"caption-attachment-640\" style=\"width: 240px\" class=\"wp-caption alignright\"><a href=\"http:\/\/www.barrocanet.com\/site\/wp-content\/uploads\/2009\/06\/alvaro-1presidente.jpg\"><img loading=\"lazy\" decoding=\"async\" src=\"http:\/\/www.barrocanet.com\/site\/wp-content\/uploads\/2009\/06\/alvaro-1presidente.jpg\" alt=\"O primeiro Presidente do Barroca T\u00eanis Clube, Dr. \u00c1lvaro Afonso de Moraes\" title=\"\u00c1lvaro Afonso de Moraes\" width=\"240\" height=\"321\" class=\"size-full wp-image-640\" \/><\/a><figcaption id=\"caption-attachment-640\" class=\"wp-caption-text\">O primeiro Presidente do Barroca T\u00eanis Clube, Dr. \u00c1lvaro Afonso de Moraes<\/figcaption><\/figure>No \u00faltimo dia 08 de maio, se estivesse vivo, seria comemorado o centen\u00e1rio de nascimento do 1\u00ba Presidente do Barroca T\u00eanis Clube, Dr. \u00c1lvaro Afonso de Moraes, que foi o idealizador, o fundador e esteve \u00e0 frente da presid\u00eancia do Clube de 1957 \u00e0 1960, quando realizou grande obras. A fam\u00edlia do estimado \u00c1lvaro Afonso de Moraes fez uma confraterniza\u00e7\u00e3o no \u00faltimo dia 08 em homenagem \u00e0 data do seu centen\u00e1rio com a participa\u00e7\u00e3o de seus 7 filhos, 14 netos e 11 bisnetos.<br \/>\nO BTC Informa presta sua homenagem ao 1\u00ba Presidente do Barroca T\u00eanis Clube.    \t<\/p>\n","protected":false},"excerpt":{"rendered":"<p>No \u00faltimo dia 08 de maio, se estivesse vivo, seria comemorado o centen\u00e1rio de nascimento do 1\u00ba Presidente do Barroca T\u00eanis Clube, Dr. \u00c1lvaro Afonso de Moraes, que foi o idealizador, o fundador e esteve \u00e0 frente da presid\u00eancia do Clube de 1957 \u00e0 1960, quando realizou grande obras. A fam\u00edlia do estimado \u00c1lvaro Afonso [&hellip;]<\/p>\n","protected":false},"author":1,"featured_media":0,"comment_status":"open","ping_status":"open","sticky":false,"template":"","format":"standard","meta":{"_acf_changed":false,"footnotes":""},"categories":[131,35],"tags":[21],"class_list":["post-4923","post","type-post","status-publish","format-standard","hentry","category-arquivo","category-btc-informa","tag-barroca"],"acf":[],"yoast_head":"<!-- This site is optimized with the Yoast SEO plugin v27.9 - https:\/\/yoast.com\/product\/yoast-seo-wordpress\/ -->\n<title>Homenagem ao primeiro presidente do BTC - Barroca T\u00eanis Clube<\/title>\n<meta name=\"robots\" content=\"index, follow, max-snippet:-1, max-image-preview:large, max-video-preview:-1\" \/>\n<link rel=\"canonical\" href=\"https:\/\/barroca.com.br\/site\/homenagem-ao-primeiro-presidente-do-btc\/\" \/>\n<meta property=\"og:locale\" content=\"pt_BR\" \/>\n<meta property=\"og:type\" content=\"article\" \/>\n<meta property=\"og:title\" content=\"Homenagem ao primeiro presidente do BTC - Barroca T\u00eanis Clube\" \/>\n<meta property=\"og:description\" content=\"No \u00faltimo dia 08 de maio, se estivesse vivo, seria comemorado o centen\u00e1rio de nascimento do 1\u00ba Presidente do Barroca T\u00eanis Clube, Dr. \u00c1lvaro Afonso de Moraes, que foi o idealizador, o fundador e esteve \u00e0 frente da presid\u00eancia do Clube de 1957 \u00e0 1960, quando realizou grande obras. A fam\u00edlia do estimado \u00c1lvaro Afonso [&hellip;]\" \/>\n<meta property=\"og:url\" content=\"https:\/\/barroca.com.br\/site\/homenagem-ao-primeiro-presidente-do-btc\/\" \/>\n<meta property=\"og:site_name\" content=\"Barroca T\u00eanis Clube\" \/>\n<meta property=\"article:published_time\" content=\"2009-05-21T17:30:38+00:00\" \/>\n<meta property=\"og:image\" content=\"http:\/\/www.barrocanet.com\/site\/wp-content\/uploads\/2009\/06\/alvaro-1presidente.jpg\" \/>\n<meta name=\"author\" content=\"admin\" \/>\n<meta name=\"twitter:card\" content=\"summary_large_image\" \/>\n<meta name=\"twitter:label1\" content=\"Escrito por\" \/>\n\t<meta name=\"twitter:data1\" content=\"admin\" \/>\n\t<meta name=\"twitter:label2\" content=\"Est. tempo de leitura\" \/>\n\t<meta name=\"twitter:data2\" content=\"1 minuto\" \/>\n<script type=\"application\/ld+json\" class=\"yoast-schema-graph\">{\"@context\":\"https:\\\/\\\/schema.org\",\"@graph\":[{\"@type\":\"Article\",\"@id\":\"https:\\\/\\\/barroca.com.br\\\/site\\\/homenagem-ao-primeiro-presidente-do-btc\\\/#article\",\"isPartOf\":{\"@id\":\"https:\\\/\\\/barroca.com.br\\\/site\\\/homenagem-ao-primeiro-presidente-do-btc\\\/\"},\"author\":{\"name\":\"admin\",\"@id\":\"https:\\\/\\\/barroca.com.br\\\/site\\\/#\\\/schema\\\/person\\\/4bd3687d5c267a5c16eebc047aec4c87\"},\"headline\":\"Homenagem ao primeiro presidente do BTC\",\"datePublished\":\"2009-05-21T17:30:38+00:00\",\"mainEntityOfPage\":{\"@id\":\"https:\\\/\\\/barroca.com.br\\\/site\\\/homenagem-ao-primeiro-presidente-do-btc\\\/\"},\"wordCount\":119,\"commentCount\":0,\"image\":{\"@id\":\"https:\\\/\\\/barroca.com.br\\\/site\\\/homenagem-ao-primeiro-presidente-do-btc\\\/#primaryimage\"},\"thumbnailUrl\":\"http:\\\/\\\/www.barrocanet.com\\\/site\\\/wp-content\\\/uploads\\\/2009\\\/06\\\/alvaro-1presidente.jpg\",\"keywords\":[\"Barroca\"],\"articleSection\":[\"Arquivo\",\"BTC Informa\"],\"inLanguage\":\"pt-BR\",\"potentialAction\":[{\"@type\":\"CommentAction\",\"name\":\"Comment\",\"target\":[\"https:\\\/\\\/barroca.com.br\\\/site\\\/homenagem-ao-primeiro-presidente-do-btc\\\/#respond\"]}]},{\"@type\":\"WebPage\",\"@id\":\"https:\\\/\\\/barroca.com.br\\\/site\\\/homenagem-ao-primeiro-presidente-do-btc\\\/\",\"url\":\"https:\\\/\\\/barroca.com.br\\\/site\\\/homenagem-ao-primeiro-presidente-do-btc\\\/\",\"name\":\"Homenagem ao primeiro presidente do BTC - Barroca T\u00eanis Clube\",\"isPartOf\":{\"@id\":\"https:\\\/\\\/barroca.com.br\\\/site\\\/#website\"},\"primaryImageOfPage\":{\"@id\":\"https:\\\/\\\/barroca.com.br\\\/site\\\/homenagem-ao-primeiro-presidente-do-btc\\\/#primaryimage\"},\"image\":{\"@id\":\"https:\\\/\\\/barroca.com.br\\\/site\\\/homenagem-ao-primeiro-presidente-do-btc\\\/#primaryimage\"},\"thumbnailUrl\":\"http:\\\/\\\/www.barrocanet.com\\\/site\\\/wp-content\\\/uploads\\\/2009\\\/06\\\/alvaro-1presidente.jpg\",\"datePublished\":\"2009-05-21T17:30:38+00:00\",\"author\":{\"@id\":\"https:\\\/\\\/barroca.com.br\\\/site\\\/#\\\/schema\\\/person\\\/4bd3687d5c267a5c16eebc047aec4c87\"},\"breadcrumb\":{\"@id\":\"https:\\\/\\\/barroca.com.br\\\/site\\\/homenagem-ao-primeiro-presidente-do-btc\\\/#breadcrumb\"},\"inLanguage\":\"pt-BR\",\"potentialAction\":[{\"@type\":\"ReadAction\",\"target\":[\"https:\\\/\\\/barroca.com.br\\\/site\\\/homenagem-ao-primeiro-presidente-do-btc\\\/\"]}]},{\"@type\":\"ImageObject\",\"inLanguage\":\"pt-BR\",\"@id\":\"https:\\\/\\\/barroca.com.br\\\/site\\\/homenagem-ao-primeiro-presidente-do-btc\\\/#primaryimage\",\"url\":\"http:\\\/\\\/www.barrocanet.com\\\/site\\\/wp-content\\\/uploads\\\/2009\\\/06\\\/alvaro-1presidente.jpg\",\"contentUrl\":\"http:\\\/\\\/www.barrocanet.com\\\/site\\\/wp-content\\\/uploads\\\/2009\\\/06\\\/alvaro-1presidente.jpg\"},{\"@type\":\"BreadcrumbList\",\"@id\":\"https:\\\/\\\/barroca.com.br\\\/site\\\/homenagem-ao-primeiro-presidente-do-btc\\\/#breadcrumb\",\"itemListElement\":[{\"@type\":\"ListItem\",\"position\":1,\"name\":\"Home\",\"item\":\"https:\\\/\\\/barroca.com.br\\\/site\\\/\"},{\"@type\":\"ListItem\",\"position\":2,\"name\":\"Homenagem ao primeiro presidente do BTC\"}]},{\"@type\":\"WebSite\",\"@id\":\"https:\\\/\\\/barroca.com.br\\\/site\\\/#website\",\"url\":\"https:\\\/\\\/barroca.com.br\\\/site\\\/\",\"name\":\"Barroca T\u00eanis Clube\",\"description\":\"\",\"potentialAction\":[{\"@type\":\"SearchAction\",\"target\":{\"@type\":\"EntryPoint\",\"urlTemplate\":\"https:\\\/\\\/barroca.com.br\\\/site\\\/?s={search_term_string}\"},\"query-input\":{\"@type\":\"PropertyValueSpecification\",\"valueRequired\":true,\"valueName\":\"search_term_string\"}}],\"inLanguage\":\"pt-BR\"},{\"@type\":\"Person\",\"@id\":\"https:\\\/\\\/barroca.com.br\\\/site\\\/#\\\/schema\\\/person\\\/4bd3687d5c267a5c16eebc047aec4c87\",\"name\":\"admin\",\"image\":{\"@type\":\"ImageObject\",\"inLanguage\":\"pt-BR\",\"@id\":\"https:\\\/\\\/secure.gravatar.com\\\/avatar\\\/2f804b64370abb1c325d1a425a3701ad3e11f373042be8a0ecf9f97248534775?s=96&d=mm&r=g\",\"url\":\"https:\\\/\\\/secure.gravatar.com\\\/avatar\\\/2f804b64370abb1c325d1a425a3701ad3e11f373042be8a0ecf9f97248534775?s=96&d=mm&r=g\",\"contentUrl\":\"https:\\\/\\\/secure.gravatar.com\\\/avatar\\\/2f804b64370abb1c325d1a425a3701ad3e11f373042be8a0ecf9f97248534775?s=96&d=mm&r=g\",\"caption\":\"admin\"},\"sameAs\":[\"http:\\\/\\\/barroca.com.br\\\/site\"],\"url\":\"https:\\\/\\\/barroca.com.br\\\/site\\\/author\\\/admin\\\/\"}]}<\/script>\n<!-- \/ Yoast SEO plugin. -->","yoast_head_json":{"title":"Homenagem ao primeiro presidente do BTC - Barroca T\u00eanis Clube","robots":{"index":"index","follow":"follow","max-snippet":"max-snippet:-1","max-image-preview":"max-image-preview:large","max-video-preview":"max-video-preview:-1"},"canonical":"https:\/\/barroca.com.br\/site\/homenagem-ao-primeiro-presidente-do-btc\/","og_locale":"pt_BR","og_type":"article","og_title":"Homenagem ao primeiro presidente do BTC - Barroca T\u00eanis Clube","og_description":"No \u00faltimo dia 08 de maio, se estivesse vivo, seria comemorado o centen\u00e1rio de nascimento do 1\u00ba Presidente do Barroca T\u00eanis Clube, Dr. \u00c1lvaro Afonso de Moraes, que foi o idealizador, o fundador e esteve \u00e0 frente da presid\u00eancia do Clube de 1957 \u00e0 1960, quando realizou grande obras. A fam\u00edlia do estimado \u00c1lvaro Afonso [&hellip;]","og_url":"https:\/\/barroca.com.br\/site\/homenagem-ao-primeiro-presidente-do-btc\/","og_site_name":"Barroca T\u00eanis Clube","article_published_time":"2009-05-21T17:30:38+00:00","og_image":[{"url":"http:\/\/www.barrocanet.com\/site\/wp-content\/uploads\/2009\/06\/alvaro-1presidente.jpg","type":"","width":"","height":""}],"author":"admin","twitter_card":"summary_large_image","twitter_misc":{"Escrito por":"admin","Est. tempo de leitura":"1 minuto"},"schema":{"@context":"https:\/\/schema.org","@graph":[{"@type":"Article","@id":"https:\/\/barroca.com.br\/site\/homenagem-ao-primeiro-presidente-do-btc\/#article","isPartOf":{"@id":"https:\/\/barroca.com.br\/site\/homenagem-ao-primeiro-presidente-do-btc\/"},"author":{"name":"admin","@id":"https:\/\/barroca.com.br\/site\/#\/schema\/person\/4bd3687d5c267a5c16eebc047aec4c87"},"headline":"Homenagem ao primeiro presidente do BTC","datePublished":"2009-05-21T17:30:38+00:00","mainEntityOfPage":{"@id":"https:\/\/barroca.com.br\/site\/homenagem-ao-primeiro-presidente-do-btc\/"},"wordCount":119,"commentCount":0,"image":{"@id":"https:\/\/barroca.com.br\/site\/homenagem-ao-primeiro-presidente-do-btc\/#primaryimage"},"thumbnailUrl":"http:\/\/www.barrocanet.com\/site\/wp-content\/uploads\/2009\/06\/alvaro-1presidente.jpg","keywords":["Barroca"],"articleSection":["Arquivo","BTC Informa"],"inLanguage":"pt-BR","potentialAction":[{"@type":"CommentAction","name":"Comment","target":["https:\/\/barroca.com.br\/site\/homenagem-ao-primeiro-presidente-do-btc\/#respond"]}]},{"@type":"WebPage","@id":"https:\/\/barroca.com.br\/site\/homenagem-ao-primeiro-presidente-do-btc\/","url":"https:\/\/barroca.com.br\/site\/homenagem-ao-primeiro-presidente-do-btc\/","name":"Homenagem ao primeiro presidente do BTC - Barroca T\u00eanis Clube","isPartOf":{"@id":"https:\/\/barroca.com.br\/site\/#website"},"primaryImageOfPage":{"@id":"https:\/\/barroca.com.br\/site\/homenagem-ao-primeiro-presidente-do-btc\/#primaryimage"},"image":{"@id":"https:\/\/barroca.com.br\/site\/homenagem-ao-primeiro-presidente-do-btc\/#primaryimage"},"thumbnailUrl":"http:\/\/www.barrocanet.com\/site\/wp-content\/uploads\/2009\/06\/alvaro-1presidente.jpg","datePublished":"2009-05-21T17:30:38+00:00","author":{"@id":"https:\/\/barroca.com.br\/site\/#\/schema\/person\/4bd3687d5c267a5c16eebc047aec4c87"},"breadcrumb":{"@id":"https:\/\/barroca.com.br\/site\/homenagem-ao-primeiro-presidente-do-btc\/#breadcrumb"},"inLanguage":"pt-BR","potentialAction":[{"@type":"ReadAction","target":["https:\/\/barroca.com.br\/site\/homenagem-ao-primeiro-presidente-do-btc\/"]}]},{"@type":"ImageObject","inLanguage":"pt-BR","@id":"https:\/\/barroca.com.br\/site\/homenagem-ao-primeiro-presidente-do-btc\/#primaryimage","url":"http:\/\/www.barrocanet.com\/site\/wp-content\/uploads\/2009\/06\/alvaro-1presidente.jpg","contentUrl":"http:\/\/www.barrocanet.com\/site\/wp-content\/uploads\/2009\/06\/alvaro-1presidente.jpg"},{"@type":"BreadcrumbList","@id":"https:\/\/barroca.com.br\/site\/homenagem-ao-primeiro-presidente-do-btc\/#breadcrumb","itemListElement":[{"@type":"ListItem","position":1,"name":"Home","item":"https:\/\/barroca.com.br\/site\/"},{"@type":"ListItem","position":2,"name":"Homenagem ao primeiro presidente do BTC"}]},{"@type":"WebSite","@id":"https:\/\/barroca.com.br\/site\/#website","url":"https:\/\/barroca.com.br\/site\/","name":"Barroca T\u00eanis Clube","description":"","potentialAction":[{"@type":"SearchAction","target":{"@type":"EntryPoint","urlTemplate":"https:\/\/barroca.com.br\/site\/?s={search_term_string}"},"query-input":{"@type":"PropertyValueSpecification","valueRequired":true,"valueName":"search_term_string"}}],"inLanguage":"pt-BR"},{"@type":"Person","@id":"https:\/\/barroca.com.br\/site\/#\/schema\/person\/4bd3687d5c267a5c16eebc047aec4c87","name":"admin","image":{"@type":"ImageObject","inLanguage":"pt-BR","@id":"https:\/\/secure.gravatar.com\/avatar\/2f804b64370abb1c325d1a425a3701ad3e11f373042be8a0ecf9f97248534775?s=96&d=mm&r=g","url":"https:\/\/secure.gravatar.com\/avatar\/2f804b64370abb1c325d1a425a3701ad3e11f373042be8a0ecf9f97248534775?s=96&d=mm&r=g","contentUrl":"https:\/\/secure.gravatar.com\/avatar\/2f804b64370abb1c325d1a425a3701ad3e11f373042be8a0ecf9f97248534775?s=96&d=mm&r=g","caption":"admin"},"sameAs":["http:\/\/barroca.com.br\/site"],"url":"https:\/\/barroca.com.br\/site\/author\/admin\/"}]}},"_links":{"self":[{"href":"https:\/\/barroca.com.br\/site\/wp-json\/wp\/v2\/posts\/4923","targetHints":{"allow":["GET"]}}],"collection":[{"href":"https:\/\/barroca.com.br\/site\/wp-json\/wp\/v2\/posts"}],"about":[{"href":"https:\/\/barroca.com.br\/site\/wp-json\/wp\/v2\/types\/post"}],"author":[{"embeddable":true,"href":"https:\/\/barroca.com.br\/site\/wp-json\/wp\/v2\/users\/1"}],"replies":[{"embeddable":true,"href":"https:\/\/barroca.com.br\/site\/wp-json\/wp\/v2\/comments?post=4923"}],"version-history":[{"count":0,"href":"https:\/\/barroca.com.br\/site\/wp-json\/wp\/v2\/posts\/4923\/revisions"}],"wp:attachment":[{"href":"https:\/\/barroca.com.br\/site\/wp-json\/wp\/v2\/media?parent=4923"}],"wp:term":[{"taxonomy":"category","embeddable":true,"href":"https:\/\/barroca.com.br\/site\/wp-json\/wp\/v2\/categories?post=4923"},{"taxonomy":"post_tag","embeddable":true,"href":"https:\/\/barroca.com.br\/site\/wp-json\/wp\/v2\/tags?post=4923"}],"curies":[{"name":"wp","href":"https:\/\/api.w.org\/{rel}","templated":true}]}}