{"id":4746,"date":"2019-02-25T17:40:49","date_gmt":"2019-02-25T20:40:49","guid":{"rendered":"http:\/\/barroca.com.br\/site\/?p=4746"},"modified":"2019-02-25T17:40:49","modified_gmt":"2019-02-25T20:40:49","slug":"torneio-de-duplas-federacao-mineira-de-tenis","status":"publish","type":"post","link":"https:\/\/barroca.com.br\/site\/torneio-de-duplas-federacao-mineira-de-tenis\/","title":{"rendered":"Torneio de Duplas Federa\u00e7\u00e3o Mineira de T\u00eanis"},"content":{"rendered":"<p>O Barroca agradece a todos os atletas e participantes do nosso primeiro Torneio de Duplas. A competi\u00e7\u00e3o foi realizada em parceria com a Federa\u00e7\u00e3o Mineira de T\u00eanis, a Casalechi Eventos, a ag\u00eancia ETC Comunica\u00e7\u00e3o, Decis\u00e3o Engenharia,&nbsp; Conape Servi\u00e7os, Restaurante Antonielle.<\/p>\n<p><strong>Confira a classifica\u00e7\u00e3o dos atletas:<\/strong><\/p>\n<div>2\u00aa Classe<\/div>\n<div>Campe\u00e3o: Henrique Vieira e Victor Silva<\/div>\n<div>Vice Campe\u00e3o: Cassio Lage e Fabiano Marques<\/div>\n<div>&nbsp;<\/div>\n<div>3\u00aa Classe acima de 11 anos<\/div>\n<div>Campe\u00e3o: Eduardo Fernandes e Jos\u00e9 Eduardo J\u00fanior<\/div>\n<div>Vice campe\u00e3o: Pedro Guide e Clecio Andrade<\/div>\n<div>&nbsp;<\/div>\n<div>3\u00aa Classe acima de 35 anos<\/div>\n<div>Campe\u00e3o: Edson Barreto e Isnard Mucci<\/div>\n<div>Vice campe\u00e3o: Douglas Pires e Silver Quirino<\/div>\n<div>&nbsp;<\/div>\n<div>4\u00aa Classe acima 13 anos<\/div>\n<div>Campe\u00e3o: Bruno Firmino e Gustavo Sim\u00f5es<\/div>\n<div>Vice campe\u00e3o: Andr\u00e9 Betoni e Wendel Soares<\/div>\n<div>&nbsp;<\/div>\n<div>4\u00aa Classe acima de 35 anos<\/div>\n<div>Campe\u00e3o: Luciano Soares e Jose Eduardo Paix\u00e3o<\/div>\n<div>Vice campe\u00e3o: Alvaro Moreira e Kleber Pinto<\/div>\n<div>&nbsp;<\/div>\n<div>&nbsp;Dupla mista<\/div>\n<div>Campe\u00e3o: Gustavo Zwetkff&nbsp; e Julia Malard<\/div>\n<div>Vice campe\u00e3o: Tadeu Le\u00e3o e Denise Moreira<\/div>\n<p>&nbsp;<\/p>\n<p><strong>Veja&nbsp;abaixo as fotos da premia\u00e7\u00e3o:<\/strong><\/p>\n<p>&nbsp;<\/p>\n<div id='gallery-1' class='gallery galleryid-4746 gallery-columns-3 gallery-size-thumbnail'><figure class='gallery-item'>\n\t\t\t<div class='gallery-icon landscape'>\n\t\t\t\t<a href='https:\/\/barroca.com.br\/site\/torneio-de-duplas-federacao-mineira-de-tenis\/escolhidas-2\/'><img loading=\"lazy\" decoding=\"async\" width=\"150\" height=\"150\" src=\"https:\/\/barroca.com.br\/site\/wp-content\/uploads\/2019\/02\/escolhidas-2-150x150.jpg\" class=\"attachment-thumbnail size-thumbnail\" alt=\"\" srcset=\"https:\/\/barroca.com.br\/site\/wp-content\/uploads\/2019\/02\/escolhidas-2-150x150.jpg 150w, https:\/\/barroca.com.br\/site\/wp-content\/uploads\/2019\/02\/escolhidas-2-60x60.jpg 60w\" sizes=\"auto, (max-width: 150px) 100vw, 150px\" \/><\/a>\n\t\t\t<\/div><\/figure><figure class='gallery-item'>\n\t\t\t<div class='gallery-icon landscape'>\n\t\t\t\t<a href='https:\/\/barroca.com.br\/site\/torneio-de-duplas-federacao-mineira-de-tenis\/escolhidas-3\/'><img loading=\"lazy\" decoding=\"async\" width=\"150\" height=\"150\" src=\"https:\/\/barroca.com.br\/site\/wp-content\/uploads\/2019\/02\/escolhidas-3-150x150.jpg\" class=\"attachment-thumbnail size-thumbnail\" alt=\"\" srcset=\"https:\/\/barroca.com.br\/site\/wp-content\/uploads\/2019\/02\/escolhidas-3-150x150.jpg 150w, https:\/\/barroca.com.br\/site\/wp-content\/uploads\/2019\/02\/escolhidas-3-60x60.jpg 60w\" sizes=\"auto, (max-width: 150px) 100vw, 150px\" \/><\/a>\n\t\t\t<\/div><\/figure><figure class='gallery-item'>\n\t\t\t<div class='gallery-icon landscape'>\n\t\t\t\t<a href='https:\/\/barroca.com.br\/site\/torneio-de-duplas-federacao-mineira-de-tenis\/escolhidas-5\/'><img loading=\"lazy\" decoding=\"async\" width=\"150\" height=\"150\" src=\"https:\/\/barroca.com.br\/site\/wp-content\/uploads\/2019\/02\/escolhidas-5-150x150.jpg\" class=\"attachment-thumbnail size-thumbnail\" alt=\"\" srcset=\"https:\/\/barroca.com.br\/site\/wp-content\/uploads\/2019\/02\/escolhidas-5-150x150.jpg 150w, https:\/\/barroca.com.br\/site\/wp-content\/uploads\/2019\/02\/escolhidas-5-60x60.jpg 60w\" sizes=\"auto, (max-width: 150px) 100vw, 150px\" \/><\/a>\n\t\t\t<\/div><\/figure><figure class='gallery-item'>\n\t\t\t<div class='gallery-icon landscape'>\n\t\t\t\t<a href='https:\/\/barroca.com.br\/site\/torneio-de-duplas-federacao-mineira-de-tenis\/escolhidas-6\/'><img loading=\"lazy\" decoding=\"async\" width=\"150\" height=\"150\" src=\"https:\/\/barroca.com.br\/site\/wp-content\/uploads\/2019\/02\/escolhidas-6-150x150.jpg\" class=\"attachment-thumbnail size-thumbnail\" alt=\"\" srcset=\"https:\/\/barroca.com.br\/site\/wp-content\/uploads\/2019\/02\/escolhidas-6-150x150.jpg 150w, https:\/\/barroca.com.br\/site\/wp-content\/uploads\/2019\/02\/escolhidas-6-60x60.jpg 60w\" sizes=\"auto, (max-width: 150px) 100vw, 150px\" \/><\/a>\n\t\t\t<\/div><\/figure><figure class='gallery-item'>\n\t\t\t<div class='gallery-icon landscape'>\n\t\t\t\t<a href='https:\/\/barroca.com.br\/site\/torneio-de-duplas-federacao-mineira-de-tenis\/escolhidas-7\/'><img loading=\"lazy\" decoding=\"async\" width=\"150\" height=\"150\" src=\"https:\/\/barroca.com.br\/site\/wp-content\/uploads\/2019\/02\/escolhidas-7-150x150.jpg\" class=\"attachment-thumbnail size-thumbnail\" alt=\"\" srcset=\"https:\/\/barroca.com.br\/site\/wp-content\/uploads\/2019\/02\/escolhidas-7-150x150.jpg 150w, https:\/\/barroca.com.br\/site\/wp-content\/uploads\/2019\/02\/escolhidas-7-60x60.jpg 60w\" sizes=\"auto, (max-width: 150px) 100vw, 150px\" \/><\/a>\n\t\t\t<\/div><\/figure><figure class='gallery-item'>\n\t\t\t<div class='gallery-icon landscape'>\n\t\t\t\t<a href='https:\/\/barroca.com.br\/site\/escolhidas-9\/'><img loading=\"lazy\" decoding=\"async\" width=\"150\" height=\"150\" src=\"https:\/\/barroca.com.br\/site\/wp-content\/uploads\/2019\/02\/escolhidas-9-150x150.jpg\" class=\"attachment-thumbnail size-thumbnail\" alt=\"\" srcset=\"https:\/\/barroca.com.br\/site\/wp-content\/uploads\/2019\/02\/escolhidas-9-150x150.jpg 150w, https:\/\/barroca.com.br\/site\/wp-content\/uploads\/2019\/02\/escolhidas-9-60x60.jpg 60w\" sizes=\"auto, (max-width: 150px) 100vw, 150px\" \/><\/a>\n\t\t\t<\/div><\/figure><figure class='gallery-item'>\n\t\t\t<div class='gallery-icon landscape'>\n\t\t\t\t<a href='https:\/\/barroca.com.br\/site\/escolhidas-10\/'><img loading=\"lazy\" decoding=\"async\" width=\"150\" height=\"150\" src=\"https:\/\/barroca.com.br\/site\/wp-content\/uploads\/2019\/02\/escolhidas-10-150x150.jpg\" class=\"attachment-thumbnail size-thumbnail\" alt=\"\" srcset=\"https:\/\/barroca.com.br\/site\/wp-content\/uploads\/2019\/02\/escolhidas-10-150x150.jpg 150w, https:\/\/barroca.com.br\/site\/wp-content\/uploads\/2019\/02\/escolhidas-10-60x60.jpg 60w\" sizes=\"auto, (max-width: 150px) 100vw, 150px\" \/><\/a>\n\t\t\t<\/div><\/figure><figure class='gallery-item'>\n\t\t\t<div class='gallery-icon landscape'>\n\t\t\t\t<a href='https:\/\/barroca.com.br\/site\/escolhidas-11\/'><img loading=\"lazy\" decoding=\"async\" width=\"150\" height=\"150\" src=\"https:\/\/barroca.com.br\/site\/wp-content\/uploads\/2019\/02\/escolhidas-11-150x150.jpg\" class=\"attachment-thumbnail size-thumbnail\" alt=\"\" srcset=\"https:\/\/barroca.com.br\/site\/wp-content\/uploads\/2019\/02\/escolhidas-11-150x150.jpg 150w, https:\/\/barroca.com.br\/site\/wp-content\/uploads\/2019\/02\/escolhidas-11-60x60.jpg 60w\" sizes=\"auto, (max-width: 150px) 100vw, 150px\" \/><\/a>\n\t\t\t<\/div><\/figure><figure class='gallery-item'>\n\t\t\t<div class='gallery-icon portrait'>\n\t\t\t\t<a href='https:\/\/barroca.com.br\/site\/escolhidas-12\/'><img loading=\"lazy\" decoding=\"async\" width=\"150\" height=\"150\" src=\"https:\/\/barroca.com.br\/site\/wp-content\/uploads\/2019\/02\/escolhidas-12-150x150.jpg\" class=\"attachment-thumbnail size-thumbnail\" alt=\"\" srcset=\"https:\/\/barroca.com.br\/site\/wp-content\/uploads\/2019\/02\/escolhidas-12-150x150.jpg 150w, https:\/\/barroca.com.br\/site\/wp-content\/uploads\/2019\/02\/escolhidas-12-60x60.jpg 60w\" sizes=\"auto, (max-width: 150px) 100vw, 150px\" \/><\/a>\n\t\t\t<\/div><\/figure><figure class='gallery-item'>\n\t\t\t<div class='gallery-icon landscape'>\n\t\t\t\t<a href='https:\/\/barroca.com.br\/site\/escolhidas-13\/'><img loading=\"lazy\" decoding=\"async\" width=\"150\" height=\"150\" src=\"https:\/\/barroca.com.br\/site\/wp-content\/uploads\/2019\/02\/escolhidas-13-150x150.jpg\" class=\"attachment-thumbnail size-thumbnail\" alt=\"\" srcset=\"https:\/\/barroca.com.br\/site\/wp-content\/uploads\/2019\/02\/escolhidas-13-150x150.jpg 150w, https:\/\/barroca.com.br\/site\/wp-content\/uploads\/2019\/02\/escolhidas-13-60x60.jpg 60w\" sizes=\"auto, (max-width: 150px) 100vw, 150px\" \/><\/a>\n\t\t\t<\/div><\/figure><figure class='gallery-item'>\n\t\t\t<div class='gallery-icon landscape'>\n\t\t\t\t<a href='https:\/\/barroca.com.br\/site\/escolhidas-15\/'><img loading=\"lazy\" decoding=\"async\" width=\"150\" height=\"150\" src=\"https:\/\/barroca.com.br\/site\/wp-content\/uploads\/2019\/02\/escolhidas-15-150x150.jpg\" class=\"attachment-thumbnail size-thumbnail\" alt=\"\" srcset=\"https:\/\/barroca.com.br\/site\/wp-content\/uploads\/2019\/02\/escolhidas-15-150x150.jpg 150w, https:\/\/barroca.com.br\/site\/wp-content\/uploads\/2019\/02\/escolhidas-15-60x60.jpg 60w\" sizes=\"auto, (max-width: 150px) 100vw, 150px\" \/><\/a>\n\t\t\t<\/div><\/figure><figure class='gallery-item'>\n\t\t\t<div class='gallery-icon landscape'>\n\t\t\t\t<a href='https:\/\/barroca.com.br\/site\/escolhidas-16\/'><img loading=\"lazy\" decoding=\"async\" width=\"150\" height=\"150\" src=\"https:\/\/barroca.com.br\/site\/wp-content\/uploads\/2019\/02\/escolhidas-16-150x150.jpg\" class=\"attachment-thumbnail size-thumbnail\" alt=\"\" srcset=\"https:\/\/barroca.com.br\/site\/wp-content\/uploads\/2019\/02\/escolhidas-16-150x150.jpg 150w, https:\/\/barroca.com.br\/site\/wp-content\/uploads\/2019\/02\/escolhidas-16-60x60.jpg 60w\" sizes=\"auto, (max-width: 150px) 100vw, 150px\" \/><\/a>\n\t\t\t<\/div><\/figure><figure class='gallery-item'>\n\t\t\t<div class='gallery-icon landscape'>\n\t\t\t\t<a href='https:\/\/barroca.com.br\/site\/escolhidas-17\/'><img loading=\"lazy\" decoding=\"async\" width=\"150\" height=\"150\" src=\"https:\/\/barroca.com.br\/site\/wp-content\/uploads\/2019\/02\/escolhidas-17-150x150.jpg\" class=\"attachment-thumbnail size-thumbnail\" alt=\"\" srcset=\"https:\/\/barroca.com.br\/site\/wp-content\/uploads\/2019\/02\/escolhidas-17-150x150.jpg 150w, https:\/\/barroca.com.br\/site\/wp-content\/uploads\/2019\/02\/escolhidas-17-60x60.jpg 60w\" sizes=\"auto, (max-width: 150px) 100vw, 150px\" \/><\/a>\n\t\t\t<\/div><\/figure><figure class='gallery-item'>\n\t\t\t<div class='gallery-icon landscape'>\n\t\t\t\t<a href='https:\/\/barroca.com.br\/site\/escolhidas-19\/'><img loading=\"lazy\" decoding=\"async\" width=\"150\" height=\"150\" src=\"https:\/\/barroca.com.br\/site\/wp-content\/uploads\/2019\/02\/escolhidas-19-150x150.jpg\" class=\"attachment-thumbnail size-thumbnail\" alt=\"\" srcset=\"https:\/\/barroca.com.br\/site\/wp-content\/uploads\/2019\/02\/escolhidas-19-150x150.jpg 150w, https:\/\/barroca.com.br\/site\/wp-content\/uploads\/2019\/02\/escolhidas-19-60x60.jpg 60w\" sizes=\"auto, (max-width: 150px) 100vw, 150px\" \/><\/a>\n\t\t\t<\/div><\/figure><figure class='gallery-item'>\n\t\t\t<div class='gallery-icon landscape'>\n\t\t\t\t<a href='https:\/\/barroca.com.br\/site\/escolhidas-20\/'><img loading=\"lazy\" decoding=\"async\" width=\"150\" height=\"150\" src=\"https:\/\/barroca.com.br\/site\/wp-content\/uploads\/2019\/02\/escolhidas-20-150x150.jpg\" class=\"attachment-thumbnail size-thumbnail\" alt=\"\" \/><\/a>\n\t\t\t<\/div><\/figure><figure class='gallery-item'>\n\t\t\t<div class='gallery-icon landscape'>\n\t\t\t\t<a href='https:\/\/barroca.com.br\/site\/escolhidas-21\/'><img loading=\"lazy\" decoding=\"async\" width=\"150\" height=\"84\" src=\"https:\/\/barroca.com.br\/site\/wp-content\/uploads\/2019\/02\/escolhidas-21-scaled.jpg\" class=\"attachment-thumbnail size-thumbnail\" alt=\"\" \/><\/a>\n\t\t\t<\/div><\/figure><figure class='gallery-item'>\n\t\t\t<div class='gallery-icon landscape'>\n\t\t\t\t<a href='https:\/\/barroca.com.br\/site\/escolhidas-22\/'><img loading=\"lazy\" decoding=\"async\" width=\"150\" height=\"150\" src=\"https:\/\/barroca.com.br\/site\/wp-content\/uploads\/2019\/02\/escolhidas-22-150x150.jpg\" class=\"attachment-thumbnail size-thumbnail\" alt=\"\" srcset=\"https:\/\/barroca.com.br\/site\/wp-content\/uploads\/2019\/02\/escolhidas-22-150x150.jpg 150w, https:\/\/barroca.com.br\/site\/wp-content\/uploads\/2019\/02\/escolhidas-22-60x60.jpg 60w\" sizes=\"auto, (max-width: 150px) 100vw, 150px\" \/><\/a>\n\t\t\t<\/div><\/figure><figure class='gallery-item'>\n\t\t\t<div class='gallery-icon landscape'>\n\t\t\t\t<a href='https:\/\/barroca.com.br\/site\/escolhidas-23\/'><img loading=\"lazy\" decoding=\"async\" width=\"150\" height=\"150\" src=\"https:\/\/barroca.com.br\/site\/wp-content\/uploads\/2019\/02\/escolhidas-23-150x150.jpg\" class=\"attachment-thumbnail size-thumbnail\" alt=\"\" \/><\/a>\n\t\t\t<\/div><\/figure><figure class='gallery-item'>\n\t\t\t<div class='gallery-icon landscape'>\n\t\t\t\t<a href='https:\/\/barroca.com.br\/site\/escolhidas-24\/'><img loading=\"lazy\" decoding=\"async\" width=\"150\" height=\"150\" src=\"https:\/\/barroca.com.br\/site\/wp-content\/uploads\/2019\/02\/escolhidas-24-150x150.jpg\" class=\"attachment-thumbnail size-thumbnail\" alt=\"\" srcset=\"https:\/\/barroca.com.br\/site\/wp-content\/uploads\/2019\/02\/escolhidas-24-150x150.jpg 150w, https:\/\/barroca.com.br\/site\/wp-content\/uploads\/2019\/02\/escolhidas-24-60x60.jpg 60w\" sizes=\"auto, (max-width: 150px) 100vw, 150px\" \/><\/a>\n\t\t\t<\/div><\/figure><figure class='gallery-item'>\n\t\t\t<div class='gallery-icon landscape'>\n\t\t\t\t<a href='https:\/\/barroca.com.br\/site\/escolhidas-25\/'><img loading=\"lazy\" decoding=\"async\" width=\"150\" height=\"150\" src=\"https:\/\/barroca.com.br\/site\/wp-content\/uploads\/2019\/02\/escolhidas-25-150x150.jpg\" class=\"attachment-thumbnail size-thumbnail\" alt=\"\" srcset=\"https:\/\/barroca.com.br\/site\/wp-content\/uploads\/2019\/02\/escolhidas-25-150x150.jpg 150w, https:\/\/barroca.com.br\/site\/wp-content\/uploads\/2019\/02\/escolhidas-25-60x60.jpg 60w\" sizes=\"auto, (max-width: 150px) 100vw, 150px\" \/><\/a>\n\t\t\t<\/div><\/figure><figure class='gallery-item'>\n\t\t\t<div class='gallery-icon landscape'>\n\t\t\t\t<a href='https:\/\/barroca.com.br\/site\/escolhidas-26\/'><img loading=\"lazy\" decoding=\"async\" width=\"150\" height=\"150\" src=\"https:\/\/barroca.com.br\/site\/wp-content\/uploads\/2019\/02\/escolhidas-26-150x150.jpg\" class=\"attachment-thumbnail size-thumbnail\" alt=\"\" srcset=\"https:\/\/barroca.com.br\/site\/wp-content\/uploads\/2019\/02\/escolhidas-26-150x150.jpg 150w, https:\/\/barroca.com.br\/site\/wp-content\/uploads\/2019\/02\/escolhidas-26-60x60.jpg 60w\" sizes=\"auto, (max-width: 150px) 100vw, 150px\" \/><\/a>\n\t\t\t<\/div><\/figure><figure class='gallery-item'>\n\t\t\t<div class='gallery-icon landscape'>\n\t\t\t\t<a href='https:\/\/barroca.com.br\/site\/escolhidas-27\/'><img loading=\"lazy\" decoding=\"async\" width=\"150\" height=\"150\" src=\"https:\/\/barroca.com.br\/site\/wp-content\/uploads\/2019\/02\/escolhidas-27-150x150.jpg\" class=\"attachment-thumbnail size-thumbnail\" alt=\"\" \/><\/a>\n\t\t\t<\/div><\/figure><figure class='gallery-item'>\n\t\t\t<div class='gallery-icon landscape'>\n\t\t\t\t<a href='https:\/\/barroca.com.br\/site\/escolhidas-28\/'><img loading=\"lazy\" decoding=\"async\" width=\"150\" height=\"150\" src=\"https:\/\/barroca.com.br\/site\/wp-content\/uploads\/2019\/02\/escolhidas-28-150x150.jpg\" class=\"attachment-thumbnail size-thumbnail\" alt=\"\" srcset=\"https:\/\/barroca.com.br\/site\/wp-content\/uploads\/2019\/02\/escolhidas-28-150x150.jpg 150w, https:\/\/barroca.com.br\/site\/wp-content\/uploads\/2019\/02\/escolhidas-28-60x60.jpg 60w\" sizes=\"auto, (max-width: 150px) 100vw, 150px\" \/><\/a>\n\t\t\t<\/div><\/figure><figure class='gallery-item'>\n\t\t\t<div class='gallery-icon portrait'>\n\t\t\t\t<a href='https:\/\/barroca.com.br\/site\/escolhidas-29\/'><img loading=\"lazy\" decoding=\"async\" width=\"150\" height=\"150\" src=\"https:\/\/barroca.com.br\/site\/wp-content\/uploads\/2019\/02\/escolhidas-29-150x150.jpg\" class=\"attachment-thumbnail size-thumbnail\" alt=\"\" srcset=\"https:\/\/barroca.com.br\/site\/wp-content\/uploads\/2019\/02\/escolhidas-29-150x150.jpg 150w, https:\/\/barroca.com.br\/site\/wp-content\/uploads\/2019\/02\/escolhidas-29-60x60.jpg 60w\" sizes=\"auto, (max-width: 150px) 100vw, 150px\" \/><\/a>\n\t\t\t<\/div><\/figure><figure class='gallery-item'>\n\t\t\t<div class='gallery-icon landscape'>\n\t\t\t\t<a href='https:\/\/barroca.com.br\/site\/escolhidas-30\/'><img loading=\"lazy\" decoding=\"async\" width=\"150\" height=\"150\" src=\"https:\/\/barroca.com.br\/site\/wp-content\/uploads\/2019\/02\/escolhidas-30-150x150.jpg\" class=\"attachment-thumbnail size-thumbnail\" alt=\"\" srcset=\"https:\/\/barroca.com.br\/site\/wp-content\/uploads\/2019\/02\/escolhidas-30-150x150.jpg 150w, https:\/\/barroca.com.br\/site\/wp-content\/uploads\/2019\/02\/escolhidas-30-60x60.jpg 60w\" sizes=\"auto, (max-width: 150px) 100vw, 150px\" \/><\/a>\n\t\t\t<\/div><\/figure><figure class='gallery-item'>\n\t\t\t<div class='gallery-icon portrait'>\n\t\t\t\t<a href='https:\/\/barroca.com.br\/site\/escolhidas-31\/'><img loading=\"lazy\" decoding=\"async\" width=\"150\" height=\"150\" src=\"https:\/\/barroca.com.br\/site\/wp-content\/uploads\/2019\/02\/escolhidas-31-150x150.jpg\" class=\"attachment-thumbnail size-thumbnail\" alt=\"\" \/><\/a>\n\t\t\t<\/div><\/figure><figure class='gallery-item'>\n\t\t\t<div class='gallery-icon landscape'>\n\t\t\t\t<a href='https:\/\/barroca.com.br\/site\/escolhidas-32\/'><img loading=\"lazy\" decoding=\"async\" width=\"150\" height=\"150\" src=\"https:\/\/barroca.com.br\/site\/wp-content\/uploads\/2019\/02\/escolhidas-32-150x150.jpg\" class=\"attachment-thumbnail size-thumbnail\" alt=\"\" srcset=\"https:\/\/barroca.com.br\/site\/wp-content\/uploads\/2019\/02\/escolhidas-32-150x150.jpg 150w, https:\/\/barroca.com.br\/site\/wp-content\/uploads\/2019\/02\/escolhidas-32-60x60.jpg 60w\" sizes=\"auto, (max-width: 150px) 100vw, 150px\" \/><\/a>\n\t\t\t<\/div><\/figure><figure class='gallery-item'>\n\t\t\t<div class='gallery-icon portrait'>\n\t\t\t\t<a href='https:\/\/barroca.com.br\/site\/escolhidas-33\/'><img loading=\"lazy\" decoding=\"async\" width=\"150\" height=\"150\" src=\"https:\/\/barroca.com.br\/site\/wp-content\/uploads\/2019\/02\/escolhidas-33-150x150.jpg\" class=\"attachment-thumbnail size-thumbnail\" alt=\"\" srcset=\"https:\/\/barroca.com.br\/site\/wp-content\/uploads\/2019\/02\/escolhidas-33-150x150.jpg 150w, https:\/\/barroca.com.br\/site\/wp-content\/uploads\/2019\/02\/escolhidas-33-60x60.jpg 60w\" sizes=\"auto, (max-width: 150px) 100vw, 150px\" \/><\/a>\n\t\t\t<\/div><\/figure><figure class='gallery-item'>\n\t\t\t<div class='gallery-icon landscape'>\n\t\t\t\t<a href='https:\/\/barroca.com.br\/site\/escolhidas-34\/'><img loading=\"lazy\" decoding=\"async\" width=\"150\" height=\"150\" src=\"https:\/\/barroca.com.br\/site\/wp-content\/uploads\/2019\/02\/escolhidas-34-150x150.jpg\" class=\"attachment-thumbnail size-thumbnail\" alt=\"\" srcset=\"https:\/\/barroca.com.br\/site\/wp-content\/uploads\/2019\/02\/escolhidas-34-150x150.jpg 150w, https:\/\/barroca.com.br\/site\/wp-content\/uploads\/2019\/02\/escolhidas-34-60x60.jpg 60w\" sizes=\"auto, (max-width: 150px) 100vw, 150px\" \/><\/a>\n\t\t\t<\/div><\/figure><figure class='gallery-item'>\n\t\t\t<div class='gallery-icon landscape'>\n\t\t\t\t<a href='https:\/\/barroca.com.br\/site\/escolhidas-35\/'><img loading=\"lazy\" decoding=\"async\" width=\"150\" height=\"150\" src=\"https:\/\/barroca.com.br\/site\/wp-content\/uploads\/2019\/02\/escolhidas-35-150x150.jpg\" class=\"attachment-thumbnail size-thumbnail\" alt=\"\" srcset=\"https:\/\/barroca.com.br\/site\/wp-content\/uploads\/2019\/02\/escolhidas-35-150x150.jpg 150w, https:\/\/barroca.com.br\/site\/wp-content\/uploads\/2019\/02\/escolhidas-35-60x60.jpg 60w\" sizes=\"auto, (max-width: 150px) 100vw, 150px\" \/><\/a>\n\t\t\t<\/div><\/figure><figure class='gallery-item'>\n\t\t\t<div class='gallery-icon landscape'>\n\t\t\t\t<a href='https:\/\/barroca.com.br\/site\/escolhidas-36\/'><img loading=\"lazy\" decoding=\"async\" width=\"150\" height=\"150\" src=\"https:\/\/barroca.com.br\/site\/wp-content\/uploads\/2019\/02\/escolhidas-36-150x150.jpg\" class=\"attachment-thumbnail size-thumbnail\" alt=\"\" srcset=\"https:\/\/barroca.com.br\/site\/wp-content\/uploads\/2019\/02\/escolhidas-36-150x150.jpg 150w, https:\/\/barroca.com.br\/site\/wp-content\/uploads\/2019\/02\/escolhidas-36-60x60.jpg 60w\" sizes=\"auto, (max-width: 150px) 100vw, 150px\" \/><\/a>\n\t\t\t<\/div><\/figure><figure class='gallery-item'>\n\t\t\t<div class='gallery-icon landscape'>\n\t\t\t\t<a href='https:\/\/barroca.com.br\/site\/escolhidas-37\/'><img loading=\"lazy\" decoding=\"async\" width=\"150\" height=\"150\" src=\"https:\/\/barroca.com.br\/site\/wp-content\/uploads\/2019\/02\/escolhidas-37-150x150.jpg\" class=\"attachment-thumbnail size-thumbnail\" alt=\"\" srcset=\"https:\/\/barroca.com.br\/site\/wp-content\/uploads\/2019\/02\/escolhidas-37-150x150.jpg 150w, https:\/\/barroca.com.br\/site\/wp-content\/uploads\/2019\/02\/escolhidas-37-60x60.jpg 60w\" sizes=\"auto, (max-width: 150px) 100vw, 150px\" \/><\/a>\n\t\t\t<\/div><\/figure><figure class='gallery-item'>\n\t\t\t<div class='gallery-icon landscape'>\n\t\t\t\t<a href='https:\/\/barroca.com.br\/site\/escolhidas-38\/'><img loading=\"lazy\" decoding=\"async\" width=\"150\" height=\"150\" src=\"https:\/\/barroca.com.br\/site\/wp-content\/uploads\/2019\/02\/escolhidas-38-150x150.jpg\" class=\"attachment-thumbnail size-thumbnail\" alt=\"\" srcset=\"https:\/\/barroca.com.br\/site\/wp-content\/uploads\/2019\/02\/escolhidas-38-150x150.jpg 150w, https:\/\/barroca.com.br\/site\/wp-content\/uploads\/2019\/02\/escolhidas-38-60x60.jpg 60w\" sizes=\"auto, (max-width: 150px) 100vw, 150px\" \/><\/a>\n\t\t\t<\/div><\/figure>\n\t\t<\/div>\n\n","protected":false},"excerpt":{"rendered":"<p>O Barroca agradece a todos os atletas e participantes do nosso primeiro Torneio de Duplas. A competi\u00e7\u00e3o foi realizada em parceria com a Federa\u00e7\u00e3o Mineira de T\u00eanis, a Casalechi Eventos, a ag\u00eancia ETC Comunica\u00e7\u00e3o, Decis\u00e3o Engenharia,&nbsp; Conape Servi\u00e7os, Restaurante Antonielle. Confira a classifica\u00e7\u00e3o dos atletas: 2\u00aa Classe Campe\u00e3o: Henrique Vieira e Victor Silva Vice Campe\u00e3o: [&hellip;]<\/p>\n","protected":false},"author":1,"featured_media":6474,"comment_status":"open","ping_status":"open","sticky":false,"template":"","format":"standard","meta":{"_acf_changed":false,"footnotes":""},"categories":[164,29,20],"tags":[21],"class_list":["post-4746","post","type-post","status-publish","format-standard","has-post-thumbnail","hentry","category-aconteceu","category-barroca","category-eventos","tag-barroca"],"acf":[],"yoast_head":"<!-- This site is optimized with the Yoast SEO plugin v27.9 - https:\/\/yoast.com\/product\/yoast-seo-wordpress\/ -->\n<title>Torneio de Duplas Federa\u00e7\u00e3o Mineira de T\u00eanis - Barroca T\u00eanis Clube<\/title>\n<meta name=\"robots\" content=\"index, follow, max-snippet:-1, max-image-preview:large, max-video-preview:-1\" \/>\n<link rel=\"canonical\" href=\"https:\/\/barroca.com.br\/site\/torneio-de-duplas-federacao-mineira-de-tenis\/\" \/>\n<meta property=\"og:locale\" content=\"pt_BR\" \/>\n<meta property=\"og:type\" content=\"article\" \/>\n<meta property=\"og:title\" content=\"Torneio de Duplas Federa\u00e7\u00e3o Mineira de T\u00eanis - Barroca T\u00eanis Clube\" \/>\n<meta property=\"og:description\" content=\"O Barroca agradece a todos os atletas e participantes do nosso primeiro Torneio de Duplas. A competi\u00e7\u00e3o foi realizada em parceria com a Federa\u00e7\u00e3o Mineira de T\u00eanis, a Casalechi Eventos, a ag\u00eancia ETC Comunica\u00e7\u00e3o, Decis\u00e3o Engenharia,&nbsp; Conape Servi\u00e7os, Restaurante Antonielle. Confira a classifica\u00e7\u00e3o dos atletas: 2\u00aa Classe Campe\u00e3o: Henrique Vieira e Victor Silva Vice Campe\u00e3o: [&hellip;]\" \/>\n<meta property=\"og:url\" content=\"https:\/\/barroca.com.br\/site\/torneio-de-duplas-federacao-mineira-de-tenis\/\" \/>\n<meta property=\"og:site_name\" content=\"Barroca T\u00eanis Clube\" \/>\n<meta property=\"article:published_time\" content=\"2019-02-25T20:40:49+00:00\" \/>\n<meta property=\"og:image\" content=\"https:\/\/barroca.com.br\/site\/wp-content\/uploads\/2019\/02\/Captura-de-Tela-2019-02-25-a\u0300s-17.39.40.png\" \/>\n\t<meta property=\"og:image:width\" content=\"968\" \/>\n\t<meta property=\"og:image:height\" content=\"548\" \/>\n\t<meta property=\"og:image:type\" content=\"image\/png\" \/>\n<meta name=\"author\" content=\"admin\" \/>\n<meta name=\"twitter:card\" content=\"summary_large_image\" \/>\n<meta name=\"twitter:label1\" content=\"Escrito por\" \/>\n\t<meta name=\"twitter:data1\" content=\"admin\" \/>\n\t<meta name=\"twitter:label2\" content=\"Est. tempo de leitura\" \/>\n\t<meta name=\"twitter:data2\" content=\"1 minuto\" \/>\n<script type=\"application\/ld+json\" class=\"yoast-schema-graph\">{\"@context\":\"https:\\\/\\\/schema.org\",\"@graph\":[{\"@type\":\"Article\",\"@id\":\"https:\\\/\\\/barroca.com.br\\\/site\\\/torneio-de-duplas-federacao-mineira-de-tenis\\\/#article\",\"isPartOf\":{\"@id\":\"https:\\\/\\\/barroca.com.br\\\/site\\\/torneio-de-duplas-federacao-mineira-de-tenis\\\/\"},\"author\":{\"name\":\"admin\",\"@id\":\"https:\\\/\\\/barroca.com.br\\\/site\\\/#\\\/schema\\\/person\\\/4bd3687d5c267a5c16eebc047aec4c87\"},\"headline\":\"Torneio de Duplas Federa\u00e7\u00e3o Mineira de T\u00eanis\",\"datePublished\":\"2019-02-25T20:40:49+00:00\",\"mainEntityOfPage\":{\"@id\":\"https:\\\/\\\/barroca.com.br\\\/site\\\/torneio-de-duplas-federacao-mineira-de-tenis\\\/\"},\"wordCount\":196,\"commentCount\":0,\"image\":{\"@id\":\"https:\\\/\\\/barroca.com.br\\\/site\\\/torneio-de-duplas-federacao-mineira-de-tenis\\\/#primaryimage\"},\"thumbnailUrl\":\"https:\\\/\\\/barroca.com.br\\\/site\\\/wp-content\\\/uploads\\\/2019\\\/02\\\/Captura-de-Tela-2019-02-25-a\u0300s-17.39.40.png\",\"keywords\":[\"Barroca\"],\"articleSection\":[\"Aconteceu\",\"Barroca\",\"Eventos\"],\"inLanguage\":\"pt-BR\",\"potentialAction\":[{\"@type\":\"CommentAction\",\"name\":\"Comment\",\"target\":[\"https:\\\/\\\/barroca.com.br\\\/site\\\/torneio-de-duplas-federacao-mineira-de-tenis\\\/#respond\"]}]},{\"@type\":\"WebPage\",\"@id\":\"https:\\\/\\\/barroca.com.br\\\/site\\\/torneio-de-duplas-federacao-mineira-de-tenis\\\/\",\"url\":\"https:\\\/\\\/barroca.com.br\\\/site\\\/torneio-de-duplas-federacao-mineira-de-tenis\\\/\",\"name\":\"Torneio de Duplas Federa\u00e7\u00e3o Mineira de T\u00eanis - Barroca T\u00eanis Clube\",\"isPartOf\":{\"@id\":\"https:\\\/\\\/barroca.com.br\\\/site\\\/#website\"},\"primaryImageOfPage\":{\"@id\":\"https:\\\/\\\/barroca.com.br\\\/site\\\/torneio-de-duplas-federacao-mineira-de-tenis\\\/#primaryimage\"},\"image\":{\"@id\":\"https:\\\/\\\/barroca.com.br\\\/site\\\/torneio-de-duplas-federacao-mineira-de-tenis\\\/#primaryimage\"},\"thumbnailUrl\":\"https:\\\/\\\/barroca.com.br\\\/site\\\/wp-content\\\/uploads\\\/2019\\\/02\\\/Captura-de-Tela-2019-02-25-a\u0300s-17.39.40.png\",\"datePublished\":\"2019-02-25T20:40:49+00:00\",\"author\":{\"@id\":\"https:\\\/\\\/barroca.com.br\\\/site\\\/#\\\/schema\\\/person\\\/4bd3687d5c267a5c16eebc047aec4c87\"},\"breadcrumb\":{\"@id\":\"https:\\\/\\\/barroca.com.br\\\/site\\\/torneio-de-duplas-federacao-mineira-de-tenis\\\/#breadcrumb\"},\"inLanguage\":\"pt-BR\",\"potentialAction\":[{\"@type\":\"ReadAction\",\"target\":[\"https:\\\/\\\/barroca.com.br\\\/site\\\/torneio-de-duplas-federacao-mineira-de-tenis\\\/\"]}]},{\"@type\":\"ImageObject\",\"inLanguage\":\"pt-BR\",\"@id\":\"https:\\\/\\\/barroca.com.br\\\/site\\\/torneio-de-duplas-federacao-mineira-de-tenis\\\/#primaryimage\",\"url\":\"https:\\\/\\\/barroca.com.br\\\/site\\\/wp-content\\\/uploads\\\/2019\\\/02\\\/Captura-de-Tela-2019-02-25-a\u0300s-17.39.40.png\",\"contentUrl\":\"https:\\\/\\\/barroca.com.br\\\/site\\\/wp-content\\\/uploads\\\/2019\\\/02\\\/Captura-de-Tela-2019-02-25-a\u0300s-17.39.40.png\",\"width\":968,\"height\":548},{\"@type\":\"BreadcrumbList\",\"@id\":\"https:\\\/\\\/barroca.com.br\\\/site\\\/torneio-de-duplas-federacao-mineira-de-tenis\\\/#breadcrumb\",\"itemListElement\":[{\"@type\":\"ListItem\",\"position\":1,\"name\":\"Home\",\"item\":\"https:\\\/\\\/barroca.com.br\\\/site\\\/\"},{\"@type\":\"ListItem\",\"position\":2,\"name\":\"Torneio de Duplas Federa\u00e7\u00e3o Mineira de T\u00eanis\"}]},{\"@type\":\"WebSite\",\"@id\":\"https:\\\/\\\/barroca.com.br\\\/site\\\/#website\",\"url\":\"https:\\\/\\\/barroca.com.br\\\/site\\\/\",\"name\":\"Barroca T\u00eanis Clube\",\"description\":\"\",\"potentialAction\":[{\"@type\":\"SearchAction\",\"target\":{\"@type\":\"EntryPoint\",\"urlTemplate\":\"https:\\\/\\\/barroca.com.br\\\/site\\\/?s={search_term_string}\"},\"query-input\":{\"@type\":\"PropertyValueSpecification\",\"valueRequired\":true,\"valueName\":\"search_term_string\"}}],\"inLanguage\":\"pt-BR\"},{\"@type\":\"Person\",\"@id\":\"https:\\\/\\\/barroca.com.br\\\/site\\\/#\\\/schema\\\/person\\\/4bd3687d5c267a5c16eebc047aec4c87\",\"name\":\"admin\",\"image\":{\"@type\":\"ImageObject\",\"inLanguage\":\"pt-BR\",\"@id\":\"https:\\\/\\\/secure.gravatar.com\\\/avatar\\\/2f804b64370abb1c325d1a425a3701ad3e11f373042be8a0ecf9f97248534775?s=96&d=mm&r=g\",\"url\":\"https:\\\/\\\/secure.gravatar.com\\\/avatar\\\/2f804b64370abb1c325d1a425a3701ad3e11f373042be8a0ecf9f97248534775?s=96&d=mm&r=g\",\"contentUrl\":\"https:\\\/\\\/secure.gravatar.com\\\/avatar\\\/2f804b64370abb1c325d1a425a3701ad3e11f373042be8a0ecf9f97248534775?s=96&d=mm&r=g\",\"caption\":\"admin\"},\"sameAs\":[\"http:\\\/\\\/barroca.com.br\\\/site\"],\"url\":\"https:\\\/\\\/barroca.com.br\\\/site\\\/author\\\/admin\\\/\"}]}<\/script>\n<!-- \/ Yoast SEO plugin. -->","yoast_head_json":{"title":"Torneio de Duplas Federa\u00e7\u00e3o Mineira de T\u00eanis - Barroca T\u00eanis Clube","robots":{"index":"index","follow":"follow","max-snippet":"max-snippet:-1","max-image-preview":"max-image-preview:large","max-video-preview":"max-video-preview:-1"},"canonical":"https:\/\/barroca.com.br\/site\/torneio-de-duplas-federacao-mineira-de-tenis\/","og_locale":"pt_BR","og_type":"article","og_title":"Torneio de Duplas Federa\u00e7\u00e3o Mineira de T\u00eanis - Barroca T\u00eanis Clube","og_description":"O Barroca agradece a todos os atletas e participantes do nosso primeiro Torneio de Duplas. A competi\u00e7\u00e3o foi realizada em parceria com a Federa\u00e7\u00e3o Mineira de T\u00eanis, a Casalechi Eventos, a ag\u00eancia ETC Comunica\u00e7\u00e3o, Decis\u00e3o Engenharia,&nbsp; Conape Servi\u00e7os, Restaurante Antonielle. Confira a classifica\u00e7\u00e3o dos atletas: 2\u00aa Classe Campe\u00e3o: Henrique Vieira e Victor Silva Vice Campe\u00e3o: [&hellip;]","og_url":"https:\/\/barroca.com.br\/site\/torneio-de-duplas-federacao-mineira-de-tenis\/","og_site_name":"Barroca T\u00eanis Clube","article_published_time":"2019-02-25T20:40:49+00:00","og_image":[{"width":968,"height":548,"url":"https:\/\/barroca.com.br\/site\/wp-content\/uploads\/2019\/02\/Captura-de-Tela-2019-02-25-a\u0300s-17.39.40.png","type":"image\/png"}],"author":"admin","twitter_card":"summary_large_image","twitter_misc":{"Escrito por":"admin","Est. tempo de leitura":"1 minuto"},"schema":{"@context":"https:\/\/schema.org","@graph":[{"@type":"Article","@id":"https:\/\/barroca.com.br\/site\/torneio-de-duplas-federacao-mineira-de-tenis\/#article","isPartOf":{"@id":"https:\/\/barroca.com.br\/site\/torneio-de-duplas-federacao-mineira-de-tenis\/"},"author":{"name":"admin","@id":"https:\/\/barroca.com.br\/site\/#\/schema\/person\/4bd3687d5c267a5c16eebc047aec4c87"},"headline":"Torneio de Duplas Federa\u00e7\u00e3o Mineira de T\u00eanis","datePublished":"2019-02-25T20:40:49+00:00","mainEntityOfPage":{"@id":"https:\/\/barroca.com.br\/site\/torneio-de-duplas-federacao-mineira-de-tenis\/"},"wordCount":196,"commentCount":0,"image":{"@id":"https:\/\/barroca.com.br\/site\/torneio-de-duplas-federacao-mineira-de-tenis\/#primaryimage"},"thumbnailUrl":"https:\/\/barroca.com.br\/site\/wp-content\/uploads\/2019\/02\/Captura-de-Tela-2019-02-25-a\u0300s-17.39.40.png","keywords":["Barroca"],"articleSection":["Aconteceu","Barroca","Eventos"],"inLanguage":"pt-BR","potentialAction":[{"@type":"CommentAction","name":"Comment","target":["https:\/\/barroca.com.br\/site\/torneio-de-duplas-federacao-mineira-de-tenis\/#respond"]}]},{"@type":"WebPage","@id":"https:\/\/barroca.com.br\/site\/torneio-de-duplas-federacao-mineira-de-tenis\/","url":"https:\/\/barroca.com.br\/site\/torneio-de-duplas-federacao-mineira-de-tenis\/","name":"Torneio de Duplas Federa\u00e7\u00e3o Mineira de T\u00eanis - Barroca T\u00eanis Clube","isPartOf":{"@id":"https:\/\/barroca.com.br\/site\/#website"},"primaryImageOfPage":{"@id":"https:\/\/barroca.com.br\/site\/torneio-de-duplas-federacao-mineira-de-tenis\/#primaryimage"},"image":{"@id":"https:\/\/barroca.com.br\/site\/torneio-de-duplas-federacao-mineira-de-tenis\/#primaryimage"},"thumbnailUrl":"https:\/\/barroca.com.br\/site\/wp-content\/uploads\/2019\/02\/Captura-de-Tela-2019-02-25-a\u0300s-17.39.40.png","datePublished":"2019-02-25T20:40:49+00:00","author":{"@id":"https:\/\/barroca.com.br\/site\/#\/schema\/person\/4bd3687d5c267a5c16eebc047aec4c87"},"breadcrumb":{"@id":"https:\/\/barroca.com.br\/site\/torneio-de-duplas-federacao-mineira-de-tenis\/#breadcrumb"},"inLanguage":"pt-BR","potentialAction":[{"@type":"ReadAction","target":["https:\/\/barroca.com.br\/site\/torneio-de-duplas-federacao-mineira-de-tenis\/"]}]},{"@type":"ImageObject","inLanguage":"pt-BR","@id":"https:\/\/barroca.com.br\/site\/torneio-de-duplas-federacao-mineira-de-tenis\/#primaryimage","url":"https:\/\/barroca.com.br\/site\/wp-content\/uploads\/2019\/02\/Captura-de-Tela-2019-02-25-a\u0300s-17.39.40.png","contentUrl":"https:\/\/barroca.com.br\/site\/wp-content\/uploads\/2019\/02\/Captura-de-Tela-2019-02-25-a\u0300s-17.39.40.png","width":968,"height":548},{"@type":"BreadcrumbList","@id":"https:\/\/barroca.com.br\/site\/torneio-de-duplas-federacao-mineira-de-tenis\/#breadcrumb","itemListElement":[{"@type":"ListItem","position":1,"name":"Home","item":"https:\/\/barroca.com.br\/site\/"},{"@type":"ListItem","position":2,"name":"Torneio de Duplas Federa\u00e7\u00e3o Mineira de T\u00eanis"}]},{"@type":"WebSite","@id":"https:\/\/barroca.com.br\/site\/#website","url":"https:\/\/barroca.com.br\/site\/","name":"Barroca T\u00eanis Clube","description":"","potentialAction":[{"@type":"SearchAction","target":{"@type":"EntryPoint","urlTemplate":"https:\/\/barroca.com.br\/site\/?s={search_term_string}"},"query-input":{"@type":"PropertyValueSpecification","valueRequired":true,"valueName":"search_term_string"}}],"inLanguage":"pt-BR"},{"@type":"Person","@id":"https:\/\/barroca.com.br\/site\/#\/schema\/person\/4bd3687d5c267a5c16eebc047aec4c87","name":"admin","image":{"@type":"ImageObject","inLanguage":"pt-BR","@id":"https:\/\/secure.gravatar.com\/avatar\/2f804b64370abb1c325d1a425a3701ad3e11f373042be8a0ecf9f97248534775?s=96&d=mm&r=g","url":"https:\/\/secure.gravatar.com\/avatar\/2f804b64370abb1c325d1a425a3701ad3e11f373042be8a0ecf9f97248534775?s=96&d=mm&r=g","contentUrl":"https:\/\/secure.gravatar.com\/avatar\/2f804b64370abb1c325d1a425a3701ad3e11f373042be8a0ecf9f97248534775?s=96&d=mm&r=g","caption":"admin"},"sameAs":["http:\/\/barroca.com.br\/site"],"url":"https:\/\/barroca.com.br\/site\/author\/admin\/"}]}},"_links":{"self":[{"href":"https:\/\/barroca.com.br\/site\/wp-json\/wp\/v2\/posts\/4746","targetHints":{"allow":["GET"]}}],"collection":[{"href":"https:\/\/barroca.com.br\/site\/wp-json\/wp\/v2\/posts"}],"about":[{"href":"https:\/\/barroca.com.br\/site\/wp-json\/wp\/v2\/types\/post"}],"author":[{"embeddable":true,"href":"https:\/\/barroca.com.br\/site\/wp-json\/wp\/v2\/users\/1"}],"replies":[{"embeddable":true,"href":"https:\/\/barroca.com.br\/site\/wp-json\/wp\/v2\/comments?post=4746"}],"version-history":[{"count":0,"href":"https:\/\/barroca.com.br\/site\/wp-json\/wp\/v2\/posts\/4746\/revisions"}],"wp:featuredmedia":[{"embeddable":true,"href":"https:\/\/barroca.com.br\/site\/wp-json\/wp\/v2\/media\/6474"}],"wp:attachment":[{"href":"https:\/\/barroca.com.br\/site\/wp-json\/wp\/v2\/media?parent=4746"}],"wp:term":[{"taxonomy":"category","embeddable":true,"href":"https:\/\/barroca.com.br\/site\/wp-json\/wp\/v2\/categories?post=4746"},{"taxonomy":"post_tag","embeddable":true,"href":"https:\/\/barroca.com.br\/site\/wp-json\/wp\/v2\/tags?post=4746"}],"curies":[{"name":"wp","href":"https:\/\/api.w.org\/{rel}","templated":true}]}}