{"id":4537,"date":"2018-12-11T14:04:19","date_gmt":"2018-12-11T17:04:19","guid":{"rendered":"http:\/\/barroca.com.br\/site\/?p=4537"},"modified":"2018-12-11T14:04:19","modified_gmt":"2018-12-11T17:04:19","slug":"torneio-internacional-infantil-mario-queiroz-e-do-torneio-pre-cadete-nacional","status":"publish","type":"post","link":"https:\/\/barroca.com.br\/site\/torneio-internacional-infantil-mario-queiroz-e-do-torneio-pre-cadete-nacional\/","title":{"rendered":"Torneio Internacional Infantil M\u00e1rio Queiroz e do Torneio Pr\u00e9-Cadete Nacional."},"content":{"rendered":"<div id=\"js_77q\" class=\"_5pbx userContent _3576\" data-ad-preview=\"message\" data-ft=\"{&quot;tn&quot;:&quot;K&quot;}\">\n<p>Confira as fotos do Torneio Internacional Infantil M\u00e1rio Queiroz e do Torneio Pr\u00e9-Cadete Nacional.<\/p>\n<p>As competi\u00e7\u00f5es come\u00e7aram&nbsp; (19\/10) e&nbsp;foram at\u00e9 domingo (21\/10), no gin\u00e1sio do Barroca T\u00eanis Clube.<\/p>\n<p>Sempre torcendo pelos atletas da escola&nbsp;<a class=\"profileLink\" href=\"https:\/\/www.facebook.com\/esgrimabtc\/?__tn__=K-R&amp;eid=ARAipBswKMu8qG4GJnmAoQILGaykxrbHRv5f__jGLADLIiXLVId4cPvyTy5umJ4ZEsjYWMLKeWDNRik2&amp;fref=mentions&amp;__xts__%5B0%5D=68.ARDuncK03_xaJDgN3OQV8MWG-0JKF2m7GgUaLWrXkGTG-1DOTmRo4yiKHBqSloRAvFluVWpBg20OsicP9ERN8u0EI8brRHs_yLfl_Boj6UNis8OIxISpunlnXLtbGqhZ8_cy4K0Gfmchs4jO1tdwMi3-CoOK1DD23WzCbADjBzVGfr398xrMBx6lgsnhr7JABoN-dBlTGQrQpcpuLSJM7szi55EQQGMgFwITKhC59UUX9vDBznhdClLFujpQNhRjnzbalSQI_EynNpCrklyOKutfGOMB4xGYZ5GgzpQFkN1vxhkBaEoaCChK7dyWZT8xD2DAtvOLF78NaL_SPBO5NPw4BnDVrX1HwQNcLRJzhmnLnM80ft6akpk9K5Q1HvKt1PwcV6q3Csfwzui70Am36MvxZ00YNdk2AZ8Q_oXzJJd69jc\" data-hovercard=\"\/ajax\/hovercard\/page.php?id=193032694116407&amp;extragetparams=%7B%22__tn__%22%3A%22%2CdK-R-R%22%2C%22eid%22%3A%22ARAipBswKMu8qG4GJnmAoQILGaykxrbHRv5f__jGLADLIiXLVId4cPvyTy5umJ4ZEsjYWMLKeWDNRik2%22%2C%22fref%22%3A%22mentions%22%7D\" data-hovercard-prefer-more-content-show=\"1\">Esgrima Btc<\/a>!<\/p>\n<p>&nbsp;<\/p>\n<div id='gallery-1' class='gallery galleryid-4537 gallery-columns-2 gallery-size-full'><figure class='gallery-item'>\n\t\t\t<div class='gallery-icon landscape'>\n\t\t\t\t<a href='https:\/\/barroca.com.br\/site\/esgrima-1-2\/'><img loading=\"lazy\" decoding=\"async\" width=\"960\" height=\"540\" src=\"https:\/\/barroca.com.br\/site\/wp-content\/uploads\/2018\/12\/esgrima-1.jpg\" class=\"attachment-full size-full\" alt=\"\" srcset=\"https:\/\/barroca.com.br\/site\/wp-content\/uploads\/2018\/12\/esgrima-1.jpg 960w, https:\/\/barroca.com.br\/site\/wp-content\/uploads\/2018\/12\/esgrima-1-300x169.jpg 300w, https:\/\/barroca.com.br\/site\/wp-content\/uploads\/2018\/12\/esgrima-1-768x432.jpg 768w\" sizes=\"auto, (max-width: 960px) 100vw, 960px\" \/><\/a>\n\t\t\t<\/div><\/figure><figure class='gallery-item'>\n\t\t\t<div class='gallery-icon landscape'>\n\t\t\t\t<a href='https:\/\/barroca.com.br\/site\/esgrima-2-4\/'><img loading=\"lazy\" decoding=\"async\" width=\"960\" height=\"540\" src=\"https:\/\/barroca.com.br\/site\/wp-content\/uploads\/2018\/12\/esgrima-2.jpg\" class=\"attachment-full size-full\" alt=\"\" srcset=\"https:\/\/barroca.com.br\/site\/wp-content\/uploads\/2018\/12\/esgrima-2.jpg 960w, https:\/\/barroca.com.br\/site\/wp-content\/uploads\/2018\/12\/esgrima-2-300x169.jpg 300w, https:\/\/barroca.com.br\/site\/wp-content\/uploads\/2018\/12\/esgrima-2-768x432.jpg 768w\" sizes=\"auto, (max-width: 960px) 100vw, 960px\" \/><\/a>\n\t\t\t<\/div><\/figure><figure class='gallery-item'>\n\t\t\t<div class='gallery-icon landscape'>\n\t\t\t\t<a href='https:\/\/barroca.com.br\/site\/esgrima-3\/'><img loading=\"lazy\" decoding=\"async\" width=\"640\" height=\"627\" src=\"https:\/\/barroca.com.br\/site\/wp-content\/uploads\/2018\/12\/esgrima-3.jpg\" class=\"attachment-full size-full\" alt=\"\" srcset=\"https:\/\/barroca.com.br\/site\/wp-content\/uploads\/2018\/12\/esgrima-3.jpg 640w, https:\/\/barroca.com.br\/site\/wp-content\/uploads\/2018\/12\/esgrima-3-300x294.jpg 300w, https:\/\/barroca.com.br\/site\/wp-content\/uploads\/2018\/12\/esgrima-3-60x60.jpg 60w\" sizes=\"auto, (max-width: 640px) 100vw, 640px\" \/><\/a>\n\t\t\t<\/div><\/figure><figure class='gallery-item'>\n\t\t\t<div class='gallery-icon portrait'>\n\t\t\t\t<a href='https:\/\/barroca.com.br\/site\/esgrima-6\/'><img loading=\"lazy\" decoding=\"async\" width=\"720\" height=\"960\" src=\"https:\/\/barroca.com.br\/site\/wp-content\/uploads\/2018\/12\/esgrima-6.jpg\" class=\"attachment-full size-full\" alt=\"\" srcset=\"https:\/\/barroca.com.br\/site\/wp-content\/uploads\/2018\/12\/esgrima-6.jpg 720w, https:\/\/barroca.com.br\/site\/wp-content\/uploads\/2018\/12\/esgrima-6-225x300.jpg 225w\" sizes=\"auto, (max-width: 720px) 100vw, 720px\" \/><\/a>\n\t\t\t<\/div><\/figure><figure class='gallery-item'>\n\t\t\t<div class='gallery-icon landscape'>\n\t\t\t\t<a href='https:\/\/barroca.com.br\/site\/esgrima4\/'><img loading=\"lazy\" decoding=\"async\" width=\"960\" height=\"540\" src=\"https:\/\/barroca.com.br\/site\/wp-content\/uploads\/2018\/12\/esgrima4.jpg\" class=\"attachment-full size-full\" alt=\"\" srcset=\"https:\/\/barroca.com.br\/site\/wp-content\/uploads\/2018\/12\/esgrima4.jpg 960w, https:\/\/barroca.com.br\/site\/wp-content\/uploads\/2018\/12\/esgrima4-300x169.jpg 300w, https:\/\/barroca.com.br\/site\/wp-content\/uploads\/2018\/12\/esgrima4-768x432.jpg 768w\" sizes=\"auto, (max-width: 960px) 100vw, 960px\" \/><\/a>\n\t\t\t<\/div><\/figure>\n\t\t<\/div>\n\n<\/div>\n<div class=\"_3x-2\" data-ft=\"{&quot;tn&quot;:&quot;H&quot;}\">&nbsp;<\/div>\n","protected":false},"excerpt":{"rendered":"<p>Confira as fotos do Torneio Internacional Infantil M\u00e1rio Queiroz e do Torneio Pr\u00e9-Cadete Nacional. As competi\u00e7\u00f5es come\u00e7aram&nbsp; (19\/10) e&nbsp;foram at\u00e9 domingo (21\/10), no gin\u00e1sio do Barroca T\u00eanis Clube. Sempre torcendo pelos atletas da escola&nbsp;Esgrima Btc! &nbsp; &nbsp;<\/p>\n","protected":false},"author":1,"featured_media":4540,"comment_status":"open","ping_status":"open","sticky":false,"template":"","format":"standard","meta":{"_acf_changed":false,"footnotes":""},"categories":[164,29,196],"tags":[],"class_list":["post-4537","post","type-post","status-publish","format-standard","has-post-thumbnail","hentry","category-aconteceu","category-barroca","category-esgrima-3"],"acf":[],"yoast_head":"<!-- This site is optimized with the Yoast SEO plugin v27.9 - https:\/\/yoast.com\/product\/yoast-seo-wordpress\/ -->\n<title>Torneio Internacional Infantil M\u00e1rio Queiroz e do Torneio Pr\u00e9-Cadete Nacional. - Barroca T\u00eanis Clube<\/title>\n<meta name=\"robots\" content=\"index, follow, max-snippet:-1, max-image-preview:large, max-video-preview:-1\" \/>\n<link rel=\"canonical\" href=\"https:\/\/barroca.com.br\/site\/torneio-internacional-infantil-mario-queiroz-e-do-torneio-pre-cadete-nacional\/\" \/>\n<meta property=\"og:locale\" content=\"pt_BR\" \/>\n<meta property=\"og:type\" content=\"article\" \/>\n<meta property=\"og:title\" content=\"Torneio Internacional Infantil M\u00e1rio Queiroz e do Torneio Pr\u00e9-Cadete Nacional. - Barroca T\u00eanis Clube\" \/>\n<meta property=\"og:description\" content=\"Confira as fotos do Torneio Internacional Infantil M\u00e1rio Queiroz e do Torneio Pr\u00e9-Cadete Nacional. As competi\u00e7\u00f5es come\u00e7aram&nbsp; (19\/10) e&nbsp;foram at\u00e9 domingo (21\/10), no gin\u00e1sio do Barroca T\u00eanis Clube. Sempre torcendo pelos atletas da escola&nbsp;Esgrima Btc! &nbsp; &nbsp;\" \/>\n<meta property=\"og:url\" content=\"https:\/\/barroca.com.br\/site\/torneio-internacional-infantil-mario-queiroz-e-do-torneio-pre-cadete-nacional\/\" \/>\n<meta property=\"og:site_name\" content=\"Barroca T\u00eanis Clube\" \/>\n<meta property=\"article:published_time\" content=\"2018-12-11T17:04:19+00:00\" \/>\n<meta property=\"og:image\" content=\"https:\/\/barroca.com.br\/site\/wp-content\/uploads\/2018\/12\/esgrima-3.jpg\" \/>\n\t<meta property=\"og:image:width\" content=\"640\" \/>\n\t<meta property=\"og:image:height\" content=\"627\" \/>\n\t<meta property=\"og:image:type\" content=\"image\/jpeg\" \/>\n<meta name=\"author\" content=\"admin\" \/>\n<meta name=\"twitter:card\" content=\"summary_large_image\" \/>\n<meta name=\"twitter:label1\" content=\"Escrito por\" \/>\n\t<meta name=\"twitter:data1\" content=\"admin\" \/>\n<script type=\"application\/ld+json\" class=\"yoast-schema-graph\">{\"@context\":\"https:\\\/\\\/schema.org\",\"@graph\":[{\"@type\":\"Article\",\"@id\":\"https:\\\/\\\/barroca.com.br\\\/site\\\/torneio-internacional-infantil-mario-queiroz-e-do-torneio-pre-cadete-nacional\\\/#article\",\"isPartOf\":{\"@id\":\"https:\\\/\\\/barroca.com.br\\\/site\\\/torneio-internacional-infantil-mario-queiroz-e-do-torneio-pre-cadete-nacional\\\/\"},\"author\":{\"name\":\"admin\",\"@id\":\"https:\\\/\\\/barroca.com.br\\\/site\\\/#\\\/schema\\\/person\\\/4bd3687d5c267a5c16eebc047aec4c87\"},\"headline\":\"Torneio Internacional Infantil M\u00e1rio Queiroz e do Torneio Pr\u00e9-Cadete Nacional.\",\"datePublished\":\"2018-12-11T17:04:19+00:00\",\"mainEntityOfPage\":{\"@id\":\"https:\\\/\\\/barroca.com.br\\\/site\\\/torneio-internacional-infantil-mario-queiroz-e-do-torneio-pre-cadete-nacional\\\/\"},\"wordCount\":63,\"commentCount\":0,\"image\":{\"@id\":\"https:\\\/\\\/barroca.com.br\\\/site\\\/torneio-internacional-infantil-mario-queiroz-e-do-torneio-pre-cadete-nacional\\\/#primaryimage\"},\"thumbnailUrl\":\"https:\\\/\\\/barroca.com.br\\\/site\\\/wp-content\\\/uploads\\\/2018\\\/12\\\/esgrima-3.jpg\",\"articleSection\":[\"Aconteceu\",\"Barroca\",\"Esgrima\"],\"inLanguage\":\"pt-BR\",\"potentialAction\":[{\"@type\":\"CommentAction\",\"name\":\"Comment\",\"target\":[\"https:\\\/\\\/barroca.com.br\\\/site\\\/torneio-internacional-infantil-mario-queiroz-e-do-torneio-pre-cadete-nacional\\\/#respond\"]}]},{\"@type\":\"WebPage\",\"@id\":\"https:\\\/\\\/barroca.com.br\\\/site\\\/torneio-internacional-infantil-mario-queiroz-e-do-torneio-pre-cadete-nacional\\\/\",\"url\":\"https:\\\/\\\/barroca.com.br\\\/site\\\/torneio-internacional-infantil-mario-queiroz-e-do-torneio-pre-cadete-nacional\\\/\",\"name\":\"Torneio Internacional Infantil M\u00e1rio Queiroz e do Torneio Pr\u00e9-Cadete Nacional. - Barroca T\u00eanis Clube\",\"isPartOf\":{\"@id\":\"https:\\\/\\\/barroca.com.br\\\/site\\\/#website\"},\"primaryImageOfPage\":{\"@id\":\"https:\\\/\\\/barroca.com.br\\\/site\\\/torneio-internacional-infantil-mario-queiroz-e-do-torneio-pre-cadete-nacional\\\/#primaryimage\"},\"image\":{\"@id\":\"https:\\\/\\\/barroca.com.br\\\/site\\\/torneio-internacional-infantil-mario-queiroz-e-do-torneio-pre-cadete-nacional\\\/#primaryimage\"},\"thumbnailUrl\":\"https:\\\/\\\/barroca.com.br\\\/site\\\/wp-content\\\/uploads\\\/2018\\\/12\\\/esgrima-3.jpg\",\"datePublished\":\"2018-12-11T17:04:19+00:00\",\"author\":{\"@id\":\"https:\\\/\\\/barroca.com.br\\\/site\\\/#\\\/schema\\\/person\\\/4bd3687d5c267a5c16eebc047aec4c87\"},\"breadcrumb\":{\"@id\":\"https:\\\/\\\/barroca.com.br\\\/site\\\/torneio-internacional-infantil-mario-queiroz-e-do-torneio-pre-cadete-nacional\\\/#breadcrumb\"},\"inLanguage\":\"pt-BR\",\"potentialAction\":[{\"@type\":\"ReadAction\",\"target\":[\"https:\\\/\\\/barroca.com.br\\\/site\\\/torneio-internacional-infantil-mario-queiroz-e-do-torneio-pre-cadete-nacional\\\/\"]}]},{\"@type\":\"ImageObject\",\"inLanguage\":\"pt-BR\",\"@id\":\"https:\\\/\\\/barroca.com.br\\\/site\\\/torneio-internacional-infantil-mario-queiroz-e-do-torneio-pre-cadete-nacional\\\/#primaryimage\",\"url\":\"https:\\\/\\\/barroca.com.br\\\/site\\\/wp-content\\\/uploads\\\/2018\\\/12\\\/esgrima-3.jpg\",\"contentUrl\":\"https:\\\/\\\/barroca.com.br\\\/site\\\/wp-content\\\/uploads\\\/2018\\\/12\\\/esgrima-3.jpg\",\"width\":640,\"height\":627},{\"@type\":\"BreadcrumbList\",\"@id\":\"https:\\\/\\\/barroca.com.br\\\/site\\\/torneio-internacional-infantil-mario-queiroz-e-do-torneio-pre-cadete-nacional\\\/#breadcrumb\",\"itemListElement\":[{\"@type\":\"ListItem\",\"position\":1,\"name\":\"Home\",\"item\":\"https:\\\/\\\/barroca.com.br\\\/site\\\/\"},{\"@type\":\"ListItem\",\"position\":2,\"name\":\"Torneio Internacional Infantil M\u00e1rio Queiroz e do Torneio Pr\u00e9-Cadete Nacional.\"}]},{\"@type\":\"WebSite\",\"@id\":\"https:\\\/\\\/barroca.com.br\\\/site\\\/#website\",\"url\":\"https:\\\/\\\/barroca.com.br\\\/site\\\/\",\"name\":\"Barroca T\u00eanis Clube\",\"description\":\"\",\"potentialAction\":[{\"@type\":\"SearchAction\",\"target\":{\"@type\":\"EntryPoint\",\"urlTemplate\":\"https:\\\/\\\/barroca.com.br\\\/site\\\/?s={search_term_string}\"},\"query-input\":{\"@type\":\"PropertyValueSpecification\",\"valueRequired\":true,\"valueName\":\"search_term_string\"}}],\"inLanguage\":\"pt-BR\"},{\"@type\":\"Person\",\"@id\":\"https:\\\/\\\/barroca.com.br\\\/site\\\/#\\\/schema\\\/person\\\/4bd3687d5c267a5c16eebc047aec4c87\",\"name\":\"admin\",\"image\":{\"@type\":\"ImageObject\",\"inLanguage\":\"pt-BR\",\"@id\":\"https:\\\/\\\/secure.gravatar.com\\\/avatar\\\/2f804b64370abb1c325d1a425a3701ad3e11f373042be8a0ecf9f97248534775?s=96&d=mm&r=g\",\"url\":\"https:\\\/\\\/secure.gravatar.com\\\/avatar\\\/2f804b64370abb1c325d1a425a3701ad3e11f373042be8a0ecf9f97248534775?s=96&d=mm&r=g\",\"contentUrl\":\"https:\\\/\\\/secure.gravatar.com\\\/avatar\\\/2f804b64370abb1c325d1a425a3701ad3e11f373042be8a0ecf9f97248534775?s=96&d=mm&r=g\",\"caption\":\"admin\"},\"sameAs\":[\"http:\\\/\\\/barroca.com.br\\\/site\"],\"url\":\"https:\\\/\\\/barroca.com.br\\\/site\\\/author\\\/admin\\\/\"}]}<\/script>\n<!-- \/ Yoast SEO plugin. -->","yoast_head_json":{"title":"Torneio Internacional Infantil M\u00e1rio Queiroz e do Torneio Pr\u00e9-Cadete Nacional. - Barroca T\u00eanis Clube","robots":{"index":"index","follow":"follow","max-snippet":"max-snippet:-1","max-image-preview":"max-image-preview:large","max-video-preview":"max-video-preview:-1"},"canonical":"https:\/\/barroca.com.br\/site\/torneio-internacional-infantil-mario-queiroz-e-do-torneio-pre-cadete-nacional\/","og_locale":"pt_BR","og_type":"article","og_title":"Torneio Internacional Infantil M\u00e1rio Queiroz e do Torneio Pr\u00e9-Cadete Nacional. - Barroca T\u00eanis Clube","og_description":"Confira as fotos do Torneio Internacional Infantil M\u00e1rio Queiroz e do Torneio Pr\u00e9-Cadete Nacional. As competi\u00e7\u00f5es come\u00e7aram&nbsp; (19\/10) e&nbsp;foram at\u00e9 domingo (21\/10), no gin\u00e1sio do Barroca T\u00eanis Clube. Sempre torcendo pelos atletas da escola&nbsp;Esgrima Btc! &nbsp; &nbsp;","og_url":"https:\/\/barroca.com.br\/site\/torneio-internacional-infantil-mario-queiroz-e-do-torneio-pre-cadete-nacional\/","og_site_name":"Barroca T\u00eanis Clube","article_published_time":"2018-12-11T17:04:19+00:00","og_image":[{"width":640,"height":627,"url":"https:\/\/barroca.com.br\/site\/wp-content\/uploads\/2018\/12\/esgrima-3.jpg","type":"image\/jpeg"}],"author":"admin","twitter_card":"summary_large_image","twitter_misc":{"Escrito por":"admin"},"schema":{"@context":"https:\/\/schema.org","@graph":[{"@type":"Article","@id":"https:\/\/barroca.com.br\/site\/torneio-internacional-infantil-mario-queiroz-e-do-torneio-pre-cadete-nacional\/#article","isPartOf":{"@id":"https:\/\/barroca.com.br\/site\/torneio-internacional-infantil-mario-queiroz-e-do-torneio-pre-cadete-nacional\/"},"author":{"name":"admin","@id":"https:\/\/barroca.com.br\/site\/#\/schema\/person\/4bd3687d5c267a5c16eebc047aec4c87"},"headline":"Torneio Internacional Infantil M\u00e1rio Queiroz e do Torneio Pr\u00e9-Cadete Nacional.","datePublished":"2018-12-11T17:04:19+00:00","mainEntityOfPage":{"@id":"https:\/\/barroca.com.br\/site\/torneio-internacional-infantil-mario-queiroz-e-do-torneio-pre-cadete-nacional\/"},"wordCount":63,"commentCount":0,"image":{"@id":"https:\/\/barroca.com.br\/site\/torneio-internacional-infantil-mario-queiroz-e-do-torneio-pre-cadete-nacional\/#primaryimage"},"thumbnailUrl":"https:\/\/barroca.com.br\/site\/wp-content\/uploads\/2018\/12\/esgrima-3.jpg","articleSection":["Aconteceu","Barroca","Esgrima"],"inLanguage":"pt-BR","potentialAction":[{"@type":"CommentAction","name":"Comment","target":["https:\/\/barroca.com.br\/site\/torneio-internacional-infantil-mario-queiroz-e-do-torneio-pre-cadete-nacional\/#respond"]}]},{"@type":"WebPage","@id":"https:\/\/barroca.com.br\/site\/torneio-internacional-infantil-mario-queiroz-e-do-torneio-pre-cadete-nacional\/","url":"https:\/\/barroca.com.br\/site\/torneio-internacional-infantil-mario-queiroz-e-do-torneio-pre-cadete-nacional\/","name":"Torneio Internacional Infantil M\u00e1rio Queiroz e do Torneio Pr\u00e9-Cadete Nacional. - Barroca T\u00eanis Clube","isPartOf":{"@id":"https:\/\/barroca.com.br\/site\/#website"},"primaryImageOfPage":{"@id":"https:\/\/barroca.com.br\/site\/torneio-internacional-infantil-mario-queiroz-e-do-torneio-pre-cadete-nacional\/#primaryimage"},"image":{"@id":"https:\/\/barroca.com.br\/site\/torneio-internacional-infantil-mario-queiroz-e-do-torneio-pre-cadete-nacional\/#primaryimage"},"thumbnailUrl":"https:\/\/barroca.com.br\/site\/wp-content\/uploads\/2018\/12\/esgrima-3.jpg","datePublished":"2018-12-11T17:04:19+00:00","author":{"@id":"https:\/\/barroca.com.br\/site\/#\/schema\/person\/4bd3687d5c267a5c16eebc047aec4c87"},"breadcrumb":{"@id":"https:\/\/barroca.com.br\/site\/torneio-internacional-infantil-mario-queiroz-e-do-torneio-pre-cadete-nacional\/#breadcrumb"},"inLanguage":"pt-BR","potentialAction":[{"@type":"ReadAction","target":["https:\/\/barroca.com.br\/site\/torneio-internacional-infantil-mario-queiroz-e-do-torneio-pre-cadete-nacional\/"]}]},{"@type":"ImageObject","inLanguage":"pt-BR","@id":"https:\/\/barroca.com.br\/site\/torneio-internacional-infantil-mario-queiroz-e-do-torneio-pre-cadete-nacional\/#primaryimage","url":"https:\/\/barroca.com.br\/site\/wp-content\/uploads\/2018\/12\/esgrima-3.jpg","contentUrl":"https:\/\/barroca.com.br\/site\/wp-content\/uploads\/2018\/12\/esgrima-3.jpg","width":640,"height":627},{"@type":"BreadcrumbList","@id":"https:\/\/barroca.com.br\/site\/torneio-internacional-infantil-mario-queiroz-e-do-torneio-pre-cadete-nacional\/#breadcrumb","itemListElement":[{"@type":"ListItem","position":1,"name":"Home","item":"https:\/\/barroca.com.br\/site\/"},{"@type":"ListItem","position":2,"name":"Torneio Internacional Infantil M\u00e1rio Queiroz e do Torneio Pr\u00e9-Cadete Nacional."}]},{"@type":"WebSite","@id":"https:\/\/barroca.com.br\/site\/#website","url":"https:\/\/barroca.com.br\/site\/","name":"Barroca T\u00eanis Clube","description":"","potentialAction":[{"@type":"SearchAction","target":{"@type":"EntryPoint","urlTemplate":"https:\/\/barroca.com.br\/site\/?s={search_term_string}"},"query-input":{"@type":"PropertyValueSpecification","valueRequired":true,"valueName":"search_term_string"}}],"inLanguage":"pt-BR"},{"@type":"Person","@id":"https:\/\/barroca.com.br\/site\/#\/schema\/person\/4bd3687d5c267a5c16eebc047aec4c87","name":"admin","image":{"@type":"ImageObject","inLanguage":"pt-BR","@id":"https:\/\/secure.gravatar.com\/avatar\/2f804b64370abb1c325d1a425a3701ad3e11f373042be8a0ecf9f97248534775?s=96&d=mm&r=g","url":"https:\/\/secure.gravatar.com\/avatar\/2f804b64370abb1c325d1a425a3701ad3e11f373042be8a0ecf9f97248534775?s=96&d=mm&r=g","contentUrl":"https:\/\/secure.gravatar.com\/avatar\/2f804b64370abb1c325d1a425a3701ad3e11f373042be8a0ecf9f97248534775?s=96&d=mm&r=g","caption":"admin"},"sameAs":["http:\/\/barroca.com.br\/site"],"url":"https:\/\/barroca.com.br\/site\/author\/admin\/"}]}},"_links":{"self":[{"href":"https:\/\/barroca.com.br\/site\/wp-json\/wp\/v2\/posts\/4537","targetHints":{"allow":["GET"]}}],"collection":[{"href":"https:\/\/barroca.com.br\/site\/wp-json\/wp\/v2\/posts"}],"about":[{"href":"https:\/\/barroca.com.br\/site\/wp-json\/wp\/v2\/types\/post"}],"author":[{"embeddable":true,"href":"https:\/\/barroca.com.br\/site\/wp-json\/wp\/v2\/users\/1"}],"replies":[{"embeddable":true,"href":"https:\/\/barroca.com.br\/site\/wp-json\/wp\/v2\/comments?post=4537"}],"version-history":[{"count":0,"href":"https:\/\/barroca.com.br\/site\/wp-json\/wp\/v2\/posts\/4537\/revisions"}],"wp:featuredmedia":[{"embeddable":true,"href":"https:\/\/barroca.com.br\/site\/wp-json\/wp\/v2\/media\/4540"}],"wp:attachment":[{"href":"https:\/\/barroca.com.br\/site\/wp-json\/wp\/v2\/media?parent=4537"}],"wp:term":[{"taxonomy":"category","embeddable":true,"href":"https:\/\/barroca.com.br\/site\/wp-json\/wp\/v2\/categories?post=4537"},{"taxonomy":"post_tag","embeddable":true,"href":"https:\/\/barroca.com.br\/site\/wp-json\/wp\/v2\/tags?post=4537"}],"curies":[{"name":"wp","href":"https:\/\/api.w.org\/{rel}","templated":true}]}}