{"id":4509,"date":"2018-12-11T13:48:21","date_gmt":"2018-12-11T16:48:21","guid":{"rendered":"http:\/\/barroca.com.br\/site\/?p=4509"},"modified":"2018-12-11T13:48:21","modified_gmt":"2018-12-11T16:48:21","slug":"festival-infantil-mineiro-de-judo","status":"publish","type":"post","link":"https:\/\/barroca.com.br\/site\/festival-infantil-mineiro-de-judo\/","title":{"rendered":"Festival Infantil Mineiro de Jud\u00f4"},"content":{"rendered":"<p>O Festival Infantil Mineiro de Jud\u00f4 reuniu mais de 40 judocas mirins para competir em diversas categorias. Nosso Clube conquistou o primeiro lugar geral e, al\u00e9m de lutar bastante, a meninada se divertiu at\u00e9! Confira as fotos no nosso \u00e1lbum.<\/p>\n<p>&nbsp;<\/p>\n<div id='gallery-1' class='gallery galleryid-4509 gallery-columns-2 gallery-size-full'><figure class='gallery-item'>\n\t\t\t<div class='gallery-icon portrait'>\n\t\t\t\t<a href='https:\/\/barroca.com.br\/site\/whatsapp-image-2018-09-18-at-09-03-59-1\/'><img loading=\"lazy\" decoding=\"async\" width=\"771\" height=\"960\" src=\"https:\/\/barroca.com.br\/site\/wp-content\/uploads\/2018\/12\/WhatsApp-Image-2018-09-18-at-09.03.59-1.jpeg\" class=\"attachment-full size-full\" alt=\"\" srcset=\"https:\/\/barroca.com.br\/site\/wp-content\/uploads\/2018\/12\/WhatsApp-Image-2018-09-18-at-09.03.59-1.jpeg 771w, https:\/\/barroca.com.br\/site\/wp-content\/uploads\/2018\/12\/WhatsApp-Image-2018-09-18-at-09.03.59-1-241x300.jpeg 241w, https:\/\/barroca.com.br\/site\/wp-content\/uploads\/2018\/12\/WhatsApp-Image-2018-09-18-at-09.03.59-1-768x956.jpeg 768w\" sizes=\"auto, (max-width: 771px) 100vw, 771px\" \/><\/a>\n\t\t\t<\/div><\/figure><figure class='gallery-item'>\n\t\t\t<div class='gallery-icon portrait'>\n\t\t\t\t<a href='https:\/\/barroca.com.br\/site\/whatsapp-image-2018-09-18-at-09-03-59\/'><img loading=\"lazy\" decoding=\"async\" width=\"1024\" height=\"1280\" src=\"https:\/\/barroca.com.br\/site\/wp-content\/uploads\/2018\/12\/WhatsApp-Image-2018-09-18-at-09.03.59.jpeg\" class=\"attachment-full size-full\" alt=\"\" srcset=\"https:\/\/barroca.com.br\/site\/wp-content\/uploads\/2018\/12\/WhatsApp-Image-2018-09-18-at-09.03.59.jpeg 1024w, https:\/\/barroca.com.br\/site\/wp-content\/uploads\/2018\/12\/WhatsApp-Image-2018-09-18-at-09.03.59-240x300.jpeg 240w, https:\/\/barroca.com.br\/site\/wp-content\/uploads\/2018\/12\/WhatsApp-Image-2018-09-18-at-09.03.59-819x1024.jpeg 819w, https:\/\/barroca.com.br\/site\/wp-content\/uploads\/2018\/12\/WhatsApp-Image-2018-09-18-at-09.03.59-768x960.jpeg 768w\" sizes=\"auto, (max-width: 1024px) 100vw, 1024px\" \/><\/a>\n\t\t\t<\/div><\/figure><figure class='gallery-item'>\n\t\t\t<div class='gallery-icon landscape'>\n\t\t\t\t<a href='https:\/\/barroca.com.br\/site\/whatsapp-image-2018-09-18-at-09-04-00-1\/'><img loading=\"lazy\" decoding=\"async\" width=\"1024\" height=\"768\" src=\"https:\/\/barroca.com.br\/site\/wp-content\/uploads\/2018\/12\/WhatsApp-Image-2018-09-18-at-09.04.00-1.jpeg\" class=\"attachment-full size-full\" alt=\"\" srcset=\"https:\/\/barroca.com.br\/site\/wp-content\/uploads\/2018\/12\/WhatsApp-Image-2018-09-18-at-09.04.00-1.jpeg 1024w, https:\/\/barroca.com.br\/site\/wp-content\/uploads\/2018\/12\/WhatsApp-Image-2018-09-18-at-09.04.00-1-300x225.jpeg 300w, https:\/\/barroca.com.br\/site\/wp-content\/uploads\/2018\/12\/WhatsApp-Image-2018-09-18-at-09.04.00-1-768x576.jpeg 768w\" sizes=\"auto, (max-width: 1024px) 100vw, 1024px\" \/><\/a>\n\t\t\t<\/div><\/figure><figure class='gallery-item'>\n\t\t\t<div class='gallery-icon portrait'>\n\t\t\t\t<a href='https:\/\/barroca.com.br\/site\/whatsapp-image-2018-09-18-at-09-04-00\/'><img loading=\"lazy\" decoding=\"async\" width=\"960\" height=\"1280\" src=\"https:\/\/barroca.com.br\/site\/wp-content\/uploads\/2018\/12\/WhatsApp-Image-2018-09-18-at-09.04.00.jpeg\" class=\"attachment-full size-full\" alt=\"\" srcset=\"https:\/\/barroca.com.br\/site\/wp-content\/uploads\/2018\/12\/WhatsApp-Image-2018-09-18-at-09.04.00.jpeg 960w, https:\/\/barroca.com.br\/site\/wp-content\/uploads\/2018\/12\/WhatsApp-Image-2018-09-18-at-09.04.00-225x300.jpeg 225w, https:\/\/barroca.com.br\/site\/wp-content\/uploads\/2018\/12\/WhatsApp-Image-2018-09-18-at-09.04.00-768x1024.jpeg 768w\" sizes=\"auto, (max-width: 960px) 100vw, 960px\" \/><\/a>\n\t\t\t<\/div><\/figure><figure class='gallery-item'>\n\t\t\t<div class='gallery-icon landscape'>\n\t\t\t\t<a href='https:\/\/barroca.com.br\/site\/whatsapp-image-2018-09-18-at-09-04-03\/'><img loading=\"lazy\" decoding=\"async\" width=\"1024\" height=\"768\" src=\"https:\/\/barroca.com.br\/site\/wp-content\/uploads\/2018\/12\/WhatsApp-Image-2018-09-18-at-09.04.03.jpeg\" class=\"attachment-full size-full\" alt=\"\" srcset=\"https:\/\/barroca.com.br\/site\/wp-content\/uploads\/2018\/12\/WhatsApp-Image-2018-09-18-at-09.04.03.jpeg 1024w, https:\/\/barroca.com.br\/site\/wp-content\/uploads\/2018\/12\/WhatsApp-Image-2018-09-18-at-09.04.03-300x225.jpeg 300w, https:\/\/barroca.com.br\/site\/wp-content\/uploads\/2018\/12\/WhatsApp-Image-2018-09-18-at-09.04.03-768x576.jpeg 768w\" sizes=\"auto, (max-width: 1024px) 100vw, 1024px\" \/><\/a>\n\t\t\t<\/div><\/figure><figure class='gallery-item'>\n\t\t\t<div class='gallery-icon portrait'>\n\t\t\t\t<a href='https:\/\/barroca.com.br\/site\/whatsapp-image-2018-09-18-at-09-09-38-1\/'><img loading=\"lazy\" decoding=\"async\" width=\"957\" height=\"1280\" src=\"https:\/\/barroca.com.br\/site\/wp-content\/uploads\/2018\/12\/WhatsApp-Image-2018-09-18-at-09.09.38-1.jpeg\" class=\"attachment-full size-full\" alt=\"\" srcset=\"https:\/\/barroca.com.br\/site\/wp-content\/uploads\/2018\/12\/WhatsApp-Image-2018-09-18-at-09.09.38-1.jpeg 957w, https:\/\/barroca.com.br\/site\/wp-content\/uploads\/2018\/12\/WhatsApp-Image-2018-09-18-at-09.09.38-1-224x300.jpeg 224w, https:\/\/barroca.com.br\/site\/wp-content\/uploads\/2018\/12\/WhatsApp-Image-2018-09-18-at-09.09.38-1-766x1024.jpeg 766w, https:\/\/barroca.com.br\/site\/wp-content\/uploads\/2018\/12\/WhatsApp-Image-2018-09-18-at-09.09.38-1-768x1027.jpeg 768w\" sizes=\"auto, (max-width: 957px) 100vw, 957px\" \/><\/a>\n\t\t\t<\/div><\/figure><figure class='gallery-item'>\n\t\t\t<div class='gallery-icon landscape'>\n\t\t\t\t<a href='https:\/\/barroca.com.br\/site\/whatsapp-image-2018-09-18-at-09-09-38\/'><img loading=\"lazy\" decoding=\"async\" width=\"1024\" height=\"768\" src=\"https:\/\/barroca.com.br\/site\/wp-content\/uploads\/2018\/12\/WhatsApp-Image-2018-09-18-at-09.09.38.jpeg\" class=\"attachment-full size-full\" alt=\"\" srcset=\"https:\/\/barroca.com.br\/site\/wp-content\/uploads\/2018\/12\/WhatsApp-Image-2018-09-18-at-09.09.38.jpeg 1024w, https:\/\/barroca.com.br\/site\/wp-content\/uploads\/2018\/12\/WhatsApp-Image-2018-09-18-at-09.09.38-300x225.jpeg 300w, https:\/\/barroca.com.br\/site\/wp-content\/uploads\/2018\/12\/WhatsApp-Image-2018-09-18-at-09.09.38-768x576.jpeg 768w\" sizes=\"auto, (max-width: 1024px) 100vw, 1024px\" \/><\/a>\n\t\t\t<\/div><\/figure>\n\t\t<\/div>\n\n","protected":false},"excerpt":{"rendered":"<p>O Festival Infantil Mineiro de Jud\u00f4 reuniu mais de 40 judocas mirins para competir em diversas categorias. Nosso Clube conquistou o primeiro lugar geral e, al\u00e9m de lutar bastante, a meninada se divertiu at\u00e9! Confira as fotos no nosso \u00e1lbum. &nbsp;<\/p>\n","protected":false},"author":1,"featured_media":4517,"comment_status":"open","ping_status":"open","sticky":false,"template":"","format":"standard","meta":{"_acf_changed":false,"footnotes":""},"categories":[164,29,191],"tags":[],"class_list":["post-4509","post","type-post","status-publish","format-standard","has-post-thumbnail","hentry","category-aconteceu","category-barroca","category-judo-3"],"acf":[],"yoast_head":"<!-- This site is optimized with the Yoast SEO plugin v27.9 - https:\/\/yoast.com\/product\/yoast-seo-wordpress\/ -->\n<title>Festival Infantil Mineiro de Jud\u00f4 - Barroca T\u00eanis Clube<\/title>\n<meta name=\"robots\" content=\"index, follow, max-snippet:-1, max-image-preview:large, max-video-preview:-1\" \/>\n<link rel=\"canonical\" href=\"https:\/\/barroca.com.br\/site\/festival-infantil-mineiro-de-judo\/\" \/>\n<meta property=\"og:locale\" content=\"pt_BR\" \/>\n<meta property=\"og:type\" content=\"article\" \/>\n<meta property=\"og:title\" content=\"Festival Infantil Mineiro de Jud\u00f4 - Barroca T\u00eanis Clube\" \/>\n<meta property=\"og:description\" content=\"O Festival Infantil Mineiro de Jud\u00f4 reuniu mais de 40 judocas mirins para competir em diversas categorias. Nosso Clube conquistou o primeiro lugar geral e, al\u00e9m de lutar bastante, a meninada se divertiu at\u00e9! Confira as fotos no nosso \u00e1lbum. &nbsp;\" \/>\n<meta property=\"og:url\" content=\"https:\/\/barroca.com.br\/site\/festival-infantil-mineiro-de-judo\/\" \/>\n<meta property=\"og:site_name\" content=\"Barroca T\u00eanis Clube\" \/>\n<meta property=\"article:published_time\" content=\"2018-12-11T16:48:21+00:00\" \/>\n<meta property=\"og:image\" content=\"https:\/\/barroca.com.br\/site\/wp-content\/uploads\/2018\/12\/WhatsApp-Image-2018-09-18-at-09.09.38.jpeg\" \/>\n\t<meta property=\"og:image:width\" content=\"1024\" \/>\n\t<meta property=\"og:image:height\" content=\"768\" \/>\n\t<meta property=\"og:image:type\" content=\"image\/jpeg\" \/>\n<meta name=\"author\" content=\"admin\" \/>\n<meta name=\"twitter:card\" content=\"summary_large_image\" \/>\n<meta name=\"twitter:label1\" content=\"Escrito por\" \/>\n\t<meta name=\"twitter:data1\" content=\"admin\" \/>\n<script type=\"application\/ld+json\" class=\"yoast-schema-graph\">{\"@context\":\"https:\\\/\\\/schema.org\",\"@graph\":[{\"@type\":\"Article\",\"@id\":\"https:\\\/\\\/barroca.com.br\\\/site\\\/festival-infantil-mineiro-de-judo\\\/#article\",\"isPartOf\":{\"@id\":\"https:\\\/\\\/barroca.com.br\\\/site\\\/festival-infantil-mineiro-de-judo\\\/\"},\"author\":{\"name\":\"admin\",\"@id\":\"https:\\\/\\\/barroca.com.br\\\/site\\\/#\\\/schema\\\/person\\\/4bd3687d5c267a5c16eebc047aec4c87\"},\"headline\":\"Festival Infantil Mineiro de Jud\u00f4\",\"datePublished\":\"2018-12-11T16:48:21+00:00\",\"mainEntityOfPage\":{\"@id\":\"https:\\\/\\\/barroca.com.br\\\/site\\\/festival-infantil-mineiro-de-judo\\\/\"},\"wordCount\":51,\"commentCount\":0,\"image\":{\"@id\":\"https:\\\/\\\/barroca.com.br\\\/site\\\/festival-infantil-mineiro-de-judo\\\/#primaryimage\"},\"thumbnailUrl\":\"https:\\\/\\\/barroca.com.br\\\/site\\\/wp-content\\\/uploads\\\/2018\\\/12\\\/WhatsApp-Image-2018-09-18-at-09.09.38.jpeg\",\"articleSection\":[\"Aconteceu\",\"Barroca\",\"Jud\u00f4\"],\"inLanguage\":\"pt-BR\",\"potentialAction\":[{\"@type\":\"CommentAction\",\"name\":\"Comment\",\"target\":[\"https:\\\/\\\/barroca.com.br\\\/site\\\/festival-infantil-mineiro-de-judo\\\/#respond\"]}]},{\"@type\":\"WebPage\",\"@id\":\"https:\\\/\\\/barroca.com.br\\\/site\\\/festival-infantil-mineiro-de-judo\\\/\",\"url\":\"https:\\\/\\\/barroca.com.br\\\/site\\\/festival-infantil-mineiro-de-judo\\\/\",\"name\":\"Festival Infantil Mineiro de Jud\u00f4 - Barroca T\u00eanis Clube\",\"isPartOf\":{\"@id\":\"https:\\\/\\\/barroca.com.br\\\/site\\\/#website\"},\"primaryImageOfPage\":{\"@id\":\"https:\\\/\\\/barroca.com.br\\\/site\\\/festival-infantil-mineiro-de-judo\\\/#primaryimage\"},\"image\":{\"@id\":\"https:\\\/\\\/barroca.com.br\\\/site\\\/festival-infantil-mineiro-de-judo\\\/#primaryimage\"},\"thumbnailUrl\":\"https:\\\/\\\/barroca.com.br\\\/site\\\/wp-content\\\/uploads\\\/2018\\\/12\\\/WhatsApp-Image-2018-09-18-at-09.09.38.jpeg\",\"datePublished\":\"2018-12-11T16:48:21+00:00\",\"author\":{\"@id\":\"https:\\\/\\\/barroca.com.br\\\/site\\\/#\\\/schema\\\/person\\\/4bd3687d5c267a5c16eebc047aec4c87\"},\"breadcrumb\":{\"@id\":\"https:\\\/\\\/barroca.com.br\\\/site\\\/festival-infantil-mineiro-de-judo\\\/#breadcrumb\"},\"inLanguage\":\"pt-BR\",\"potentialAction\":[{\"@type\":\"ReadAction\",\"target\":[\"https:\\\/\\\/barroca.com.br\\\/site\\\/festival-infantil-mineiro-de-judo\\\/\"]}]},{\"@type\":\"ImageObject\",\"inLanguage\":\"pt-BR\",\"@id\":\"https:\\\/\\\/barroca.com.br\\\/site\\\/festival-infantil-mineiro-de-judo\\\/#primaryimage\",\"url\":\"https:\\\/\\\/barroca.com.br\\\/site\\\/wp-content\\\/uploads\\\/2018\\\/12\\\/WhatsApp-Image-2018-09-18-at-09.09.38.jpeg\",\"contentUrl\":\"https:\\\/\\\/barroca.com.br\\\/site\\\/wp-content\\\/uploads\\\/2018\\\/12\\\/WhatsApp-Image-2018-09-18-at-09.09.38.jpeg\",\"width\":1024,\"height\":768},{\"@type\":\"BreadcrumbList\",\"@id\":\"https:\\\/\\\/barroca.com.br\\\/site\\\/festival-infantil-mineiro-de-judo\\\/#breadcrumb\",\"itemListElement\":[{\"@type\":\"ListItem\",\"position\":1,\"name\":\"Home\",\"item\":\"https:\\\/\\\/barroca.com.br\\\/site\\\/\"},{\"@type\":\"ListItem\",\"position\":2,\"name\":\"Festival Infantil Mineiro de Jud\u00f4\"}]},{\"@type\":\"WebSite\",\"@id\":\"https:\\\/\\\/barroca.com.br\\\/site\\\/#website\",\"url\":\"https:\\\/\\\/barroca.com.br\\\/site\\\/\",\"name\":\"Barroca T\u00eanis Clube\",\"description\":\"\",\"potentialAction\":[{\"@type\":\"SearchAction\",\"target\":{\"@type\":\"EntryPoint\",\"urlTemplate\":\"https:\\\/\\\/barroca.com.br\\\/site\\\/?s={search_term_string}\"},\"query-input\":{\"@type\":\"PropertyValueSpecification\",\"valueRequired\":true,\"valueName\":\"search_term_string\"}}],\"inLanguage\":\"pt-BR\"},{\"@type\":\"Person\",\"@id\":\"https:\\\/\\\/barroca.com.br\\\/site\\\/#\\\/schema\\\/person\\\/4bd3687d5c267a5c16eebc047aec4c87\",\"name\":\"admin\",\"image\":{\"@type\":\"ImageObject\",\"inLanguage\":\"pt-BR\",\"@id\":\"https:\\\/\\\/secure.gravatar.com\\\/avatar\\\/2f804b64370abb1c325d1a425a3701ad3e11f373042be8a0ecf9f97248534775?s=96&d=mm&r=g\",\"url\":\"https:\\\/\\\/secure.gravatar.com\\\/avatar\\\/2f804b64370abb1c325d1a425a3701ad3e11f373042be8a0ecf9f97248534775?s=96&d=mm&r=g\",\"contentUrl\":\"https:\\\/\\\/secure.gravatar.com\\\/avatar\\\/2f804b64370abb1c325d1a425a3701ad3e11f373042be8a0ecf9f97248534775?s=96&d=mm&r=g\",\"caption\":\"admin\"},\"sameAs\":[\"http:\\\/\\\/barroca.com.br\\\/site\"],\"url\":\"https:\\\/\\\/barroca.com.br\\\/site\\\/author\\\/admin\\\/\"}]}<\/script>\n<!-- \/ Yoast SEO plugin. -->","yoast_head_json":{"title":"Festival Infantil Mineiro de Jud\u00f4 - Barroca T\u00eanis Clube","robots":{"index":"index","follow":"follow","max-snippet":"max-snippet:-1","max-image-preview":"max-image-preview:large","max-video-preview":"max-video-preview:-1"},"canonical":"https:\/\/barroca.com.br\/site\/festival-infantil-mineiro-de-judo\/","og_locale":"pt_BR","og_type":"article","og_title":"Festival Infantil Mineiro de Jud\u00f4 - Barroca T\u00eanis Clube","og_description":"O Festival Infantil Mineiro de Jud\u00f4 reuniu mais de 40 judocas mirins para competir em diversas categorias. Nosso Clube conquistou o primeiro lugar geral e, al\u00e9m de lutar bastante, a meninada se divertiu at\u00e9! Confira as fotos no nosso \u00e1lbum. &nbsp;","og_url":"https:\/\/barroca.com.br\/site\/festival-infantil-mineiro-de-judo\/","og_site_name":"Barroca T\u00eanis Clube","article_published_time":"2018-12-11T16:48:21+00:00","og_image":[{"width":1024,"height":768,"url":"https:\/\/barroca.com.br\/site\/wp-content\/uploads\/2018\/12\/WhatsApp-Image-2018-09-18-at-09.09.38.jpeg","type":"image\/jpeg"}],"author":"admin","twitter_card":"summary_large_image","twitter_misc":{"Escrito por":"admin"},"schema":{"@context":"https:\/\/schema.org","@graph":[{"@type":"Article","@id":"https:\/\/barroca.com.br\/site\/festival-infantil-mineiro-de-judo\/#article","isPartOf":{"@id":"https:\/\/barroca.com.br\/site\/festival-infantil-mineiro-de-judo\/"},"author":{"name":"admin","@id":"https:\/\/barroca.com.br\/site\/#\/schema\/person\/4bd3687d5c267a5c16eebc047aec4c87"},"headline":"Festival Infantil Mineiro de Jud\u00f4","datePublished":"2018-12-11T16:48:21+00:00","mainEntityOfPage":{"@id":"https:\/\/barroca.com.br\/site\/festival-infantil-mineiro-de-judo\/"},"wordCount":51,"commentCount":0,"image":{"@id":"https:\/\/barroca.com.br\/site\/festival-infantil-mineiro-de-judo\/#primaryimage"},"thumbnailUrl":"https:\/\/barroca.com.br\/site\/wp-content\/uploads\/2018\/12\/WhatsApp-Image-2018-09-18-at-09.09.38.jpeg","articleSection":["Aconteceu","Barroca","Jud\u00f4"],"inLanguage":"pt-BR","potentialAction":[{"@type":"CommentAction","name":"Comment","target":["https:\/\/barroca.com.br\/site\/festival-infantil-mineiro-de-judo\/#respond"]}]},{"@type":"WebPage","@id":"https:\/\/barroca.com.br\/site\/festival-infantil-mineiro-de-judo\/","url":"https:\/\/barroca.com.br\/site\/festival-infantil-mineiro-de-judo\/","name":"Festival Infantil Mineiro de Jud\u00f4 - Barroca T\u00eanis Clube","isPartOf":{"@id":"https:\/\/barroca.com.br\/site\/#website"},"primaryImageOfPage":{"@id":"https:\/\/barroca.com.br\/site\/festival-infantil-mineiro-de-judo\/#primaryimage"},"image":{"@id":"https:\/\/barroca.com.br\/site\/festival-infantil-mineiro-de-judo\/#primaryimage"},"thumbnailUrl":"https:\/\/barroca.com.br\/site\/wp-content\/uploads\/2018\/12\/WhatsApp-Image-2018-09-18-at-09.09.38.jpeg","datePublished":"2018-12-11T16:48:21+00:00","author":{"@id":"https:\/\/barroca.com.br\/site\/#\/schema\/person\/4bd3687d5c267a5c16eebc047aec4c87"},"breadcrumb":{"@id":"https:\/\/barroca.com.br\/site\/festival-infantil-mineiro-de-judo\/#breadcrumb"},"inLanguage":"pt-BR","potentialAction":[{"@type":"ReadAction","target":["https:\/\/barroca.com.br\/site\/festival-infantil-mineiro-de-judo\/"]}]},{"@type":"ImageObject","inLanguage":"pt-BR","@id":"https:\/\/barroca.com.br\/site\/festival-infantil-mineiro-de-judo\/#primaryimage","url":"https:\/\/barroca.com.br\/site\/wp-content\/uploads\/2018\/12\/WhatsApp-Image-2018-09-18-at-09.09.38.jpeg","contentUrl":"https:\/\/barroca.com.br\/site\/wp-content\/uploads\/2018\/12\/WhatsApp-Image-2018-09-18-at-09.09.38.jpeg","width":1024,"height":768},{"@type":"BreadcrumbList","@id":"https:\/\/barroca.com.br\/site\/festival-infantil-mineiro-de-judo\/#breadcrumb","itemListElement":[{"@type":"ListItem","position":1,"name":"Home","item":"https:\/\/barroca.com.br\/site\/"},{"@type":"ListItem","position":2,"name":"Festival Infantil Mineiro de Jud\u00f4"}]},{"@type":"WebSite","@id":"https:\/\/barroca.com.br\/site\/#website","url":"https:\/\/barroca.com.br\/site\/","name":"Barroca T\u00eanis Clube","description":"","potentialAction":[{"@type":"SearchAction","target":{"@type":"EntryPoint","urlTemplate":"https:\/\/barroca.com.br\/site\/?s={search_term_string}"},"query-input":{"@type":"PropertyValueSpecification","valueRequired":true,"valueName":"search_term_string"}}],"inLanguage":"pt-BR"},{"@type":"Person","@id":"https:\/\/barroca.com.br\/site\/#\/schema\/person\/4bd3687d5c267a5c16eebc047aec4c87","name":"admin","image":{"@type":"ImageObject","inLanguage":"pt-BR","@id":"https:\/\/secure.gravatar.com\/avatar\/2f804b64370abb1c325d1a425a3701ad3e11f373042be8a0ecf9f97248534775?s=96&d=mm&r=g","url":"https:\/\/secure.gravatar.com\/avatar\/2f804b64370abb1c325d1a425a3701ad3e11f373042be8a0ecf9f97248534775?s=96&d=mm&r=g","contentUrl":"https:\/\/secure.gravatar.com\/avatar\/2f804b64370abb1c325d1a425a3701ad3e11f373042be8a0ecf9f97248534775?s=96&d=mm&r=g","caption":"admin"},"sameAs":["http:\/\/barroca.com.br\/site"],"url":"https:\/\/barroca.com.br\/site\/author\/admin\/"}]}},"_links":{"self":[{"href":"https:\/\/barroca.com.br\/site\/wp-json\/wp\/v2\/posts\/4509","targetHints":{"allow":["GET"]}}],"collection":[{"href":"https:\/\/barroca.com.br\/site\/wp-json\/wp\/v2\/posts"}],"about":[{"href":"https:\/\/barroca.com.br\/site\/wp-json\/wp\/v2\/types\/post"}],"author":[{"embeddable":true,"href":"https:\/\/barroca.com.br\/site\/wp-json\/wp\/v2\/users\/1"}],"replies":[{"embeddable":true,"href":"https:\/\/barroca.com.br\/site\/wp-json\/wp\/v2\/comments?post=4509"}],"version-history":[{"count":0,"href":"https:\/\/barroca.com.br\/site\/wp-json\/wp\/v2\/posts\/4509\/revisions"}],"wp:featuredmedia":[{"embeddable":true,"href":"https:\/\/barroca.com.br\/site\/wp-json\/wp\/v2\/media\/4517"}],"wp:attachment":[{"href":"https:\/\/barroca.com.br\/site\/wp-json\/wp\/v2\/media?parent=4509"}],"wp:term":[{"taxonomy":"category","embeddable":true,"href":"https:\/\/barroca.com.br\/site\/wp-json\/wp\/v2\/categories?post=4509"},{"taxonomy":"post_tag","embeddable":true,"href":"https:\/\/barroca.com.br\/site\/wp-json\/wp\/v2\/tags?post=4509"}],"curies":[{"name":"wp","href":"https:\/\/api.w.org\/{rel}","templated":true}]}}