{"id":4243,"date":"2015-08-03T17:16:49","date_gmt":"2015-08-03T20:16:49","guid":{"rendered":"http:\/\/barroca.com.br\/site\/?p=4243"},"modified":"2015-08-03T17:16:49","modified_gmt":"2015-08-03T20:16:49","slug":"arraia-do-cbh-barroca-convida-seus-associados","status":"publish","type":"post","link":"https:\/\/barroca.com.br\/site\/arraia-do-cbh-barroca-convida-seus-associados\/","title":{"rendered":"Arrai\u00e1 do CBH: Barroca convida seus associados"},"content":{"rendered":"<p>A Diretoria do Barroca faz o convite a todos seus associados a prestigiarem o Arrai\u00e1 do CBH, que acontece nessa sexta-feita, 7\/8, a partir das 19h, no Clube Belo Horizonte (Av. Otac\u00edlio Negr\u00e3o de Lima, 4288, Bandeirantes). Quadrilha, shows ao vivo, barraquinhas de comidas t\u00edpicas e muita anima\u00e7\u00e3o! Os convites podem ser adquiridos na Secretaria Administrativa do Clube no valor de R$ 30, por pessoa.<\/p>\n<p><a href=\"http:\/\/barroca.com.br\/antigo_site\/wp-content\/uploads\/2015\/08\/Arraia.jpg\"><img loading=\"lazy\" decoding=\"async\" class=\"aligncenter  wp-image-4244\" src=\"http:\/\/barroca.com.br\/antigo_site\/wp-content\/uploads\/2015\/08\/Arraia-815x458.jpg\" alt=\"Arraia\" width=\"616\" height=\"346\" \/><\/a>    \t<\/p>\n","protected":false},"excerpt":{"rendered":"<p>A Diretoria do Barroca faz o convite a todos seus associados a prestigiarem o Arrai\u00e1 do CBH, que acontece nessa sexta-feita, 7\/8, a partir das 19h, no Clube Belo Horizonte (Av. Otac\u00edlio Negr\u00e3o de Lima, 4288, Bandeirantes). Quadrilha, shows ao vivo, barraquinhas de comidas t\u00edpicas e muita anima\u00e7\u00e3o! Os convites podem ser adquiridos na Secretaria [&hellip;]<\/p>\n","protected":false},"author":1,"featured_media":4245,"comment_status":"open","ping_status":"open","sticky":false,"template":"","format":"standard","meta":{"_acf_changed":false,"footnotes":""},"categories":[29,20],"tags":[240,21,241],"class_list":["post-4243","post","type-post","status-publish","format-standard","has-post-thumbnail","hentry","category-barroca","category-eventos","tag-arraia-do-cbh","tag-barroca","tag-clube-belo-horizonte"],"acf":[],"yoast_head":"<!-- This site is optimized with the Yoast SEO plugin v27.9 - https:\/\/yoast.com\/product\/yoast-seo-wordpress\/ -->\n<title>Arrai\u00e1 do CBH: Barroca convida seus associados - Barroca T\u00eanis Clube<\/title>\n<meta name=\"robots\" content=\"index, follow, max-snippet:-1, max-image-preview:large, max-video-preview:-1\" \/>\n<link rel=\"canonical\" href=\"https:\/\/barroca.com.br\/site\/arraia-do-cbh-barroca-convida-seus-associados\/\" \/>\n<meta property=\"og:locale\" content=\"pt_BR\" \/>\n<meta property=\"og:type\" content=\"article\" \/>\n<meta property=\"og:title\" content=\"Arrai\u00e1 do CBH: Barroca convida seus associados - Barroca T\u00eanis Clube\" \/>\n<meta property=\"og:description\" content=\"A Diretoria do Barroca faz o convite a todos seus associados a prestigiarem o Arrai\u00e1 do CBH, que acontece nessa sexta-feita, 7\/8, a partir das 19h, no Clube Belo Horizonte (Av. Otac\u00edlio Negr\u00e3o de Lima, 4288, Bandeirantes). Quadrilha, shows ao vivo, barraquinhas de comidas t\u00edpicas e muita anima\u00e7\u00e3o! Os convites podem ser adquiridos na Secretaria [&hellip;]\" \/>\n<meta property=\"og:url\" content=\"https:\/\/barroca.com.br\/site\/arraia-do-cbh-barroca-convida-seus-associados\/\" \/>\n<meta property=\"og:site_name\" content=\"Barroca T\u00eanis Clube\" \/>\n<meta property=\"article:published_time\" content=\"2015-08-03T20:16:49+00:00\" \/>\n<meta name=\"author\" content=\"admin\" \/>\n<meta name=\"twitter:card\" content=\"summary_large_image\" \/>\n<meta name=\"twitter:label1\" content=\"Escrito por\" \/>\n\t<meta name=\"twitter:data1\" content=\"admin\" \/>\n<script type=\"application\/ld+json\" class=\"yoast-schema-graph\">{\"@context\":\"https:\\\/\\\/schema.org\",\"@graph\":[{\"@type\":\"Article\",\"@id\":\"https:\\\/\\\/barroca.com.br\\\/site\\\/arraia-do-cbh-barroca-convida-seus-associados\\\/#article\",\"isPartOf\":{\"@id\":\"https:\\\/\\\/barroca.com.br\\\/site\\\/arraia-do-cbh-barroca-convida-seus-associados\\\/\"},\"author\":{\"name\":\"admin\",\"@id\":\"https:\\\/\\\/barroca.com.br\\\/site\\\/#\\\/schema\\\/person\\\/4bd3687d5c267a5c16eebc047aec4c87\"},\"headline\":\"Arrai\u00e1 do CBH: Barroca convida seus associados\",\"datePublished\":\"2015-08-03T20:16:49+00:00\",\"mainEntityOfPage\":{\"@id\":\"https:\\\/\\\/barroca.com.br\\\/site\\\/arraia-do-cbh-barroca-convida-seus-associados\\\/\"},\"wordCount\":73,\"commentCount\":0,\"image\":{\"@id\":\"https:\\\/\\\/barroca.com.br\\\/site\\\/arraia-do-cbh-barroca-convida-seus-associados\\\/#primaryimage\"},\"thumbnailUrl\":\"\",\"keywords\":[\"Arrai\u00e1 do CBH\",\"Barroca\",\"Clube Belo Horizonte\"],\"articleSection\":[\"Barroca\",\"Eventos\"],\"inLanguage\":\"pt-BR\",\"potentialAction\":[{\"@type\":\"CommentAction\",\"name\":\"Comment\",\"target\":[\"https:\\\/\\\/barroca.com.br\\\/site\\\/arraia-do-cbh-barroca-convida-seus-associados\\\/#respond\"]}]},{\"@type\":\"WebPage\",\"@id\":\"https:\\\/\\\/barroca.com.br\\\/site\\\/arraia-do-cbh-barroca-convida-seus-associados\\\/\",\"url\":\"https:\\\/\\\/barroca.com.br\\\/site\\\/arraia-do-cbh-barroca-convida-seus-associados\\\/\",\"name\":\"Arrai\u00e1 do CBH: Barroca convida seus associados - Barroca T\u00eanis Clube\",\"isPartOf\":{\"@id\":\"https:\\\/\\\/barroca.com.br\\\/site\\\/#website\"},\"primaryImageOfPage\":{\"@id\":\"https:\\\/\\\/barroca.com.br\\\/site\\\/arraia-do-cbh-barroca-convida-seus-associados\\\/#primaryimage\"},\"image\":{\"@id\":\"https:\\\/\\\/barroca.com.br\\\/site\\\/arraia-do-cbh-barroca-convida-seus-associados\\\/#primaryimage\"},\"thumbnailUrl\":\"\",\"datePublished\":\"2015-08-03T20:16:49+00:00\",\"author\":{\"@id\":\"https:\\\/\\\/barroca.com.br\\\/site\\\/#\\\/schema\\\/person\\\/4bd3687d5c267a5c16eebc047aec4c87\"},\"breadcrumb\":{\"@id\":\"https:\\\/\\\/barroca.com.br\\\/site\\\/arraia-do-cbh-barroca-convida-seus-associados\\\/#breadcrumb\"},\"inLanguage\":\"pt-BR\",\"potentialAction\":[{\"@type\":\"ReadAction\",\"target\":[\"https:\\\/\\\/barroca.com.br\\\/site\\\/arraia-do-cbh-barroca-convida-seus-associados\\\/\"]}]},{\"@type\":\"ImageObject\",\"inLanguage\":\"pt-BR\",\"@id\":\"https:\\\/\\\/barroca.com.br\\\/site\\\/arraia-do-cbh-barroca-convida-seus-associados\\\/#primaryimage\",\"url\":\"\",\"contentUrl\":\"\"},{\"@type\":\"BreadcrumbList\",\"@id\":\"https:\\\/\\\/barroca.com.br\\\/site\\\/arraia-do-cbh-barroca-convida-seus-associados\\\/#breadcrumb\",\"itemListElement\":[{\"@type\":\"ListItem\",\"position\":1,\"name\":\"Home\",\"item\":\"https:\\\/\\\/barroca.com.br\\\/site\\\/\"},{\"@type\":\"ListItem\",\"position\":2,\"name\":\"Arrai\u00e1 do CBH: Barroca convida seus associados\"}]},{\"@type\":\"WebSite\",\"@id\":\"https:\\\/\\\/barroca.com.br\\\/site\\\/#website\",\"url\":\"https:\\\/\\\/barroca.com.br\\\/site\\\/\",\"name\":\"Barroca T\u00eanis Clube\",\"description\":\"\",\"potentialAction\":[{\"@type\":\"SearchAction\",\"target\":{\"@type\":\"EntryPoint\",\"urlTemplate\":\"https:\\\/\\\/barroca.com.br\\\/site\\\/?s={search_term_string}\"},\"query-input\":{\"@type\":\"PropertyValueSpecification\",\"valueRequired\":true,\"valueName\":\"search_term_string\"}}],\"inLanguage\":\"pt-BR\"},{\"@type\":\"Person\",\"@id\":\"https:\\\/\\\/barroca.com.br\\\/site\\\/#\\\/schema\\\/person\\\/4bd3687d5c267a5c16eebc047aec4c87\",\"name\":\"admin\",\"image\":{\"@type\":\"ImageObject\",\"inLanguage\":\"pt-BR\",\"@id\":\"https:\\\/\\\/secure.gravatar.com\\\/avatar\\\/2f804b64370abb1c325d1a425a3701ad3e11f373042be8a0ecf9f97248534775?s=96&d=mm&r=g\",\"url\":\"https:\\\/\\\/secure.gravatar.com\\\/avatar\\\/2f804b64370abb1c325d1a425a3701ad3e11f373042be8a0ecf9f97248534775?s=96&d=mm&r=g\",\"contentUrl\":\"https:\\\/\\\/secure.gravatar.com\\\/avatar\\\/2f804b64370abb1c325d1a425a3701ad3e11f373042be8a0ecf9f97248534775?s=96&d=mm&r=g\",\"caption\":\"admin\"},\"sameAs\":[\"http:\\\/\\\/barroca.com.br\\\/site\"],\"url\":\"https:\\\/\\\/barroca.com.br\\\/site\\\/author\\\/admin\\\/\"}]}<\/script>\n<!-- \/ Yoast SEO plugin. -->","yoast_head_json":{"title":"Arrai\u00e1 do CBH: Barroca convida seus associados - Barroca T\u00eanis Clube","robots":{"index":"index","follow":"follow","max-snippet":"max-snippet:-1","max-image-preview":"max-image-preview:large","max-video-preview":"max-video-preview:-1"},"canonical":"https:\/\/barroca.com.br\/site\/arraia-do-cbh-barroca-convida-seus-associados\/","og_locale":"pt_BR","og_type":"article","og_title":"Arrai\u00e1 do CBH: Barroca convida seus associados - Barroca T\u00eanis Clube","og_description":"A Diretoria do Barroca faz o convite a todos seus associados a prestigiarem o Arrai\u00e1 do CBH, que acontece nessa sexta-feita, 7\/8, a partir das 19h, no Clube Belo Horizonte (Av. Otac\u00edlio Negr\u00e3o de Lima, 4288, Bandeirantes). Quadrilha, shows ao vivo, barraquinhas de comidas t\u00edpicas e muita anima\u00e7\u00e3o! Os convites podem ser adquiridos na Secretaria [&hellip;]","og_url":"https:\/\/barroca.com.br\/site\/arraia-do-cbh-barroca-convida-seus-associados\/","og_site_name":"Barroca T\u00eanis Clube","article_published_time":"2015-08-03T20:16:49+00:00","author":"admin","twitter_card":"summary_large_image","twitter_misc":{"Escrito por":"admin"},"schema":{"@context":"https:\/\/schema.org","@graph":[{"@type":"Article","@id":"https:\/\/barroca.com.br\/site\/arraia-do-cbh-barroca-convida-seus-associados\/#article","isPartOf":{"@id":"https:\/\/barroca.com.br\/site\/arraia-do-cbh-barroca-convida-seus-associados\/"},"author":{"name":"admin","@id":"https:\/\/barroca.com.br\/site\/#\/schema\/person\/4bd3687d5c267a5c16eebc047aec4c87"},"headline":"Arrai\u00e1 do CBH: Barroca convida seus associados","datePublished":"2015-08-03T20:16:49+00:00","mainEntityOfPage":{"@id":"https:\/\/barroca.com.br\/site\/arraia-do-cbh-barroca-convida-seus-associados\/"},"wordCount":73,"commentCount":0,"image":{"@id":"https:\/\/barroca.com.br\/site\/arraia-do-cbh-barroca-convida-seus-associados\/#primaryimage"},"thumbnailUrl":"","keywords":["Arrai\u00e1 do CBH","Barroca","Clube Belo Horizonte"],"articleSection":["Barroca","Eventos"],"inLanguage":"pt-BR","potentialAction":[{"@type":"CommentAction","name":"Comment","target":["https:\/\/barroca.com.br\/site\/arraia-do-cbh-barroca-convida-seus-associados\/#respond"]}]},{"@type":"WebPage","@id":"https:\/\/barroca.com.br\/site\/arraia-do-cbh-barroca-convida-seus-associados\/","url":"https:\/\/barroca.com.br\/site\/arraia-do-cbh-barroca-convida-seus-associados\/","name":"Arrai\u00e1 do CBH: Barroca convida seus associados - Barroca T\u00eanis Clube","isPartOf":{"@id":"https:\/\/barroca.com.br\/site\/#website"},"primaryImageOfPage":{"@id":"https:\/\/barroca.com.br\/site\/arraia-do-cbh-barroca-convida-seus-associados\/#primaryimage"},"image":{"@id":"https:\/\/barroca.com.br\/site\/arraia-do-cbh-barroca-convida-seus-associados\/#primaryimage"},"thumbnailUrl":"","datePublished":"2015-08-03T20:16:49+00:00","author":{"@id":"https:\/\/barroca.com.br\/site\/#\/schema\/person\/4bd3687d5c267a5c16eebc047aec4c87"},"breadcrumb":{"@id":"https:\/\/barroca.com.br\/site\/arraia-do-cbh-barroca-convida-seus-associados\/#breadcrumb"},"inLanguage":"pt-BR","potentialAction":[{"@type":"ReadAction","target":["https:\/\/barroca.com.br\/site\/arraia-do-cbh-barroca-convida-seus-associados\/"]}]},{"@type":"ImageObject","inLanguage":"pt-BR","@id":"https:\/\/barroca.com.br\/site\/arraia-do-cbh-barroca-convida-seus-associados\/#primaryimage","url":"","contentUrl":""},{"@type":"BreadcrumbList","@id":"https:\/\/barroca.com.br\/site\/arraia-do-cbh-barroca-convida-seus-associados\/#breadcrumb","itemListElement":[{"@type":"ListItem","position":1,"name":"Home","item":"https:\/\/barroca.com.br\/site\/"},{"@type":"ListItem","position":2,"name":"Arrai\u00e1 do CBH: Barroca convida seus associados"}]},{"@type":"WebSite","@id":"https:\/\/barroca.com.br\/site\/#website","url":"https:\/\/barroca.com.br\/site\/","name":"Barroca T\u00eanis Clube","description":"","potentialAction":[{"@type":"SearchAction","target":{"@type":"EntryPoint","urlTemplate":"https:\/\/barroca.com.br\/site\/?s={search_term_string}"},"query-input":{"@type":"PropertyValueSpecification","valueRequired":true,"valueName":"search_term_string"}}],"inLanguage":"pt-BR"},{"@type":"Person","@id":"https:\/\/barroca.com.br\/site\/#\/schema\/person\/4bd3687d5c267a5c16eebc047aec4c87","name":"admin","image":{"@type":"ImageObject","inLanguage":"pt-BR","@id":"https:\/\/secure.gravatar.com\/avatar\/2f804b64370abb1c325d1a425a3701ad3e11f373042be8a0ecf9f97248534775?s=96&d=mm&r=g","url":"https:\/\/secure.gravatar.com\/avatar\/2f804b64370abb1c325d1a425a3701ad3e11f373042be8a0ecf9f97248534775?s=96&d=mm&r=g","contentUrl":"https:\/\/secure.gravatar.com\/avatar\/2f804b64370abb1c325d1a425a3701ad3e11f373042be8a0ecf9f97248534775?s=96&d=mm&r=g","caption":"admin"},"sameAs":["http:\/\/barroca.com.br\/site"],"url":"https:\/\/barroca.com.br\/site\/author\/admin\/"}]}},"_links":{"self":[{"href":"https:\/\/barroca.com.br\/site\/wp-json\/wp\/v2\/posts\/4243","targetHints":{"allow":["GET"]}}],"collection":[{"href":"https:\/\/barroca.com.br\/site\/wp-json\/wp\/v2\/posts"}],"about":[{"href":"https:\/\/barroca.com.br\/site\/wp-json\/wp\/v2\/types\/post"}],"author":[{"embeddable":true,"href":"https:\/\/barroca.com.br\/site\/wp-json\/wp\/v2\/users\/1"}],"replies":[{"embeddable":true,"href":"https:\/\/barroca.com.br\/site\/wp-json\/wp\/v2\/comments?post=4243"}],"version-history":[{"count":0,"href":"https:\/\/barroca.com.br\/site\/wp-json\/wp\/v2\/posts\/4243\/revisions"}],"wp:attachment":[{"href":"https:\/\/barroca.com.br\/site\/wp-json\/wp\/v2\/media?parent=4243"}],"wp:term":[{"taxonomy":"category","embeddable":true,"href":"https:\/\/barroca.com.br\/site\/wp-json\/wp\/v2\/categories?post=4243"},{"taxonomy":"post_tag","embeddable":true,"href":"https:\/\/barroca.com.br\/site\/wp-json\/wp\/v2\/tags?post=4243"}],"curies":[{"name":"wp","href":"https:\/\/api.w.org\/{rel}","templated":true}]}}