{"id":4123,"date":"2015-05-22T11:55:46","date_gmt":"2015-05-22T14:55:46","guid":{"rendered":"http:\/\/barroca.com.br\/site\/?p=4123"},"modified":"2015-05-22T11:55:46","modified_gmt":"2015-05-22T14:55:46","slug":"btc-participa-do-1o-encontro-de-dirigentes-dos-clubes-sociais-e-desportivos-do-estado","status":"publish","type":"post","link":"https:\/\/barroca.com.br\/site\/btc-participa-do-1o-encontro-de-dirigentes-dos-clubes-sociais-e-desportivos-do-estado\/","title":{"rendered":"BTC participa do 1\u00ba Encontro de Dirigentes dos Clubes Sociais e Desportivos do Estado"},"content":{"rendered":"<p>O Barroca T\u00eanis Clube se fez presente no 1\u00ba Encontro de Dirigentes dos Clubes Sociais e Desportivos do Estado de Minas Gerais, realizado no dia 18\/5, em Belo Horizonte, atrav\u00e9s do seu presidente Marcelo Pinheiro de Figueiredo, do 1\u00ba vice-presidente Jos\u00e9 Maur\u00edcio de Miranda Gomes e do vice-presidente de Finan\u00e7as e Planejamento Benoni de Jesus Cabral de Oliveira. Confira as fotos!    \t<\/p>\n","protected":false},"excerpt":{"rendered":"<p>O Barroca T\u00eanis Clube se fez presente no 1\u00ba Encontro de Dirigentes dos Clubes Sociais e Desportivos do Estado de Minas Gerais<\/p>\n","protected":false},"author":1,"featured_media":4146,"comment_status":"open","ping_status":"open","sticky":false,"template":"","format":"gallery","meta":{"_acf_changed":false,"footnotes":""},"categories":[164,29,20],"tags":[233,234,235,236],"class_list":["post-4123","post","type-post","status-publish","format-gallery","has-post-thumbnail","hentry","category-aconteceu","category-barroca","category-eventos","tag-clubes-desportivos","tag-clubes-sociais","tag-encontro","tag-mg","post_format-post-format-gallery"],"acf":[],"yoast_head":"<!-- This site is optimized with the Yoast SEO plugin v27.9 - https:\/\/yoast.com\/product\/yoast-seo-wordpress\/ -->\n<title>BTC participa do 1\u00ba Encontro de Dirigentes dos Clubes Sociais e Desportivos do Estado - Barroca T\u00eanis Clube<\/title>\n<meta name=\"robots\" content=\"index, follow, max-snippet:-1, max-image-preview:large, max-video-preview:-1\" \/>\n<link rel=\"canonical\" href=\"https:\/\/barroca.com.br\/site\/btc-participa-do-1o-encontro-de-dirigentes-dos-clubes-sociais-e-desportivos-do-estado\/\" \/>\n<meta property=\"og:locale\" content=\"pt_BR\" \/>\n<meta property=\"og:type\" content=\"article\" \/>\n<meta property=\"og:title\" content=\"BTC participa do 1\u00ba Encontro de Dirigentes dos Clubes Sociais e Desportivos do Estado - Barroca T\u00eanis Clube\" \/>\n<meta property=\"og:description\" content=\"O Barroca T\u00eanis Clube se fez presente no 1\u00ba Encontro de Dirigentes dos Clubes Sociais e Desportivos do Estado de Minas Gerais\" \/>\n<meta property=\"og:url\" content=\"https:\/\/barroca.com.br\/site\/btc-participa-do-1o-encontro-de-dirigentes-dos-clubes-sociais-e-desportivos-do-estado\/\" \/>\n<meta property=\"og:site_name\" content=\"Barroca T\u00eanis Clube\" \/>\n<meta property=\"article:published_time\" content=\"2015-05-22T14:55:46+00:00\" \/>\n<meta property=\"og:image\" content=\"https:\/\/barroca.com.br\/site\/wp-content\/uploads\/2015\/05\/6W4A1755.jpg\" \/>\n\t<meta property=\"og:image:width\" content=\"800\" \/>\n\t<meta property=\"og:image:height\" content=\"533\" \/>\n\t<meta property=\"og:image:type\" content=\"image\/jpeg\" \/>\n<meta name=\"author\" content=\"admin\" \/>\n<meta name=\"twitter:card\" content=\"summary_large_image\" \/>\n<meta name=\"twitter:label1\" content=\"Escrito por\" \/>\n\t<meta name=\"twitter:data1\" content=\"admin\" \/>\n<script type=\"application\/ld+json\" class=\"yoast-schema-graph\">{\"@context\":\"https:\\\/\\\/schema.org\",\"@graph\":[{\"@type\":\"Article\",\"@id\":\"https:\\\/\\\/barroca.com.br\\\/site\\\/btc-participa-do-1o-encontro-de-dirigentes-dos-clubes-sociais-e-desportivos-do-estado\\\/#article\",\"isPartOf\":{\"@id\":\"https:\\\/\\\/barroca.com.br\\\/site\\\/btc-participa-do-1o-encontro-de-dirigentes-dos-clubes-sociais-e-desportivos-do-estado\\\/\"},\"author\":{\"name\":\"admin\",\"@id\":\"https:\\\/\\\/barroca.com.br\\\/site\\\/#\\\/schema\\\/person\\\/4bd3687d5c267a5c16eebc047aec4c87\"},\"headline\":\"BTC participa do 1\u00ba Encontro de Dirigentes dos Clubes Sociais e Desportivos do Estado\",\"datePublished\":\"2015-05-22T14:55:46+00:00\",\"mainEntityOfPage\":{\"@id\":\"https:\\\/\\\/barroca.com.br\\\/site\\\/btc-participa-do-1o-encontro-de-dirigentes-dos-clubes-sociais-e-desportivos-do-estado\\\/\"},\"wordCount\":75,\"commentCount\":0,\"image\":{\"@id\":\"https:\\\/\\\/barroca.com.br\\\/site\\\/btc-participa-do-1o-encontro-de-dirigentes-dos-clubes-sociais-e-desportivos-do-estado\\\/#primaryimage\"},\"thumbnailUrl\":\"https:\\\/\\\/barroca.com.br\\\/site\\\/wp-content\\\/uploads\\\/2015\\\/05\\\/6W4A1755.jpg\",\"keywords\":[\"Clubes Desportivos\",\"Clubes Sociais\",\"Encontro\",\"MG\"],\"articleSection\":[\"Aconteceu\",\"Barroca\",\"Eventos\"],\"inLanguage\":\"pt-BR\",\"potentialAction\":[{\"@type\":\"CommentAction\",\"name\":\"Comment\",\"target\":[\"https:\\\/\\\/barroca.com.br\\\/site\\\/btc-participa-do-1o-encontro-de-dirigentes-dos-clubes-sociais-e-desportivos-do-estado\\\/#respond\"]}]},{\"@type\":\"WebPage\",\"@id\":\"https:\\\/\\\/barroca.com.br\\\/site\\\/btc-participa-do-1o-encontro-de-dirigentes-dos-clubes-sociais-e-desportivos-do-estado\\\/\",\"url\":\"https:\\\/\\\/barroca.com.br\\\/site\\\/btc-participa-do-1o-encontro-de-dirigentes-dos-clubes-sociais-e-desportivos-do-estado\\\/\",\"name\":\"BTC participa do 1\u00ba Encontro de Dirigentes dos Clubes Sociais e Desportivos do Estado - Barroca T\u00eanis Clube\",\"isPartOf\":{\"@id\":\"https:\\\/\\\/barroca.com.br\\\/site\\\/#website\"},\"primaryImageOfPage\":{\"@id\":\"https:\\\/\\\/barroca.com.br\\\/site\\\/btc-participa-do-1o-encontro-de-dirigentes-dos-clubes-sociais-e-desportivos-do-estado\\\/#primaryimage\"},\"image\":{\"@id\":\"https:\\\/\\\/barroca.com.br\\\/site\\\/btc-participa-do-1o-encontro-de-dirigentes-dos-clubes-sociais-e-desportivos-do-estado\\\/#primaryimage\"},\"thumbnailUrl\":\"https:\\\/\\\/barroca.com.br\\\/site\\\/wp-content\\\/uploads\\\/2015\\\/05\\\/6W4A1755.jpg\",\"datePublished\":\"2015-05-22T14:55:46+00:00\",\"author\":{\"@id\":\"https:\\\/\\\/barroca.com.br\\\/site\\\/#\\\/schema\\\/person\\\/4bd3687d5c267a5c16eebc047aec4c87\"},\"breadcrumb\":{\"@id\":\"https:\\\/\\\/barroca.com.br\\\/site\\\/btc-participa-do-1o-encontro-de-dirigentes-dos-clubes-sociais-e-desportivos-do-estado\\\/#breadcrumb\"},\"inLanguage\":\"pt-BR\",\"potentialAction\":[{\"@type\":\"ReadAction\",\"target\":[\"https:\\\/\\\/barroca.com.br\\\/site\\\/btc-participa-do-1o-encontro-de-dirigentes-dos-clubes-sociais-e-desportivos-do-estado\\\/\"]}]},{\"@type\":\"ImageObject\",\"inLanguage\":\"pt-BR\",\"@id\":\"https:\\\/\\\/barroca.com.br\\\/site\\\/btc-participa-do-1o-encontro-de-dirigentes-dos-clubes-sociais-e-desportivos-do-estado\\\/#primaryimage\",\"url\":\"https:\\\/\\\/barroca.com.br\\\/site\\\/wp-content\\\/uploads\\\/2015\\\/05\\\/6W4A1755.jpg\",\"contentUrl\":\"https:\\\/\\\/barroca.com.br\\\/site\\\/wp-content\\\/uploads\\\/2015\\\/05\\\/6W4A1755.jpg\",\"width\":800,\"height\":533},{\"@type\":\"BreadcrumbList\",\"@id\":\"https:\\\/\\\/barroca.com.br\\\/site\\\/btc-participa-do-1o-encontro-de-dirigentes-dos-clubes-sociais-e-desportivos-do-estado\\\/#breadcrumb\",\"itemListElement\":[{\"@type\":\"ListItem\",\"position\":1,\"name\":\"Home\",\"item\":\"https:\\\/\\\/barroca.com.br\\\/site\\\/\"},{\"@type\":\"ListItem\",\"position\":2,\"name\":\"BTC participa do 1\u00ba Encontro de Dirigentes dos Clubes Sociais e Desportivos do Estado\"}]},{\"@type\":\"WebSite\",\"@id\":\"https:\\\/\\\/barroca.com.br\\\/site\\\/#website\",\"url\":\"https:\\\/\\\/barroca.com.br\\\/site\\\/\",\"name\":\"Barroca T\u00eanis Clube\",\"description\":\"\",\"potentialAction\":[{\"@type\":\"SearchAction\",\"target\":{\"@type\":\"EntryPoint\",\"urlTemplate\":\"https:\\\/\\\/barroca.com.br\\\/site\\\/?s={search_term_string}\"},\"query-input\":{\"@type\":\"PropertyValueSpecification\",\"valueRequired\":true,\"valueName\":\"search_term_string\"}}],\"inLanguage\":\"pt-BR\"},{\"@type\":\"Person\",\"@id\":\"https:\\\/\\\/barroca.com.br\\\/site\\\/#\\\/schema\\\/person\\\/4bd3687d5c267a5c16eebc047aec4c87\",\"name\":\"admin\",\"image\":{\"@type\":\"ImageObject\",\"inLanguage\":\"pt-BR\",\"@id\":\"https:\\\/\\\/secure.gravatar.com\\\/avatar\\\/2f804b64370abb1c325d1a425a3701ad3e11f373042be8a0ecf9f97248534775?s=96&d=mm&r=g\",\"url\":\"https:\\\/\\\/secure.gravatar.com\\\/avatar\\\/2f804b64370abb1c325d1a425a3701ad3e11f373042be8a0ecf9f97248534775?s=96&d=mm&r=g\",\"contentUrl\":\"https:\\\/\\\/secure.gravatar.com\\\/avatar\\\/2f804b64370abb1c325d1a425a3701ad3e11f373042be8a0ecf9f97248534775?s=96&d=mm&r=g\",\"caption\":\"admin\"},\"sameAs\":[\"http:\\\/\\\/barroca.com.br\\\/site\"],\"url\":\"https:\\\/\\\/barroca.com.br\\\/site\\\/author\\\/admin\\\/\"}]}<\/script>\n<!-- \/ Yoast SEO plugin. -->","yoast_head_json":{"title":"BTC participa do 1\u00ba Encontro de Dirigentes dos Clubes Sociais e Desportivos do Estado - Barroca T\u00eanis Clube","robots":{"index":"index","follow":"follow","max-snippet":"max-snippet:-1","max-image-preview":"max-image-preview:large","max-video-preview":"max-video-preview:-1"},"canonical":"https:\/\/barroca.com.br\/site\/btc-participa-do-1o-encontro-de-dirigentes-dos-clubes-sociais-e-desportivos-do-estado\/","og_locale":"pt_BR","og_type":"article","og_title":"BTC participa do 1\u00ba Encontro de Dirigentes dos Clubes Sociais e Desportivos do Estado - Barroca T\u00eanis Clube","og_description":"O Barroca T\u00eanis Clube se fez presente no 1\u00ba Encontro de Dirigentes dos Clubes Sociais e Desportivos do Estado de Minas Gerais","og_url":"https:\/\/barroca.com.br\/site\/btc-participa-do-1o-encontro-de-dirigentes-dos-clubes-sociais-e-desportivos-do-estado\/","og_site_name":"Barroca T\u00eanis Clube","article_published_time":"2015-05-22T14:55:46+00:00","og_image":[{"width":800,"height":533,"url":"https:\/\/barroca.com.br\/site\/wp-content\/uploads\/2015\/05\/6W4A1755.jpg","type":"image\/jpeg"}],"author":"admin","twitter_card":"summary_large_image","twitter_misc":{"Escrito por":"admin"},"schema":{"@context":"https:\/\/schema.org","@graph":[{"@type":"Article","@id":"https:\/\/barroca.com.br\/site\/btc-participa-do-1o-encontro-de-dirigentes-dos-clubes-sociais-e-desportivos-do-estado\/#article","isPartOf":{"@id":"https:\/\/barroca.com.br\/site\/btc-participa-do-1o-encontro-de-dirigentes-dos-clubes-sociais-e-desportivos-do-estado\/"},"author":{"name":"admin","@id":"https:\/\/barroca.com.br\/site\/#\/schema\/person\/4bd3687d5c267a5c16eebc047aec4c87"},"headline":"BTC participa do 1\u00ba Encontro de Dirigentes dos Clubes Sociais e Desportivos do Estado","datePublished":"2015-05-22T14:55:46+00:00","mainEntityOfPage":{"@id":"https:\/\/barroca.com.br\/site\/btc-participa-do-1o-encontro-de-dirigentes-dos-clubes-sociais-e-desportivos-do-estado\/"},"wordCount":75,"commentCount":0,"image":{"@id":"https:\/\/barroca.com.br\/site\/btc-participa-do-1o-encontro-de-dirigentes-dos-clubes-sociais-e-desportivos-do-estado\/#primaryimage"},"thumbnailUrl":"https:\/\/barroca.com.br\/site\/wp-content\/uploads\/2015\/05\/6W4A1755.jpg","keywords":["Clubes Desportivos","Clubes Sociais","Encontro","MG"],"articleSection":["Aconteceu","Barroca","Eventos"],"inLanguage":"pt-BR","potentialAction":[{"@type":"CommentAction","name":"Comment","target":["https:\/\/barroca.com.br\/site\/btc-participa-do-1o-encontro-de-dirigentes-dos-clubes-sociais-e-desportivos-do-estado\/#respond"]}]},{"@type":"WebPage","@id":"https:\/\/barroca.com.br\/site\/btc-participa-do-1o-encontro-de-dirigentes-dos-clubes-sociais-e-desportivos-do-estado\/","url":"https:\/\/barroca.com.br\/site\/btc-participa-do-1o-encontro-de-dirigentes-dos-clubes-sociais-e-desportivos-do-estado\/","name":"BTC participa do 1\u00ba Encontro de Dirigentes dos Clubes Sociais e Desportivos do Estado - Barroca T\u00eanis Clube","isPartOf":{"@id":"https:\/\/barroca.com.br\/site\/#website"},"primaryImageOfPage":{"@id":"https:\/\/barroca.com.br\/site\/btc-participa-do-1o-encontro-de-dirigentes-dos-clubes-sociais-e-desportivos-do-estado\/#primaryimage"},"image":{"@id":"https:\/\/barroca.com.br\/site\/btc-participa-do-1o-encontro-de-dirigentes-dos-clubes-sociais-e-desportivos-do-estado\/#primaryimage"},"thumbnailUrl":"https:\/\/barroca.com.br\/site\/wp-content\/uploads\/2015\/05\/6W4A1755.jpg","datePublished":"2015-05-22T14:55:46+00:00","author":{"@id":"https:\/\/barroca.com.br\/site\/#\/schema\/person\/4bd3687d5c267a5c16eebc047aec4c87"},"breadcrumb":{"@id":"https:\/\/barroca.com.br\/site\/btc-participa-do-1o-encontro-de-dirigentes-dos-clubes-sociais-e-desportivos-do-estado\/#breadcrumb"},"inLanguage":"pt-BR","potentialAction":[{"@type":"ReadAction","target":["https:\/\/barroca.com.br\/site\/btc-participa-do-1o-encontro-de-dirigentes-dos-clubes-sociais-e-desportivos-do-estado\/"]}]},{"@type":"ImageObject","inLanguage":"pt-BR","@id":"https:\/\/barroca.com.br\/site\/btc-participa-do-1o-encontro-de-dirigentes-dos-clubes-sociais-e-desportivos-do-estado\/#primaryimage","url":"https:\/\/barroca.com.br\/site\/wp-content\/uploads\/2015\/05\/6W4A1755.jpg","contentUrl":"https:\/\/barroca.com.br\/site\/wp-content\/uploads\/2015\/05\/6W4A1755.jpg","width":800,"height":533},{"@type":"BreadcrumbList","@id":"https:\/\/barroca.com.br\/site\/btc-participa-do-1o-encontro-de-dirigentes-dos-clubes-sociais-e-desportivos-do-estado\/#breadcrumb","itemListElement":[{"@type":"ListItem","position":1,"name":"Home","item":"https:\/\/barroca.com.br\/site\/"},{"@type":"ListItem","position":2,"name":"BTC participa do 1\u00ba Encontro de Dirigentes dos Clubes Sociais e Desportivos do Estado"}]},{"@type":"WebSite","@id":"https:\/\/barroca.com.br\/site\/#website","url":"https:\/\/barroca.com.br\/site\/","name":"Barroca T\u00eanis Clube","description":"","potentialAction":[{"@type":"SearchAction","target":{"@type":"EntryPoint","urlTemplate":"https:\/\/barroca.com.br\/site\/?s={search_term_string}"},"query-input":{"@type":"PropertyValueSpecification","valueRequired":true,"valueName":"search_term_string"}}],"inLanguage":"pt-BR"},{"@type":"Person","@id":"https:\/\/barroca.com.br\/site\/#\/schema\/person\/4bd3687d5c267a5c16eebc047aec4c87","name":"admin","image":{"@type":"ImageObject","inLanguage":"pt-BR","@id":"https:\/\/secure.gravatar.com\/avatar\/2f804b64370abb1c325d1a425a3701ad3e11f373042be8a0ecf9f97248534775?s=96&d=mm&r=g","url":"https:\/\/secure.gravatar.com\/avatar\/2f804b64370abb1c325d1a425a3701ad3e11f373042be8a0ecf9f97248534775?s=96&d=mm&r=g","contentUrl":"https:\/\/secure.gravatar.com\/avatar\/2f804b64370abb1c325d1a425a3701ad3e11f373042be8a0ecf9f97248534775?s=96&d=mm&r=g","caption":"admin"},"sameAs":["http:\/\/barroca.com.br\/site"],"url":"https:\/\/barroca.com.br\/site\/author\/admin\/"}]}},"_links":{"self":[{"href":"https:\/\/barroca.com.br\/site\/wp-json\/wp\/v2\/posts\/4123","targetHints":{"allow":["GET"]}}],"collection":[{"href":"https:\/\/barroca.com.br\/site\/wp-json\/wp\/v2\/posts"}],"about":[{"href":"https:\/\/barroca.com.br\/site\/wp-json\/wp\/v2\/types\/post"}],"author":[{"embeddable":true,"href":"https:\/\/barroca.com.br\/site\/wp-json\/wp\/v2\/users\/1"}],"replies":[{"embeddable":true,"href":"https:\/\/barroca.com.br\/site\/wp-json\/wp\/v2\/comments?post=4123"}],"version-history":[{"count":0,"href":"https:\/\/barroca.com.br\/site\/wp-json\/wp\/v2\/posts\/4123\/revisions"}],"wp:featuredmedia":[{"embeddable":true,"href":"https:\/\/barroca.com.br\/site\/wp-json\/wp\/v2\/media\/4146"}],"wp:attachment":[{"href":"https:\/\/barroca.com.br\/site\/wp-json\/wp\/v2\/media?parent=4123"}],"wp:term":[{"taxonomy":"category","embeddable":true,"href":"https:\/\/barroca.com.br\/site\/wp-json\/wp\/v2\/categories?post=4123"},{"taxonomy":"post_tag","embeddable":true,"href":"https:\/\/barroca.com.br\/site\/wp-json\/wp\/v2\/tags?post=4123"}],"curies":[{"name":"wp","href":"https:\/\/api.w.org\/{rel}","templated":true}]}}