{"id":4071,"date":"2015-04-17T17:56:19","date_gmt":"2015-04-17T20:56:19","guid":{"rendered":"http:\/\/barroca.com.br\/site\/?p=4071"},"modified":"2015-04-17T17:56:19","modified_gmt":"2015-04-17T20:56:19","slug":"pascoa-dos-socios-mirins-agitou-o-clube","status":"publish","type":"post","link":"https:\/\/barroca.com.br\/site\/pascoa-dos-socios-mirins-agitou-o-clube\/","title":{"rendered":"P\u00e1scoa dos s\u00f3cios mirins agitou o Clube"},"content":{"rendered":"<p>No s\u00e1bado, 11\/04\/2015, a garotada associada do Barroca aproveitou a festa P\u00e1scoa no Clube, que o Barroca organizou. Das 10h \u00e0s 12h30 um &#8216;coelh\u00e3o&#8217; e seu monitor presentearam os guris com guloseimas e realizaram diversas brincadeiras com a meninada! <\/p>\n<p><strong>Confira alguns momentos da festa:<\/strong><br \/>\n<iframe loading=\"lazy\" width=\"560\" height=\"315\" src=\"https:\/\/www.youtube.com\/embed\/KYFL5oD_gmg\" frameborder=\"0\" allowfullscreen><\/iframe>    \t<\/p>\n","protected":false},"excerpt":{"rendered":"<p>No s\u00e1bado, 11\/04\/2015, a garotada associada do Barroca aproveitou a festa P\u00e1scoa no Clube, que o Barroca organizou. Das 10h \u00e0s 12h30 um &#8216;coelh\u00e3o&#8217; e seu monitor presentearam os guris com guloseimas e realizaram diversas brincadeiras com a meninada! Confira alguns momentos da festa:<\/p>\n","protected":false},"author":1,"featured_media":4077,"comment_status":"open","ping_status":"open","sticky":false,"template":"","format":"gallery","meta":{"_acf_changed":false,"footnotes":""},"categories":[164,29],"tags":[21,74,232],"class_list":["post-4071","post","type-post","status-publish","format-gallery","has-post-thumbnail","hentry","category-aconteceu","category-barroca","tag-barroca","tag-eventos","tag-pascoa","post_format-post-format-gallery"],"acf":[],"yoast_head":"<!-- This site is optimized with the Yoast SEO plugin v27.9 - https:\/\/yoast.com\/product\/yoast-seo-wordpress\/ -->\n<title>P\u00e1scoa dos s\u00f3cios mirins agitou o Clube - Barroca T\u00eanis Clube<\/title>\n<meta name=\"robots\" content=\"index, follow, max-snippet:-1, max-image-preview:large, max-video-preview:-1\" \/>\n<link rel=\"canonical\" href=\"https:\/\/barroca.com.br\/site\/pascoa-dos-socios-mirins-agitou-o-clube\/\" \/>\n<meta property=\"og:locale\" content=\"pt_BR\" \/>\n<meta property=\"og:type\" content=\"article\" \/>\n<meta property=\"og:title\" content=\"P\u00e1scoa dos s\u00f3cios mirins agitou o Clube - Barroca T\u00eanis Clube\" \/>\n<meta property=\"og:description\" content=\"No s\u00e1bado, 11\/04\/2015, a garotada associada do Barroca aproveitou a festa P\u00e1scoa no Clube, que o Barroca organizou. Das 10h \u00e0s 12h30 um &#8216;coelh\u00e3o&#8217; e seu monitor presentearam os guris com guloseimas e realizaram diversas brincadeiras com a meninada! Confira alguns momentos da festa:\" \/>\n<meta property=\"og:url\" content=\"https:\/\/barroca.com.br\/site\/pascoa-dos-socios-mirins-agitou-o-clube\/\" \/>\n<meta property=\"og:site_name\" content=\"Barroca T\u00eanis Clube\" \/>\n<meta property=\"article:published_time\" content=\"2015-04-17T20:56:19+00:00\" \/>\n<meta property=\"og:image\" content=\"https:\/\/barroca.com.br\/site\/wp-content\/uploads\/2015\/04\/188.jpg\" \/>\n\t<meta property=\"og:image:width\" content=\"980\" \/>\n\t<meta property=\"og:image:height\" content=\"644\" \/>\n\t<meta property=\"og:image:type\" content=\"image\/jpeg\" \/>\n<meta name=\"author\" content=\"admin\" \/>\n<meta name=\"twitter:card\" content=\"summary_large_image\" \/>\n<meta name=\"twitter:label1\" content=\"Escrito por\" \/>\n\t<meta name=\"twitter:data1\" content=\"admin\" \/>\n<script type=\"application\/ld+json\" class=\"yoast-schema-graph\">{\"@context\":\"https:\\\/\\\/schema.org\",\"@graph\":[{\"@type\":\"Article\",\"@id\":\"https:\\\/\\\/barroca.com.br\\\/site\\\/pascoa-dos-socios-mirins-agitou-o-clube\\\/#article\",\"isPartOf\":{\"@id\":\"https:\\\/\\\/barroca.com.br\\\/site\\\/pascoa-dos-socios-mirins-agitou-o-clube\\\/\"},\"author\":{\"name\":\"admin\",\"@id\":\"https:\\\/\\\/barroca.com.br\\\/site\\\/#\\\/schema\\\/person\\\/4bd3687d5c267a5c16eebc047aec4c87\"},\"headline\":\"P\u00e1scoa dos s\u00f3cios mirins agitou o Clube\",\"datePublished\":\"2015-04-17T20:56:19+00:00\",\"mainEntityOfPage\":{\"@id\":\"https:\\\/\\\/barroca.com.br\\\/site\\\/pascoa-dos-socios-mirins-agitou-o-clube\\\/\"},\"wordCount\":55,\"commentCount\":0,\"image\":{\"@id\":\"https:\\\/\\\/barroca.com.br\\\/site\\\/pascoa-dos-socios-mirins-agitou-o-clube\\\/#primaryimage\"},\"thumbnailUrl\":\"https:\\\/\\\/barroca.com.br\\\/site\\\/wp-content\\\/uploads\\\/2015\\\/04\\\/188.jpg\",\"keywords\":[\"Barroca\",\"Eventos\",\"P\u00e1scoa\"],\"articleSection\":[\"Aconteceu\",\"Barroca\"],\"inLanguage\":\"pt-BR\",\"potentialAction\":[{\"@type\":\"CommentAction\",\"name\":\"Comment\",\"target\":[\"https:\\\/\\\/barroca.com.br\\\/site\\\/pascoa-dos-socios-mirins-agitou-o-clube\\\/#respond\"]}]},{\"@type\":\"WebPage\",\"@id\":\"https:\\\/\\\/barroca.com.br\\\/site\\\/pascoa-dos-socios-mirins-agitou-o-clube\\\/\",\"url\":\"https:\\\/\\\/barroca.com.br\\\/site\\\/pascoa-dos-socios-mirins-agitou-o-clube\\\/\",\"name\":\"P\u00e1scoa dos s\u00f3cios mirins agitou o Clube - Barroca T\u00eanis Clube\",\"isPartOf\":{\"@id\":\"https:\\\/\\\/barroca.com.br\\\/site\\\/#website\"},\"primaryImageOfPage\":{\"@id\":\"https:\\\/\\\/barroca.com.br\\\/site\\\/pascoa-dos-socios-mirins-agitou-o-clube\\\/#primaryimage\"},\"image\":{\"@id\":\"https:\\\/\\\/barroca.com.br\\\/site\\\/pascoa-dos-socios-mirins-agitou-o-clube\\\/#primaryimage\"},\"thumbnailUrl\":\"https:\\\/\\\/barroca.com.br\\\/site\\\/wp-content\\\/uploads\\\/2015\\\/04\\\/188.jpg\",\"datePublished\":\"2015-04-17T20:56:19+00:00\",\"author\":{\"@id\":\"https:\\\/\\\/barroca.com.br\\\/site\\\/#\\\/schema\\\/person\\\/4bd3687d5c267a5c16eebc047aec4c87\"},\"breadcrumb\":{\"@id\":\"https:\\\/\\\/barroca.com.br\\\/site\\\/pascoa-dos-socios-mirins-agitou-o-clube\\\/#breadcrumb\"},\"inLanguage\":\"pt-BR\",\"potentialAction\":[{\"@type\":\"ReadAction\",\"target\":[\"https:\\\/\\\/barroca.com.br\\\/site\\\/pascoa-dos-socios-mirins-agitou-o-clube\\\/\"]}]},{\"@type\":\"ImageObject\",\"inLanguage\":\"pt-BR\",\"@id\":\"https:\\\/\\\/barroca.com.br\\\/site\\\/pascoa-dos-socios-mirins-agitou-o-clube\\\/#primaryimage\",\"url\":\"https:\\\/\\\/barroca.com.br\\\/site\\\/wp-content\\\/uploads\\\/2015\\\/04\\\/188.jpg\",\"contentUrl\":\"https:\\\/\\\/barroca.com.br\\\/site\\\/wp-content\\\/uploads\\\/2015\\\/04\\\/188.jpg\",\"width\":980,\"height\":644},{\"@type\":\"BreadcrumbList\",\"@id\":\"https:\\\/\\\/barroca.com.br\\\/site\\\/pascoa-dos-socios-mirins-agitou-o-clube\\\/#breadcrumb\",\"itemListElement\":[{\"@type\":\"ListItem\",\"position\":1,\"name\":\"Home\",\"item\":\"https:\\\/\\\/barroca.com.br\\\/site\\\/\"},{\"@type\":\"ListItem\",\"position\":2,\"name\":\"P\u00e1scoa dos s\u00f3cios mirins agitou o Clube\"}]},{\"@type\":\"WebSite\",\"@id\":\"https:\\\/\\\/barroca.com.br\\\/site\\\/#website\",\"url\":\"https:\\\/\\\/barroca.com.br\\\/site\\\/\",\"name\":\"Barroca T\u00eanis Clube\",\"description\":\"\",\"potentialAction\":[{\"@type\":\"SearchAction\",\"target\":{\"@type\":\"EntryPoint\",\"urlTemplate\":\"https:\\\/\\\/barroca.com.br\\\/site\\\/?s={search_term_string}\"},\"query-input\":{\"@type\":\"PropertyValueSpecification\",\"valueRequired\":true,\"valueName\":\"search_term_string\"}}],\"inLanguage\":\"pt-BR\"},{\"@type\":\"Person\",\"@id\":\"https:\\\/\\\/barroca.com.br\\\/site\\\/#\\\/schema\\\/person\\\/4bd3687d5c267a5c16eebc047aec4c87\",\"name\":\"admin\",\"image\":{\"@type\":\"ImageObject\",\"inLanguage\":\"pt-BR\",\"@id\":\"https:\\\/\\\/secure.gravatar.com\\\/avatar\\\/2f804b64370abb1c325d1a425a3701ad3e11f373042be8a0ecf9f97248534775?s=96&d=mm&r=g\",\"url\":\"https:\\\/\\\/secure.gravatar.com\\\/avatar\\\/2f804b64370abb1c325d1a425a3701ad3e11f373042be8a0ecf9f97248534775?s=96&d=mm&r=g\",\"contentUrl\":\"https:\\\/\\\/secure.gravatar.com\\\/avatar\\\/2f804b64370abb1c325d1a425a3701ad3e11f373042be8a0ecf9f97248534775?s=96&d=mm&r=g\",\"caption\":\"admin\"},\"sameAs\":[\"http:\\\/\\\/barroca.com.br\\\/site\"],\"url\":\"https:\\\/\\\/barroca.com.br\\\/site\\\/author\\\/admin\\\/\"}]}<\/script>\n<!-- \/ Yoast SEO plugin. -->","yoast_head_json":{"title":"P\u00e1scoa dos s\u00f3cios mirins agitou o Clube - Barroca T\u00eanis Clube","robots":{"index":"index","follow":"follow","max-snippet":"max-snippet:-1","max-image-preview":"max-image-preview:large","max-video-preview":"max-video-preview:-1"},"canonical":"https:\/\/barroca.com.br\/site\/pascoa-dos-socios-mirins-agitou-o-clube\/","og_locale":"pt_BR","og_type":"article","og_title":"P\u00e1scoa dos s\u00f3cios mirins agitou o Clube - Barroca T\u00eanis Clube","og_description":"No s\u00e1bado, 11\/04\/2015, a garotada associada do Barroca aproveitou a festa P\u00e1scoa no Clube, que o Barroca organizou. Das 10h \u00e0s 12h30 um &#8216;coelh\u00e3o&#8217; e seu monitor presentearam os guris com guloseimas e realizaram diversas brincadeiras com a meninada! Confira alguns momentos da festa:","og_url":"https:\/\/barroca.com.br\/site\/pascoa-dos-socios-mirins-agitou-o-clube\/","og_site_name":"Barroca T\u00eanis Clube","article_published_time":"2015-04-17T20:56:19+00:00","og_image":[{"width":980,"height":644,"url":"https:\/\/barroca.com.br\/site\/wp-content\/uploads\/2015\/04\/188.jpg","type":"image\/jpeg"}],"author":"admin","twitter_card":"summary_large_image","twitter_misc":{"Escrito por":"admin"},"schema":{"@context":"https:\/\/schema.org","@graph":[{"@type":"Article","@id":"https:\/\/barroca.com.br\/site\/pascoa-dos-socios-mirins-agitou-o-clube\/#article","isPartOf":{"@id":"https:\/\/barroca.com.br\/site\/pascoa-dos-socios-mirins-agitou-o-clube\/"},"author":{"name":"admin","@id":"https:\/\/barroca.com.br\/site\/#\/schema\/person\/4bd3687d5c267a5c16eebc047aec4c87"},"headline":"P\u00e1scoa dos s\u00f3cios mirins agitou o Clube","datePublished":"2015-04-17T20:56:19+00:00","mainEntityOfPage":{"@id":"https:\/\/barroca.com.br\/site\/pascoa-dos-socios-mirins-agitou-o-clube\/"},"wordCount":55,"commentCount":0,"image":{"@id":"https:\/\/barroca.com.br\/site\/pascoa-dos-socios-mirins-agitou-o-clube\/#primaryimage"},"thumbnailUrl":"https:\/\/barroca.com.br\/site\/wp-content\/uploads\/2015\/04\/188.jpg","keywords":["Barroca","Eventos","P\u00e1scoa"],"articleSection":["Aconteceu","Barroca"],"inLanguage":"pt-BR","potentialAction":[{"@type":"CommentAction","name":"Comment","target":["https:\/\/barroca.com.br\/site\/pascoa-dos-socios-mirins-agitou-o-clube\/#respond"]}]},{"@type":"WebPage","@id":"https:\/\/barroca.com.br\/site\/pascoa-dos-socios-mirins-agitou-o-clube\/","url":"https:\/\/barroca.com.br\/site\/pascoa-dos-socios-mirins-agitou-o-clube\/","name":"P\u00e1scoa dos s\u00f3cios mirins agitou o Clube - Barroca T\u00eanis Clube","isPartOf":{"@id":"https:\/\/barroca.com.br\/site\/#website"},"primaryImageOfPage":{"@id":"https:\/\/barroca.com.br\/site\/pascoa-dos-socios-mirins-agitou-o-clube\/#primaryimage"},"image":{"@id":"https:\/\/barroca.com.br\/site\/pascoa-dos-socios-mirins-agitou-o-clube\/#primaryimage"},"thumbnailUrl":"https:\/\/barroca.com.br\/site\/wp-content\/uploads\/2015\/04\/188.jpg","datePublished":"2015-04-17T20:56:19+00:00","author":{"@id":"https:\/\/barroca.com.br\/site\/#\/schema\/person\/4bd3687d5c267a5c16eebc047aec4c87"},"breadcrumb":{"@id":"https:\/\/barroca.com.br\/site\/pascoa-dos-socios-mirins-agitou-o-clube\/#breadcrumb"},"inLanguage":"pt-BR","potentialAction":[{"@type":"ReadAction","target":["https:\/\/barroca.com.br\/site\/pascoa-dos-socios-mirins-agitou-o-clube\/"]}]},{"@type":"ImageObject","inLanguage":"pt-BR","@id":"https:\/\/barroca.com.br\/site\/pascoa-dos-socios-mirins-agitou-o-clube\/#primaryimage","url":"https:\/\/barroca.com.br\/site\/wp-content\/uploads\/2015\/04\/188.jpg","contentUrl":"https:\/\/barroca.com.br\/site\/wp-content\/uploads\/2015\/04\/188.jpg","width":980,"height":644},{"@type":"BreadcrumbList","@id":"https:\/\/barroca.com.br\/site\/pascoa-dos-socios-mirins-agitou-o-clube\/#breadcrumb","itemListElement":[{"@type":"ListItem","position":1,"name":"Home","item":"https:\/\/barroca.com.br\/site\/"},{"@type":"ListItem","position":2,"name":"P\u00e1scoa dos s\u00f3cios mirins agitou o Clube"}]},{"@type":"WebSite","@id":"https:\/\/barroca.com.br\/site\/#website","url":"https:\/\/barroca.com.br\/site\/","name":"Barroca T\u00eanis Clube","description":"","potentialAction":[{"@type":"SearchAction","target":{"@type":"EntryPoint","urlTemplate":"https:\/\/barroca.com.br\/site\/?s={search_term_string}"},"query-input":{"@type":"PropertyValueSpecification","valueRequired":true,"valueName":"search_term_string"}}],"inLanguage":"pt-BR"},{"@type":"Person","@id":"https:\/\/barroca.com.br\/site\/#\/schema\/person\/4bd3687d5c267a5c16eebc047aec4c87","name":"admin","image":{"@type":"ImageObject","inLanguage":"pt-BR","@id":"https:\/\/secure.gravatar.com\/avatar\/2f804b64370abb1c325d1a425a3701ad3e11f373042be8a0ecf9f97248534775?s=96&d=mm&r=g","url":"https:\/\/secure.gravatar.com\/avatar\/2f804b64370abb1c325d1a425a3701ad3e11f373042be8a0ecf9f97248534775?s=96&d=mm&r=g","contentUrl":"https:\/\/secure.gravatar.com\/avatar\/2f804b64370abb1c325d1a425a3701ad3e11f373042be8a0ecf9f97248534775?s=96&d=mm&r=g","caption":"admin"},"sameAs":["http:\/\/barroca.com.br\/site"],"url":"https:\/\/barroca.com.br\/site\/author\/admin\/"}]}},"_links":{"self":[{"href":"https:\/\/barroca.com.br\/site\/wp-json\/wp\/v2\/posts\/4071","targetHints":{"allow":["GET"]}}],"collection":[{"href":"https:\/\/barroca.com.br\/site\/wp-json\/wp\/v2\/posts"}],"about":[{"href":"https:\/\/barroca.com.br\/site\/wp-json\/wp\/v2\/types\/post"}],"author":[{"embeddable":true,"href":"https:\/\/barroca.com.br\/site\/wp-json\/wp\/v2\/users\/1"}],"replies":[{"embeddable":true,"href":"https:\/\/barroca.com.br\/site\/wp-json\/wp\/v2\/comments?post=4071"}],"version-history":[{"count":0,"href":"https:\/\/barroca.com.br\/site\/wp-json\/wp\/v2\/posts\/4071\/revisions"}],"wp:featuredmedia":[{"embeddable":true,"href":"https:\/\/barroca.com.br\/site\/wp-json\/wp\/v2\/media\/4077"}],"wp:attachment":[{"href":"https:\/\/barroca.com.br\/site\/wp-json\/wp\/v2\/media?parent=4071"}],"wp:term":[{"taxonomy":"category","embeddable":true,"href":"https:\/\/barroca.com.br\/site\/wp-json\/wp\/v2\/categories?post=4071"},{"taxonomy":"post_tag","embeddable":true,"href":"https:\/\/barroca.com.br\/site\/wp-json\/wp\/v2\/tags?post=4071"}],"curies":[{"name":"wp","href":"https:\/\/api.w.org\/{rel}","templated":true}]}}