{"id":4060,"date":"2015-03-09T21:03:56","date_gmt":"2015-03-10T00:03:56","guid":{"rendered":"http:\/\/barroca.com.br\/site\/?p=4060"},"modified":"2015-03-09T21:03:56","modified_gmt":"2015-03-10T00:03:56","slug":"chapa-barroca-somos-todos-nos-e-eleita-e-ira-administrar-o-clube-nos-proximos-dois-anos","status":"publish","type":"post","link":"https:\/\/barroca.com.br\/site\/chapa-barroca-somos-todos-nos-e-eleita-e-ira-administrar-o-clube-nos-proximos-dois-anos\/","title":{"rendered":"Chapa \u201cBarroca Somos Todos N\u00f3s\u201d \u00e9 eleita e ir\u00e1 administrar o Clube nos pr\u00f3ximos dois anos"},"content":{"rendered":"<p><a href=\"http:\/\/barroca.com.br\/antigo_site\/wp-content\/uploads\/2015\/03\/DSC_0062.jpg\"><img loading=\"lazy\" decoding=\"async\" class=\"alignright  wp-image-4063\" src=\"http:\/\/barroca.com.br\/antigo_site\/wp-content\/uploads\/2015\/03\/DSC_0062-815x458.jpg\" alt=\"DSC_0062\" width=\"418\" height=\"235\" \/><\/a>Aconteceu hoje, 9\/3, no sal\u00e3o social do Barroca, a elei\u00e7\u00e3o para escolha dos membros da Diretoria, Conselho Deliberativo e Conselho Fiscal para o mandato de 2015\/2017. Depois de muitas negocia\u00e7\u00f5es houve um consenso e foi decidido que a elei\u00e7\u00e3o teria chapa \u00fanica. Com isso, a chapa \u201cBarroca Somos Todos N\u00f3s\u201d foi eleita por aclama\u00e7\u00e3o.<\/p>\n<p>O objetivo \u00e9 dar continuidade nos trabalhos da gest\u00e3o do presidente Geovani Oliveira Magalh\u00e3es e melhorar ainda mais os servi\u00e7os prestados pelo Clube, com zelo ao patrim\u00f4nio da institui\u00e7\u00e3o, sempre buscando o melhor para o BTC e associados.<\/p>\n<p><strong>Confira os eleitos<\/strong><\/p>\n<p><strong>Diretoria<\/strong><br \/>\nPresidente: Marcelo Pinheiro de Figueiredo<br \/>\n1\u00ba Vice-Presidente: Jos\u00e9 Maur\u00edcio de Miranda Gomes<br \/>\n2\u00ba Vice-presidente: Frederico Salviano de Almeida<br \/>\nVice-Presidente de Finan\u00e7as e Planejamento: Benoni de Jesus Cabral de Oliveira<br \/>\nTesoureiro: Bruno Yuuki Lopes Fukino<br \/>\n1\u00aa Secret\u00e1ria: Maria Ana Am\u00e9lia Camilo Lage<br \/>\n2\u00ba Secret\u00e1rio: Henry Laviola Vagliano<\/p>\n<p><strong>Conselho Deliberativo<\/strong><br \/>\nPresidente: Carlos Vieira Filho<br \/>\nVice Presidente: Jos\u00e9 Rodolfo de Castro Toledo<\/p>\n<p>Aires George Garrocho de Almeida<br \/>\nAnibal Breno Lopes de Castro<br \/>\nAnderson de Souza Campos Cruz<br \/>\nAnt\u00f4nio Alu\u00edzio Freire<br \/>\nAnt\u00f4nio Augusto Versiani<br \/>\nAnt\u00f4nio J\u00falio Pessoa Neto<br \/>\nAnt\u00f4nio Teixeira Filho<br \/>\nBeethoven Lopes Bastos J\u00fanior<br \/>\nBenildon Ribeiro de Paiva<br \/>\nByron L\u00facio da Silva<br \/>\nBruno Macedo Poli<br \/>\nCarlos Augusto Retorre<br \/>\nCarlos S\u00e9rgio Cust\u00f3dio de Oliveira<br \/>\nF\u00e1bio Luiz Queiroz Santos<br \/>\nFernando Azevedo Fontenelle<br \/>\nGeraldo Magela Silveira Souza<br \/>\nGuilherme Heli de Abreu<br \/>\nHaroldo da Costa Andrade<br \/>\nHeliomar de Oliveira Costa<\/p>\n<p><strong>Conselho Fiscal<br \/>\n<\/strong>Bernardo Lipovetsky<br \/>\n<span style=\"line-height: 1.5;\">Jos\u00e9 Roberto Andrade<br \/>\n<\/span><span style=\"line-height: 1.5;\">Alcione Vaz de Assis<\/span><\/p>\n<p>&#8211; Suplentes<br \/>\nRodrigo da Rocha Rodrigues<br \/>\nJos\u00e9 Maur\u00edcio Resende<br \/>\nAnt\u00f4nio Carlos Morato    \t<\/p>\n","protected":false},"excerpt":{"rendered":"<p>Aconteceu hoje, 9\/3, no sal\u00e3o social do Barroca, a elei\u00e7\u00e3o para escolha dos membros da Diretoria, Conselho Deliberativo e Conselho Fiscal para o mandato de 2015\/2017. Depois de muitas negocia\u00e7\u00f5es houve um consenso e foi decidido que a elei\u00e7\u00e3o teria chapa \u00fanica. Com isso, a chapa \u201cBarroca Somos Todos N\u00f3s\u201d foi eleita por aclama\u00e7\u00e3o. O [&hellip;]<\/p>\n","protected":false},"author":1,"featured_media":4062,"comment_status":"open","ping_status":"open","sticky":false,"template":"","format":"standard","meta":{"_acf_changed":false,"footnotes":""},"categories":[164,29],"tags":[21,231,227],"class_list":["post-4060","post","type-post","status-publish","format-standard","has-post-thumbnail","hentry","category-aconteceu","category-barroca","tag-barroca","tag-chapa-barroca-somos-todos-nos","tag-eleicoes"],"acf":[],"yoast_head":"<!-- This site is optimized with the Yoast SEO plugin v27.9 - https:\/\/yoast.com\/product\/yoast-seo-wordpress\/ -->\n<title>Chapa \u201cBarroca Somos Todos N\u00f3s\u201d \u00e9 eleita e ir\u00e1 administrar o Clube nos pr\u00f3ximos dois anos - Barroca T\u00eanis Clube<\/title>\n<meta name=\"robots\" content=\"index, follow, max-snippet:-1, max-image-preview:large, max-video-preview:-1\" \/>\n<link rel=\"canonical\" href=\"https:\/\/barroca.com.br\/site\/chapa-barroca-somos-todos-nos-e-eleita-e-ira-administrar-o-clube-nos-proximos-dois-anos\/\" \/>\n<meta property=\"og:locale\" content=\"pt_BR\" \/>\n<meta property=\"og:type\" content=\"article\" \/>\n<meta property=\"og:title\" content=\"Chapa \u201cBarroca Somos Todos N\u00f3s\u201d \u00e9 eleita e ir\u00e1 administrar o Clube nos pr\u00f3ximos dois anos - Barroca T\u00eanis Clube\" \/>\n<meta property=\"og:description\" content=\"Aconteceu hoje, 9\/3, no sal\u00e3o social do Barroca, a elei\u00e7\u00e3o para escolha dos membros da Diretoria, Conselho Deliberativo e Conselho Fiscal para o mandato de 2015\/2017. Depois de muitas negocia\u00e7\u00f5es houve um consenso e foi decidido que a elei\u00e7\u00e3o teria chapa \u00fanica. Com isso, a chapa \u201cBarroca Somos Todos N\u00f3s\u201d foi eleita por aclama\u00e7\u00e3o. O [&hellip;]\" \/>\n<meta property=\"og:url\" content=\"https:\/\/barroca.com.br\/site\/chapa-barroca-somos-todos-nos-e-eleita-e-ira-administrar-o-clube-nos-proximos-dois-anos\/\" \/>\n<meta property=\"og:site_name\" content=\"Barroca T\u00eanis Clube\" \/>\n<meta property=\"article:published_time\" content=\"2015-03-10T00:03:56+00:00\" \/>\n<meta property=\"og:image\" content=\"https:\/\/barroca.com.br\/site\/wp-content\/uploads\/2015\/03\/DSC_0054.jpg\" \/>\n\t<meta property=\"og:image:width\" content=\"1280\" \/>\n\t<meta property=\"og:image:height\" content=\"848\" \/>\n\t<meta property=\"og:image:type\" content=\"image\/jpeg\" \/>\n<meta name=\"author\" content=\"admin\" \/>\n<meta name=\"twitter:card\" content=\"summary_large_image\" \/>\n<meta name=\"twitter:label1\" content=\"Escrito por\" \/>\n\t<meta name=\"twitter:data1\" content=\"admin\" \/>\n\t<meta name=\"twitter:label2\" content=\"Est. tempo de leitura\" \/>\n\t<meta name=\"twitter:data2\" content=\"1 minuto\" \/>\n<script type=\"application\/ld+json\" class=\"yoast-schema-graph\">{\"@context\":\"https:\\\/\\\/schema.org\",\"@graph\":[{\"@type\":\"Article\",\"@id\":\"https:\\\/\\\/barroca.com.br\\\/site\\\/chapa-barroca-somos-todos-nos-e-eleita-e-ira-administrar-o-clube-nos-proximos-dois-anos\\\/#article\",\"isPartOf\":{\"@id\":\"https:\\\/\\\/barroca.com.br\\\/site\\\/chapa-barroca-somos-todos-nos-e-eleita-e-ira-administrar-o-clube-nos-proximos-dois-anos\\\/\"},\"author\":{\"name\":\"admin\",\"@id\":\"https:\\\/\\\/barroca.com.br\\\/site\\\/#\\\/schema\\\/person\\\/4bd3687d5c267a5c16eebc047aec4c87\"},\"headline\":\"Chapa \u201cBarroca Somos Todos N\u00f3s\u201d \u00e9 eleita e ir\u00e1 administrar o Clube nos pr\u00f3ximos dois anos\",\"datePublished\":\"2015-03-10T00:03:56+00:00\",\"mainEntityOfPage\":{\"@id\":\"https:\\\/\\\/barroca.com.br\\\/site\\\/chapa-barroca-somos-todos-nos-e-eleita-e-ira-administrar-o-clube-nos-proximos-dois-anos\\\/\"},\"wordCount\":291,\"commentCount\":0,\"image\":{\"@id\":\"https:\\\/\\\/barroca.com.br\\\/site\\\/chapa-barroca-somos-todos-nos-e-eleita-e-ira-administrar-o-clube-nos-proximos-dois-anos\\\/#primaryimage\"},\"thumbnailUrl\":\"https:\\\/\\\/barroca.com.br\\\/site\\\/wp-content\\\/uploads\\\/2015\\\/03\\\/DSC_0054.jpg\",\"keywords\":[\"Barroca\",\"Chapa Barroca Somos todos N\u00f3s\",\"Elei\u00e7\u00f5es\"],\"articleSection\":[\"Aconteceu\",\"Barroca\"],\"inLanguage\":\"pt-BR\",\"potentialAction\":[{\"@type\":\"CommentAction\",\"name\":\"Comment\",\"target\":[\"https:\\\/\\\/barroca.com.br\\\/site\\\/chapa-barroca-somos-todos-nos-e-eleita-e-ira-administrar-o-clube-nos-proximos-dois-anos\\\/#respond\"]}]},{\"@type\":\"WebPage\",\"@id\":\"https:\\\/\\\/barroca.com.br\\\/site\\\/chapa-barroca-somos-todos-nos-e-eleita-e-ira-administrar-o-clube-nos-proximos-dois-anos\\\/\",\"url\":\"https:\\\/\\\/barroca.com.br\\\/site\\\/chapa-barroca-somos-todos-nos-e-eleita-e-ira-administrar-o-clube-nos-proximos-dois-anos\\\/\",\"name\":\"Chapa \u201cBarroca Somos Todos N\u00f3s\u201d \u00e9 eleita e ir\u00e1 administrar o Clube nos pr\u00f3ximos dois anos - Barroca T\u00eanis Clube\",\"isPartOf\":{\"@id\":\"https:\\\/\\\/barroca.com.br\\\/site\\\/#website\"},\"primaryImageOfPage\":{\"@id\":\"https:\\\/\\\/barroca.com.br\\\/site\\\/chapa-barroca-somos-todos-nos-e-eleita-e-ira-administrar-o-clube-nos-proximos-dois-anos\\\/#primaryimage\"},\"image\":{\"@id\":\"https:\\\/\\\/barroca.com.br\\\/site\\\/chapa-barroca-somos-todos-nos-e-eleita-e-ira-administrar-o-clube-nos-proximos-dois-anos\\\/#primaryimage\"},\"thumbnailUrl\":\"https:\\\/\\\/barroca.com.br\\\/site\\\/wp-content\\\/uploads\\\/2015\\\/03\\\/DSC_0054.jpg\",\"datePublished\":\"2015-03-10T00:03:56+00:00\",\"author\":{\"@id\":\"https:\\\/\\\/barroca.com.br\\\/site\\\/#\\\/schema\\\/person\\\/4bd3687d5c267a5c16eebc047aec4c87\"},\"breadcrumb\":{\"@id\":\"https:\\\/\\\/barroca.com.br\\\/site\\\/chapa-barroca-somos-todos-nos-e-eleita-e-ira-administrar-o-clube-nos-proximos-dois-anos\\\/#breadcrumb\"},\"inLanguage\":\"pt-BR\",\"potentialAction\":[{\"@type\":\"ReadAction\",\"target\":[\"https:\\\/\\\/barroca.com.br\\\/site\\\/chapa-barroca-somos-todos-nos-e-eleita-e-ira-administrar-o-clube-nos-proximos-dois-anos\\\/\"]}]},{\"@type\":\"ImageObject\",\"inLanguage\":\"pt-BR\",\"@id\":\"https:\\\/\\\/barroca.com.br\\\/site\\\/chapa-barroca-somos-todos-nos-e-eleita-e-ira-administrar-o-clube-nos-proximos-dois-anos\\\/#primaryimage\",\"url\":\"https:\\\/\\\/barroca.com.br\\\/site\\\/wp-content\\\/uploads\\\/2015\\\/03\\\/DSC_0054.jpg\",\"contentUrl\":\"https:\\\/\\\/barroca.com.br\\\/site\\\/wp-content\\\/uploads\\\/2015\\\/03\\\/DSC_0054.jpg\",\"width\":1280,\"height\":848},{\"@type\":\"BreadcrumbList\",\"@id\":\"https:\\\/\\\/barroca.com.br\\\/site\\\/chapa-barroca-somos-todos-nos-e-eleita-e-ira-administrar-o-clube-nos-proximos-dois-anos\\\/#breadcrumb\",\"itemListElement\":[{\"@type\":\"ListItem\",\"position\":1,\"name\":\"Home\",\"item\":\"https:\\\/\\\/barroca.com.br\\\/site\\\/\"},{\"@type\":\"ListItem\",\"position\":2,\"name\":\"Chapa \u201cBarroca Somos Todos N\u00f3s\u201d \u00e9 eleita e ir\u00e1 administrar o Clube nos pr\u00f3ximos dois anos\"}]},{\"@type\":\"WebSite\",\"@id\":\"https:\\\/\\\/barroca.com.br\\\/site\\\/#website\",\"url\":\"https:\\\/\\\/barroca.com.br\\\/site\\\/\",\"name\":\"Barroca T\u00eanis Clube\",\"description\":\"\",\"potentialAction\":[{\"@type\":\"SearchAction\",\"target\":{\"@type\":\"EntryPoint\",\"urlTemplate\":\"https:\\\/\\\/barroca.com.br\\\/site\\\/?s={search_term_string}\"},\"query-input\":{\"@type\":\"PropertyValueSpecification\",\"valueRequired\":true,\"valueName\":\"search_term_string\"}}],\"inLanguage\":\"pt-BR\"},{\"@type\":\"Person\",\"@id\":\"https:\\\/\\\/barroca.com.br\\\/site\\\/#\\\/schema\\\/person\\\/4bd3687d5c267a5c16eebc047aec4c87\",\"name\":\"admin\",\"image\":{\"@type\":\"ImageObject\",\"inLanguage\":\"pt-BR\",\"@id\":\"https:\\\/\\\/secure.gravatar.com\\\/avatar\\\/2f804b64370abb1c325d1a425a3701ad3e11f373042be8a0ecf9f97248534775?s=96&d=mm&r=g\",\"url\":\"https:\\\/\\\/secure.gravatar.com\\\/avatar\\\/2f804b64370abb1c325d1a425a3701ad3e11f373042be8a0ecf9f97248534775?s=96&d=mm&r=g\",\"contentUrl\":\"https:\\\/\\\/secure.gravatar.com\\\/avatar\\\/2f804b64370abb1c325d1a425a3701ad3e11f373042be8a0ecf9f97248534775?s=96&d=mm&r=g\",\"caption\":\"admin\"},\"sameAs\":[\"http:\\\/\\\/barroca.com.br\\\/site\"],\"url\":\"https:\\\/\\\/barroca.com.br\\\/site\\\/author\\\/admin\\\/\"}]}<\/script>\n<!-- \/ Yoast SEO plugin. -->","yoast_head_json":{"title":"Chapa \u201cBarroca Somos Todos N\u00f3s\u201d \u00e9 eleita e ir\u00e1 administrar o Clube nos pr\u00f3ximos dois anos - Barroca T\u00eanis Clube","robots":{"index":"index","follow":"follow","max-snippet":"max-snippet:-1","max-image-preview":"max-image-preview:large","max-video-preview":"max-video-preview:-1"},"canonical":"https:\/\/barroca.com.br\/site\/chapa-barroca-somos-todos-nos-e-eleita-e-ira-administrar-o-clube-nos-proximos-dois-anos\/","og_locale":"pt_BR","og_type":"article","og_title":"Chapa \u201cBarroca Somos Todos N\u00f3s\u201d \u00e9 eleita e ir\u00e1 administrar o Clube nos pr\u00f3ximos dois anos - Barroca T\u00eanis Clube","og_description":"Aconteceu hoje, 9\/3, no sal\u00e3o social do Barroca, a elei\u00e7\u00e3o para escolha dos membros da Diretoria, Conselho Deliberativo e Conselho Fiscal para o mandato de 2015\/2017. Depois de muitas negocia\u00e7\u00f5es houve um consenso e foi decidido que a elei\u00e7\u00e3o teria chapa \u00fanica. Com isso, a chapa \u201cBarroca Somos Todos N\u00f3s\u201d foi eleita por aclama\u00e7\u00e3o. O [&hellip;]","og_url":"https:\/\/barroca.com.br\/site\/chapa-barroca-somos-todos-nos-e-eleita-e-ira-administrar-o-clube-nos-proximos-dois-anos\/","og_site_name":"Barroca T\u00eanis Clube","article_published_time":"2015-03-10T00:03:56+00:00","og_image":[{"width":1280,"height":848,"url":"https:\/\/barroca.com.br\/site\/wp-content\/uploads\/2015\/03\/DSC_0054.jpg","type":"image\/jpeg"}],"author":"admin","twitter_card":"summary_large_image","twitter_misc":{"Escrito por":"admin","Est. tempo de leitura":"1 minuto"},"schema":{"@context":"https:\/\/schema.org","@graph":[{"@type":"Article","@id":"https:\/\/barroca.com.br\/site\/chapa-barroca-somos-todos-nos-e-eleita-e-ira-administrar-o-clube-nos-proximos-dois-anos\/#article","isPartOf":{"@id":"https:\/\/barroca.com.br\/site\/chapa-barroca-somos-todos-nos-e-eleita-e-ira-administrar-o-clube-nos-proximos-dois-anos\/"},"author":{"name":"admin","@id":"https:\/\/barroca.com.br\/site\/#\/schema\/person\/4bd3687d5c267a5c16eebc047aec4c87"},"headline":"Chapa \u201cBarroca Somos Todos N\u00f3s\u201d \u00e9 eleita e ir\u00e1 administrar o Clube nos pr\u00f3ximos dois anos","datePublished":"2015-03-10T00:03:56+00:00","mainEntityOfPage":{"@id":"https:\/\/barroca.com.br\/site\/chapa-barroca-somos-todos-nos-e-eleita-e-ira-administrar-o-clube-nos-proximos-dois-anos\/"},"wordCount":291,"commentCount":0,"image":{"@id":"https:\/\/barroca.com.br\/site\/chapa-barroca-somos-todos-nos-e-eleita-e-ira-administrar-o-clube-nos-proximos-dois-anos\/#primaryimage"},"thumbnailUrl":"https:\/\/barroca.com.br\/site\/wp-content\/uploads\/2015\/03\/DSC_0054.jpg","keywords":["Barroca","Chapa Barroca Somos todos N\u00f3s","Elei\u00e7\u00f5es"],"articleSection":["Aconteceu","Barroca"],"inLanguage":"pt-BR","potentialAction":[{"@type":"CommentAction","name":"Comment","target":["https:\/\/barroca.com.br\/site\/chapa-barroca-somos-todos-nos-e-eleita-e-ira-administrar-o-clube-nos-proximos-dois-anos\/#respond"]}]},{"@type":"WebPage","@id":"https:\/\/barroca.com.br\/site\/chapa-barroca-somos-todos-nos-e-eleita-e-ira-administrar-o-clube-nos-proximos-dois-anos\/","url":"https:\/\/barroca.com.br\/site\/chapa-barroca-somos-todos-nos-e-eleita-e-ira-administrar-o-clube-nos-proximos-dois-anos\/","name":"Chapa \u201cBarroca Somos Todos N\u00f3s\u201d \u00e9 eleita e ir\u00e1 administrar o Clube nos pr\u00f3ximos dois anos - Barroca T\u00eanis Clube","isPartOf":{"@id":"https:\/\/barroca.com.br\/site\/#website"},"primaryImageOfPage":{"@id":"https:\/\/barroca.com.br\/site\/chapa-barroca-somos-todos-nos-e-eleita-e-ira-administrar-o-clube-nos-proximos-dois-anos\/#primaryimage"},"image":{"@id":"https:\/\/barroca.com.br\/site\/chapa-barroca-somos-todos-nos-e-eleita-e-ira-administrar-o-clube-nos-proximos-dois-anos\/#primaryimage"},"thumbnailUrl":"https:\/\/barroca.com.br\/site\/wp-content\/uploads\/2015\/03\/DSC_0054.jpg","datePublished":"2015-03-10T00:03:56+00:00","author":{"@id":"https:\/\/barroca.com.br\/site\/#\/schema\/person\/4bd3687d5c267a5c16eebc047aec4c87"},"breadcrumb":{"@id":"https:\/\/barroca.com.br\/site\/chapa-barroca-somos-todos-nos-e-eleita-e-ira-administrar-o-clube-nos-proximos-dois-anos\/#breadcrumb"},"inLanguage":"pt-BR","potentialAction":[{"@type":"ReadAction","target":["https:\/\/barroca.com.br\/site\/chapa-barroca-somos-todos-nos-e-eleita-e-ira-administrar-o-clube-nos-proximos-dois-anos\/"]}]},{"@type":"ImageObject","inLanguage":"pt-BR","@id":"https:\/\/barroca.com.br\/site\/chapa-barroca-somos-todos-nos-e-eleita-e-ira-administrar-o-clube-nos-proximos-dois-anos\/#primaryimage","url":"https:\/\/barroca.com.br\/site\/wp-content\/uploads\/2015\/03\/DSC_0054.jpg","contentUrl":"https:\/\/barroca.com.br\/site\/wp-content\/uploads\/2015\/03\/DSC_0054.jpg","width":1280,"height":848},{"@type":"BreadcrumbList","@id":"https:\/\/barroca.com.br\/site\/chapa-barroca-somos-todos-nos-e-eleita-e-ira-administrar-o-clube-nos-proximos-dois-anos\/#breadcrumb","itemListElement":[{"@type":"ListItem","position":1,"name":"Home","item":"https:\/\/barroca.com.br\/site\/"},{"@type":"ListItem","position":2,"name":"Chapa \u201cBarroca Somos Todos N\u00f3s\u201d \u00e9 eleita e ir\u00e1 administrar o Clube nos pr\u00f3ximos dois anos"}]},{"@type":"WebSite","@id":"https:\/\/barroca.com.br\/site\/#website","url":"https:\/\/barroca.com.br\/site\/","name":"Barroca T\u00eanis Clube","description":"","potentialAction":[{"@type":"SearchAction","target":{"@type":"EntryPoint","urlTemplate":"https:\/\/barroca.com.br\/site\/?s={search_term_string}"},"query-input":{"@type":"PropertyValueSpecification","valueRequired":true,"valueName":"search_term_string"}}],"inLanguage":"pt-BR"},{"@type":"Person","@id":"https:\/\/barroca.com.br\/site\/#\/schema\/person\/4bd3687d5c267a5c16eebc047aec4c87","name":"admin","image":{"@type":"ImageObject","inLanguage":"pt-BR","@id":"https:\/\/secure.gravatar.com\/avatar\/2f804b64370abb1c325d1a425a3701ad3e11f373042be8a0ecf9f97248534775?s=96&d=mm&r=g","url":"https:\/\/secure.gravatar.com\/avatar\/2f804b64370abb1c325d1a425a3701ad3e11f373042be8a0ecf9f97248534775?s=96&d=mm&r=g","contentUrl":"https:\/\/secure.gravatar.com\/avatar\/2f804b64370abb1c325d1a425a3701ad3e11f373042be8a0ecf9f97248534775?s=96&d=mm&r=g","caption":"admin"},"sameAs":["http:\/\/barroca.com.br\/site"],"url":"https:\/\/barroca.com.br\/site\/author\/admin\/"}]}},"_links":{"self":[{"href":"https:\/\/barroca.com.br\/site\/wp-json\/wp\/v2\/posts\/4060","targetHints":{"allow":["GET"]}}],"collection":[{"href":"https:\/\/barroca.com.br\/site\/wp-json\/wp\/v2\/posts"}],"about":[{"href":"https:\/\/barroca.com.br\/site\/wp-json\/wp\/v2\/types\/post"}],"author":[{"embeddable":true,"href":"https:\/\/barroca.com.br\/site\/wp-json\/wp\/v2\/users\/1"}],"replies":[{"embeddable":true,"href":"https:\/\/barroca.com.br\/site\/wp-json\/wp\/v2\/comments?post=4060"}],"version-history":[{"count":0,"href":"https:\/\/barroca.com.br\/site\/wp-json\/wp\/v2\/posts\/4060\/revisions"}],"wp:featuredmedia":[{"embeddable":true,"href":"https:\/\/barroca.com.br\/site\/wp-json\/wp\/v2\/media\/4062"}],"wp:attachment":[{"href":"https:\/\/barroca.com.br\/site\/wp-json\/wp\/v2\/media?parent=4060"}],"wp:term":[{"taxonomy":"category","embeddable":true,"href":"https:\/\/barroca.com.br\/site\/wp-json\/wp\/v2\/categories?post=4060"},{"taxonomy":"post_tag","embeddable":true,"href":"https:\/\/barroca.com.br\/site\/wp-json\/wp\/v2\/tags?post=4060"}],"curies":[{"name":"wp","href":"https:\/\/api.w.org\/{rel}","templated":true}]}}