{"id":3774,"date":"2014-10-20T00:14:14","date_gmt":"2014-10-20T03:14:14","guid":{"rendered":"http:\/\/barroca.com.br\/site\/?p=3774"},"modified":"2014-10-20T00:14:14","modified_gmt":"2014-10-20T03:14:14","slug":"eleicao-2014-utilizara-espacos-do-barroca","status":"publish","type":"post","link":"https:\/\/barroca.com.br\/site\/eleicao-2014-utilizara-espacos-do-barroca\/","title":{"rendered":"2\u00ba Turno da Elei\u00e7\u00e3o 2014 utilizar\u00e1 espa\u00e7os do Barroca"},"content":{"rendered":"<h3>Em setembro e outubro as 29\u00aa e 37\u00aa Zonas Eleitorais v\u00e3o utilizar os espa\u00e7os do Clube para apura\u00e7\u00e3o de votos, sendo:<\/h3>\n<h2>Sal\u00e3o ao lado do Restaurante<\/h2>\n<h4>Cart\u00f3rio da 29\u00aa Zona Eleitoral<\/h4>\n<p>1\u00ba Turno, no per\u00edodo de 02\/10\/2014 a 07\/10\/2014.<br \/>\nCaso houver 2\u00ba turno, de 23\/10\/2014 a 28\/10\/2014.<\/p>\n<h2>Gin\u00e1sio Antigo (Quadra de Futsal)<\/h2>\n<h4>Cart\u00f3rio da 37\u00aa Zona Eleitoral<\/h4>\n<p>1\u00ba Turno, de 29\/09\/2014 at\u00e9 o prazo que se estenderem os trabalhos.<br \/>\nCaso houver 2\u00ba turno, de 20\/10\/2014 at\u00e9 o prazo que se estenderem os trabalhos.<\/p>\n<h3>SOBRE AS ELEI\u00c7\u00d5ES 2014<\/h3>\n<p>O 1\u00ba turno das elei\u00e7\u00f5es ir\u00e1 ocorrer no dia 5 de outubro e o 2\u00ba turno no dia 26 de outubro de 2014. O pleito vai eleger o presidente e vice-presidente da Rep\u00fablica, deputados federais e estaduais, senadores, governadores e vice-governadores.    \t<\/p>\n","protected":false},"excerpt":{"rendered":"<p>Em setembro e outubro as 29\u00aa e 37\u00aa Zonas Eleitorais v\u00e3o utilizar os espa\u00e7os do Clube para apura\u00e7\u00e3o de votos.<\/p>\n","protected":false},"author":1,"featured_media":3901,"comment_status":"closed","ping_status":"closed","sticky":false,"template":"","format":"standard","meta":{"_acf_changed":false,"footnotes":""},"categories":[50],"tags":[227],"class_list":["post-3774","post","type-post","status-publish","format-standard","has-post-thumbnail","hentry","category-comunicados","tag-eleicoes"],"acf":[],"yoast_head":"<!-- This site is optimized with the Yoast SEO plugin v27.9 - https:\/\/yoast.com\/product\/yoast-seo-wordpress\/ -->\n<title>2\u00ba Turno da Elei\u00e7\u00e3o 2014 utilizar\u00e1 espa\u00e7os do Barroca - Barroca T\u00eanis Clube<\/title>\n<meta name=\"robots\" content=\"index, follow, max-snippet:-1, max-image-preview:large, max-video-preview:-1\" \/>\n<link rel=\"canonical\" href=\"https:\/\/barroca.com.br\/site\/eleicao-2014-utilizara-espacos-do-barroca\/\" \/>\n<meta property=\"og:locale\" content=\"pt_BR\" \/>\n<meta property=\"og:type\" content=\"article\" \/>\n<meta property=\"og:title\" content=\"2\u00ba Turno da Elei\u00e7\u00e3o 2014 utilizar\u00e1 espa\u00e7os do Barroca - Barroca T\u00eanis Clube\" \/>\n<meta property=\"og:description\" content=\"Em setembro e outubro as 29\u00aa e 37\u00aa Zonas Eleitorais v\u00e3o utilizar os espa\u00e7os do Clube para apura\u00e7\u00e3o de votos.\" \/>\n<meta property=\"og:url\" content=\"https:\/\/barroca.com.br\/site\/eleicao-2014-utilizara-espacos-do-barroca\/\" \/>\n<meta property=\"og:site_name\" content=\"Barroca T\u00eanis Clube\" \/>\n<meta property=\"article:published_time\" content=\"2014-10-20T03:14:14+00:00\" \/>\n<meta property=\"og:image\" content=\"https:\/\/barroca.com.br\/site\/wp-content\/uploads\/2014\/08\/brasil.jpg\" \/>\n\t<meta property=\"og:image:width\" content=\"700\" \/>\n\t<meta property=\"og:image:height\" content=\"525\" \/>\n\t<meta property=\"og:image:type\" content=\"image\/jpeg\" \/>\n<meta name=\"author\" content=\"admin\" \/>\n<meta name=\"twitter:card\" content=\"summary_large_image\" \/>\n<meta name=\"twitter:label1\" content=\"Escrito por\" \/>\n\t<meta name=\"twitter:data1\" content=\"admin\" \/>\n\t<meta name=\"twitter:label2\" content=\"Est. tempo de leitura\" \/>\n\t<meta name=\"twitter:data2\" content=\"1 minuto\" \/>\n<script type=\"application\/ld+json\" class=\"yoast-schema-graph\">{\"@context\":\"https:\\\/\\\/schema.org\",\"@graph\":[{\"@type\":\"Article\",\"@id\":\"https:\\\/\\\/barroca.com.br\\\/site\\\/eleicao-2014-utilizara-espacos-do-barroca\\\/#article\",\"isPartOf\":{\"@id\":\"https:\\\/\\\/barroca.com.br\\\/site\\\/eleicao-2014-utilizara-espacos-do-barroca\\\/\"},\"author\":{\"name\":\"admin\",\"@id\":\"https:\\\/\\\/barroca.com.br\\\/site\\\/#\\\/schema\\\/person\\\/4bd3687d5c267a5c16eebc047aec4c87\"},\"headline\":\"2\u00ba Turno da Elei\u00e7\u00e3o 2014 utilizar\u00e1 espa\u00e7os do Barroca\",\"datePublished\":\"2014-10-20T03:14:14+00:00\",\"mainEntityOfPage\":{\"@id\":\"https:\\\/\\\/barroca.com.br\\\/site\\\/eleicao-2014-utilizara-espacos-do-barroca\\\/\"},\"wordCount\":128,\"image\":{\"@id\":\"https:\\\/\\\/barroca.com.br\\\/site\\\/eleicao-2014-utilizara-espacos-do-barroca\\\/#primaryimage\"},\"thumbnailUrl\":\"https:\\\/\\\/barroca.com.br\\\/site\\\/wp-content\\\/uploads\\\/2014\\\/08\\\/brasil.jpg\",\"keywords\":[\"Elei\u00e7\u00f5es\"],\"articleSection\":[\"Comunicados\"],\"inLanguage\":\"pt-BR\"},{\"@type\":\"WebPage\",\"@id\":\"https:\\\/\\\/barroca.com.br\\\/site\\\/eleicao-2014-utilizara-espacos-do-barroca\\\/\",\"url\":\"https:\\\/\\\/barroca.com.br\\\/site\\\/eleicao-2014-utilizara-espacos-do-barroca\\\/\",\"name\":\"2\u00ba Turno da Elei\u00e7\u00e3o 2014 utilizar\u00e1 espa\u00e7os do Barroca - Barroca T\u00eanis Clube\",\"isPartOf\":{\"@id\":\"https:\\\/\\\/barroca.com.br\\\/site\\\/#website\"},\"primaryImageOfPage\":{\"@id\":\"https:\\\/\\\/barroca.com.br\\\/site\\\/eleicao-2014-utilizara-espacos-do-barroca\\\/#primaryimage\"},\"image\":{\"@id\":\"https:\\\/\\\/barroca.com.br\\\/site\\\/eleicao-2014-utilizara-espacos-do-barroca\\\/#primaryimage\"},\"thumbnailUrl\":\"https:\\\/\\\/barroca.com.br\\\/site\\\/wp-content\\\/uploads\\\/2014\\\/08\\\/brasil.jpg\",\"datePublished\":\"2014-10-20T03:14:14+00:00\",\"author\":{\"@id\":\"https:\\\/\\\/barroca.com.br\\\/site\\\/#\\\/schema\\\/person\\\/4bd3687d5c267a5c16eebc047aec4c87\"},\"breadcrumb\":{\"@id\":\"https:\\\/\\\/barroca.com.br\\\/site\\\/eleicao-2014-utilizara-espacos-do-barroca\\\/#breadcrumb\"},\"inLanguage\":\"pt-BR\",\"potentialAction\":[{\"@type\":\"ReadAction\",\"target\":[\"https:\\\/\\\/barroca.com.br\\\/site\\\/eleicao-2014-utilizara-espacos-do-barroca\\\/\"]}]},{\"@type\":\"ImageObject\",\"inLanguage\":\"pt-BR\",\"@id\":\"https:\\\/\\\/barroca.com.br\\\/site\\\/eleicao-2014-utilizara-espacos-do-barroca\\\/#primaryimage\",\"url\":\"https:\\\/\\\/barroca.com.br\\\/site\\\/wp-content\\\/uploads\\\/2014\\\/08\\\/brasil.jpg\",\"contentUrl\":\"https:\\\/\\\/barroca.com.br\\\/site\\\/wp-content\\\/uploads\\\/2014\\\/08\\\/brasil.jpg\",\"width\":700,\"height\":525},{\"@type\":\"BreadcrumbList\",\"@id\":\"https:\\\/\\\/barroca.com.br\\\/site\\\/eleicao-2014-utilizara-espacos-do-barroca\\\/#breadcrumb\",\"itemListElement\":[{\"@type\":\"ListItem\",\"position\":1,\"name\":\"Home\",\"item\":\"https:\\\/\\\/barroca.com.br\\\/site\\\/\"},{\"@type\":\"ListItem\",\"position\":2,\"name\":\"2\u00ba Turno da Elei\u00e7\u00e3o 2014 utilizar\u00e1 espa\u00e7os do Barroca\"}]},{\"@type\":\"WebSite\",\"@id\":\"https:\\\/\\\/barroca.com.br\\\/site\\\/#website\",\"url\":\"https:\\\/\\\/barroca.com.br\\\/site\\\/\",\"name\":\"Barroca T\u00eanis Clube\",\"description\":\"\",\"potentialAction\":[{\"@type\":\"SearchAction\",\"target\":{\"@type\":\"EntryPoint\",\"urlTemplate\":\"https:\\\/\\\/barroca.com.br\\\/site\\\/?s={search_term_string}\"},\"query-input\":{\"@type\":\"PropertyValueSpecification\",\"valueRequired\":true,\"valueName\":\"search_term_string\"}}],\"inLanguage\":\"pt-BR\"},{\"@type\":\"Person\",\"@id\":\"https:\\\/\\\/barroca.com.br\\\/site\\\/#\\\/schema\\\/person\\\/4bd3687d5c267a5c16eebc047aec4c87\",\"name\":\"admin\",\"image\":{\"@type\":\"ImageObject\",\"inLanguage\":\"pt-BR\",\"@id\":\"https:\\\/\\\/secure.gravatar.com\\\/avatar\\\/2f804b64370abb1c325d1a425a3701ad3e11f373042be8a0ecf9f97248534775?s=96&d=mm&r=g\",\"url\":\"https:\\\/\\\/secure.gravatar.com\\\/avatar\\\/2f804b64370abb1c325d1a425a3701ad3e11f373042be8a0ecf9f97248534775?s=96&d=mm&r=g\",\"contentUrl\":\"https:\\\/\\\/secure.gravatar.com\\\/avatar\\\/2f804b64370abb1c325d1a425a3701ad3e11f373042be8a0ecf9f97248534775?s=96&d=mm&r=g\",\"caption\":\"admin\"},\"sameAs\":[\"http:\\\/\\\/barroca.com.br\\\/site\"],\"url\":\"https:\\\/\\\/barroca.com.br\\\/site\\\/author\\\/admin\\\/\"}]}<\/script>\n<!-- \/ Yoast SEO plugin. -->","yoast_head_json":{"title":"2\u00ba Turno da Elei\u00e7\u00e3o 2014 utilizar\u00e1 espa\u00e7os do Barroca - Barroca T\u00eanis Clube","robots":{"index":"index","follow":"follow","max-snippet":"max-snippet:-1","max-image-preview":"max-image-preview:large","max-video-preview":"max-video-preview:-1"},"canonical":"https:\/\/barroca.com.br\/site\/eleicao-2014-utilizara-espacos-do-barroca\/","og_locale":"pt_BR","og_type":"article","og_title":"2\u00ba Turno da Elei\u00e7\u00e3o 2014 utilizar\u00e1 espa\u00e7os do Barroca - Barroca T\u00eanis Clube","og_description":"Em setembro e outubro as 29\u00aa e 37\u00aa Zonas Eleitorais v\u00e3o utilizar os espa\u00e7os do Clube para apura\u00e7\u00e3o de votos.","og_url":"https:\/\/barroca.com.br\/site\/eleicao-2014-utilizara-espacos-do-barroca\/","og_site_name":"Barroca T\u00eanis Clube","article_published_time":"2014-10-20T03:14:14+00:00","og_image":[{"width":700,"height":525,"url":"https:\/\/barroca.com.br\/site\/wp-content\/uploads\/2014\/08\/brasil.jpg","type":"image\/jpeg"}],"author":"admin","twitter_card":"summary_large_image","twitter_misc":{"Escrito por":"admin","Est. tempo de leitura":"1 minuto"},"schema":{"@context":"https:\/\/schema.org","@graph":[{"@type":"Article","@id":"https:\/\/barroca.com.br\/site\/eleicao-2014-utilizara-espacos-do-barroca\/#article","isPartOf":{"@id":"https:\/\/barroca.com.br\/site\/eleicao-2014-utilizara-espacos-do-barroca\/"},"author":{"name":"admin","@id":"https:\/\/barroca.com.br\/site\/#\/schema\/person\/4bd3687d5c267a5c16eebc047aec4c87"},"headline":"2\u00ba Turno da Elei\u00e7\u00e3o 2014 utilizar\u00e1 espa\u00e7os do Barroca","datePublished":"2014-10-20T03:14:14+00:00","mainEntityOfPage":{"@id":"https:\/\/barroca.com.br\/site\/eleicao-2014-utilizara-espacos-do-barroca\/"},"wordCount":128,"image":{"@id":"https:\/\/barroca.com.br\/site\/eleicao-2014-utilizara-espacos-do-barroca\/#primaryimage"},"thumbnailUrl":"https:\/\/barroca.com.br\/site\/wp-content\/uploads\/2014\/08\/brasil.jpg","keywords":["Elei\u00e7\u00f5es"],"articleSection":["Comunicados"],"inLanguage":"pt-BR"},{"@type":"WebPage","@id":"https:\/\/barroca.com.br\/site\/eleicao-2014-utilizara-espacos-do-barroca\/","url":"https:\/\/barroca.com.br\/site\/eleicao-2014-utilizara-espacos-do-barroca\/","name":"2\u00ba Turno da Elei\u00e7\u00e3o 2014 utilizar\u00e1 espa\u00e7os do Barroca - Barroca T\u00eanis Clube","isPartOf":{"@id":"https:\/\/barroca.com.br\/site\/#website"},"primaryImageOfPage":{"@id":"https:\/\/barroca.com.br\/site\/eleicao-2014-utilizara-espacos-do-barroca\/#primaryimage"},"image":{"@id":"https:\/\/barroca.com.br\/site\/eleicao-2014-utilizara-espacos-do-barroca\/#primaryimage"},"thumbnailUrl":"https:\/\/barroca.com.br\/site\/wp-content\/uploads\/2014\/08\/brasil.jpg","datePublished":"2014-10-20T03:14:14+00:00","author":{"@id":"https:\/\/barroca.com.br\/site\/#\/schema\/person\/4bd3687d5c267a5c16eebc047aec4c87"},"breadcrumb":{"@id":"https:\/\/barroca.com.br\/site\/eleicao-2014-utilizara-espacos-do-barroca\/#breadcrumb"},"inLanguage":"pt-BR","potentialAction":[{"@type":"ReadAction","target":["https:\/\/barroca.com.br\/site\/eleicao-2014-utilizara-espacos-do-barroca\/"]}]},{"@type":"ImageObject","inLanguage":"pt-BR","@id":"https:\/\/barroca.com.br\/site\/eleicao-2014-utilizara-espacos-do-barroca\/#primaryimage","url":"https:\/\/barroca.com.br\/site\/wp-content\/uploads\/2014\/08\/brasil.jpg","contentUrl":"https:\/\/barroca.com.br\/site\/wp-content\/uploads\/2014\/08\/brasil.jpg","width":700,"height":525},{"@type":"BreadcrumbList","@id":"https:\/\/barroca.com.br\/site\/eleicao-2014-utilizara-espacos-do-barroca\/#breadcrumb","itemListElement":[{"@type":"ListItem","position":1,"name":"Home","item":"https:\/\/barroca.com.br\/site\/"},{"@type":"ListItem","position":2,"name":"2\u00ba Turno da Elei\u00e7\u00e3o 2014 utilizar\u00e1 espa\u00e7os do Barroca"}]},{"@type":"WebSite","@id":"https:\/\/barroca.com.br\/site\/#website","url":"https:\/\/barroca.com.br\/site\/","name":"Barroca T\u00eanis Clube","description":"","potentialAction":[{"@type":"SearchAction","target":{"@type":"EntryPoint","urlTemplate":"https:\/\/barroca.com.br\/site\/?s={search_term_string}"},"query-input":{"@type":"PropertyValueSpecification","valueRequired":true,"valueName":"search_term_string"}}],"inLanguage":"pt-BR"},{"@type":"Person","@id":"https:\/\/barroca.com.br\/site\/#\/schema\/person\/4bd3687d5c267a5c16eebc047aec4c87","name":"admin","image":{"@type":"ImageObject","inLanguage":"pt-BR","@id":"https:\/\/secure.gravatar.com\/avatar\/2f804b64370abb1c325d1a425a3701ad3e11f373042be8a0ecf9f97248534775?s=96&d=mm&r=g","url":"https:\/\/secure.gravatar.com\/avatar\/2f804b64370abb1c325d1a425a3701ad3e11f373042be8a0ecf9f97248534775?s=96&d=mm&r=g","contentUrl":"https:\/\/secure.gravatar.com\/avatar\/2f804b64370abb1c325d1a425a3701ad3e11f373042be8a0ecf9f97248534775?s=96&d=mm&r=g","caption":"admin"},"sameAs":["http:\/\/barroca.com.br\/site"],"url":"https:\/\/barroca.com.br\/site\/author\/admin\/"}]}},"_links":{"self":[{"href":"https:\/\/barroca.com.br\/site\/wp-json\/wp\/v2\/posts\/3774","targetHints":{"allow":["GET"]}}],"collection":[{"href":"https:\/\/barroca.com.br\/site\/wp-json\/wp\/v2\/posts"}],"about":[{"href":"https:\/\/barroca.com.br\/site\/wp-json\/wp\/v2\/types\/post"}],"author":[{"embeddable":true,"href":"https:\/\/barroca.com.br\/site\/wp-json\/wp\/v2\/users\/1"}],"replies":[{"embeddable":true,"href":"https:\/\/barroca.com.br\/site\/wp-json\/wp\/v2\/comments?post=3774"}],"version-history":[{"count":0,"href":"https:\/\/barroca.com.br\/site\/wp-json\/wp\/v2\/posts\/3774\/revisions"}],"wp:featuredmedia":[{"embeddable":true,"href":"https:\/\/barroca.com.br\/site\/wp-json\/wp\/v2\/media\/3901"}],"wp:attachment":[{"href":"https:\/\/barroca.com.br\/site\/wp-json\/wp\/v2\/media?parent=3774"}],"wp:term":[{"taxonomy":"category","embeddable":true,"href":"https:\/\/barroca.com.br\/site\/wp-json\/wp\/v2\/categories?post=3774"},{"taxonomy":"post_tag","embeddable":true,"href":"https:\/\/barroca.com.br\/site\/wp-json\/wp\/v2\/tags?post=3774"}],"curies":[{"name":"wp","href":"https:\/\/api.w.org\/{rel}","templated":true}]}}