{"id":3247,"date":"2013-10-24T16:51:19","date_gmt":"2013-10-24T19:51:19","guid":{"rendered":"http:\/\/barroca.com.br\/site\/?p=3247"},"modified":"2013-10-24T16:51:19","modified_gmt":"2013-10-24T19:51:19","slug":"atletas-do-barroca-conquistam-fazem-bonito-no-campeonato-brasileiro-infantil-de-esgrima","status":"publish","type":"post","link":"https:\/\/barroca.com.br\/site\/atletas-do-barroca-conquistam-fazem-bonito-no-campeonato-brasileiro-infantil-de-esgrima\/","title":{"rendered":"Atletas do Barroca fazem bonito no Campeonato Brasileiro Infantil de Esgrima"},"content":{"rendered":"<p>Entre os dias 6 e 8 de setembro, foi realizado em S\u00e3o Paulo, no Club Athl\u00e9tico Paulistano, o Campeonato Brasileiro Infantil de Esgrima, com cerca de 200 inscri\u00e7\u00f5es distribu\u00eddas em 18 categorias de armas e idades. A competi\u00e7\u00e3o contou com a participa\u00e7\u00e3o de sete atletas do Barroca T\u00eanis Clube, inscritos para as provas de espada.<\/p>\n<p>No Infantil 9 (nascidos a partir de 2004), Valter L\u00f4bo obteve a medalha\u00a0de prata no mesmo dia em que completava 8 anos de idade. No Infantil 11 (nascidos em 2003 e 2002), Olavo Donato trouxe a medalha de bronze. \u00c1lvaro Donato e Tarc\u00edsio Mendes fizeram uma das semifinais e trouxeram as medalhas de prata e bronze na categoria\u00a0Infantil 13 (nascidos em 2001 e 2000).<\/p>\n<p>Foi o primeiro campeonato brasileiro para todos esses novos valores da esgrima de Minas Gerais, com resultados muito promissores para a equipe treinada pela Bianca e pelo Mestre Fran\u00e7a no Barroca.<\/p>\n<p>A esgrima do BTC seguir\u00e1 no m\u00eas de outubro para o Campeonato Brasileiro Cadete\/Juvenil em Porto Alegre, e logo depois para o Campeonato Brasileiro Livre em Curitiba, onde os atletas mais experientes v\u00e3o tentar repetir o sucesso dos mais novos.<\/p>\n","protected":false},"excerpt":{"rendered":"<p>Entre os dias 6 e 8 de setembro, foi realizado em S\u00e3o Paulo, no Club Athl\u00e9tico Paulistano, o Campeonato Brasileiro Infantil de Esgrima, com cerca de 200 inscri\u00e7\u00f5es distribu\u00eddas em 18 categorias de armas e idades. A competi\u00e7\u00e3o contou com a participa\u00e7\u00e3o de sete atletas do Barroca T\u00eanis Clube, inscritos para as provas de espada. [&hellip;]<\/p>\n","protected":false},"author":1,"featured_media":3249,"comment_status":"open","ping_status":"open","sticky":false,"template":"","format":"gallery","meta":{"_acf_changed":false,"footnotes":""},"categories":[29,196,24],"tags":[21,195,38],"class_list":["post-3247","post","type-post","status-publish","format-gallery","has-post-thumbnail","hentry","category-barroca","category-esgrima-3","category-esportes","tag-barroca","tag-campeonato-brasileiro-infantil-de-esgrima","tag-esgrima","post_format-post-format-gallery"],"acf":[],"yoast_head":"<!-- This site is optimized with the Yoast SEO plugin v27.9 - https:\/\/yoast.com\/product\/yoast-seo-wordpress\/ -->\n<title>Atletas do Barroca fazem bonito no Campeonato Brasileiro Infantil de Esgrima - Barroca T\u00eanis Clube<\/title>\n<meta name=\"robots\" content=\"index, follow, max-snippet:-1, max-image-preview:large, max-video-preview:-1\" \/>\n<link rel=\"canonical\" href=\"https:\/\/barroca.com.br\/site\/atletas-do-barroca-conquistam-fazem-bonito-no-campeonato-brasileiro-infantil-de-esgrima\/\" \/>\n<meta property=\"og:locale\" content=\"pt_BR\" \/>\n<meta property=\"og:type\" content=\"article\" \/>\n<meta property=\"og:title\" content=\"Atletas do Barroca fazem bonito no Campeonato Brasileiro Infantil de Esgrima - Barroca T\u00eanis Clube\" \/>\n<meta property=\"og:description\" content=\"Entre os dias 6 e 8 de setembro, foi realizado em S\u00e3o Paulo, no Club Athl\u00e9tico Paulistano, o Campeonato Brasileiro Infantil de Esgrima, com cerca de 200 inscri\u00e7\u00f5es distribu\u00eddas em 18 categorias de armas e idades. A competi\u00e7\u00e3o contou com a participa\u00e7\u00e3o de sete atletas do Barroca T\u00eanis Clube, inscritos para as provas de espada. [&hellip;]\" \/>\n<meta property=\"og:url\" content=\"https:\/\/barroca.com.br\/site\/atletas-do-barroca-conquistam-fazem-bonito-no-campeonato-brasileiro-infantil-de-esgrima\/\" \/>\n<meta property=\"og:site_name\" content=\"Barroca T\u00eanis Clube\" \/>\n<meta property=\"article:published_time\" content=\"2013-10-24T19:51:19+00:00\" \/>\n<meta property=\"og:image\" content=\"https:\/\/barroca.com.br\/site\/wp-content\/uploads\/2013\/09\/Campeonato-Brasileiro-de-Esgrima-Infantil-medalhistas-INF-9-Valter-Lobo-com-Bianca-Dantas.jpg\" \/>\n\t<meta property=\"og:image:width\" content=\"597\" \/>\n\t<meta property=\"og:image:height\" content=\"800\" \/>\n\t<meta property=\"og:image:type\" content=\"image\/jpeg\" \/>\n<meta name=\"author\" content=\"admin\" \/>\n<meta name=\"twitter:card\" content=\"summary_large_image\" \/>\n<meta name=\"twitter:label1\" content=\"Escrito por\" \/>\n\t<meta name=\"twitter:data1\" content=\"admin\" \/>\n\t<meta name=\"twitter:label2\" content=\"Est. tempo de leitura\" \/>\n\t<meta name=\"twitter:data2\" content=\"1 minuto\" \/>\n<script type=\"application\/ld+json\" class=\"yoast-schema-graph\">{\"@context\":\"https:\\\/\\\/schema.org\",\"@graph\":[{\"@type\":\"Article\",\"@id\":\"https:\\\/\\\/barroca.com.br\\\/site\\\/atletas-do-barroca-conquistam-fazem-bonito-no-campeonato-brasileiro-infantil-de-esgrima\\\/#article\",\"isPartOf\":{\"@id\":\"https:\\\/\\\/barroca.com.br\\\/site\\\/atletas-do-barroca-conquistam-fazem-bonito-no-campeonato-brasileiro-infantil-de-esgrima\\\/\"},\"author\":{\"name\":\"admin\",\"@id\":\"https:\\\/\\\/barroca.com.br\\\/site\\\/#\\\/schema\\\/person\\\/4bd3687d5c267a5c16eebc047aec4c87\"},\"headline\":\"Atletas do Barroca fazem bonito no Campeonato Brasileiro Infantil de Esgrima\",\"datePublished\":\"2013-10-24T19:51:19+00:00\",\"mainEntityOfPage\":{\"@id\":\"https:\\\/\\\/barroca.com.br\\\/site\\\/atletas-do-barroca-conquistam-fazem-bonito-no-campeonato-brasileiro-infantil-de-esgrima\\\/\"},\"wordCount\":203,\"commentCount\":0,\"image\":{\"@id\":\"https:\\\/\\\/barroca.com.br\\\/site\\\/atletas-do-barroca-conquistam-fazem-bonito-no-campeonato-brasileiro-infantil-de-esgrima\\\/#primaryimage\"},\"thumbnailUrl\":\"https:\\\/\\\/barroca.com.br\\\/site\\\/wp-content\\\/uploads\\\/2013\\\/09\\\/Campeonato-Brasileiro-de-Esgrima-Infantil-medalhistas-INF-9-Valter-Lobo-com-Bianca-Dantas.jpg\",\"keywords\":[\"Barroca\",\"Campeonato Brasileiro Infantil de Esgrima\",\"esgrima\"],\"articleSection\":[\"Barroca\",\"Esgrima\",\"Esportes\"],\"inLanguage\":\"pt-BR\",\"potentialAction\":[{\"@type\":\"CommentAction\",\"name\":\"Comment\",\"target\":[\"https:\\\/\\\/barroca.com.br\\\/site\\\/atletas-do-barroca-conquistam-fazem-bonito-no-campeonato-brasileiro-infantil-de-esgrima\\\/#respond\"]}]},{\"@type\":\"WebPage\",\"@id\":\"https:\\\/\\\/barroca.com.br\\\/site\\\/atletas-do-barroca-conquistam-fazem-bonito-no-campeonato-brasileiro-infantil-de-esgrima\\\/\",\"url\":\"https:\\\/\\\/barroca.com.br\\\/site\\\/atletas-do-barroca-conquistam-fazem-bonito-no-campeonato-brasileiro-infantil-de-esgrima\\\/\",\"name\":\"Atletas do Barroca fazem bonito no Campeonato Brasileiro Infantil de Esgrima - Barroca T\u00eanis Clube\",\"isPartOf\":{\"@id\":\"https:\\\/\\\/barroca.com.br\\\/site\\\/#website\"},\"primaryImageOfPage\":{\"@id\":\"https:\\\/\\\/barroca.com.br\\\/site\\\/atletas-do-barroca-conquistam-fazem-bonito-no-campeonato-brasileiro-infantil-de-esgrima\\\/#primaryimage\"},\"image\":{\"@id\":\"https:\\\/\\\/barroca.com.br\\\/site\\\/atletas-do-barroca-conquistam-fazem-bonito-no-campeonato-brasileiro-infantil-de-esgrima\\\/#primaryimage\"},\"thumbnailUrl\":\"https:\\\/\\\/barroca.com.br\\\/site\\\/wp-content\\\/uploads\\\/2013\\\/09\\\/Campeonato-Brasileiro-de-Esgrima-Infantil-medalhistas-INF-9-Valter-Lobo-com-Bianca-Dantas.jpg\",\"datePublished\":\"2013-10-24T19:51:19+00:00\",\"author\":{\"@id\":\"https:\\\/\\\/barroca.com.br\\\/site\\\/#\\\/schema\\\/person\\\/4bd3687d5c267a5c16eebc047aec4c87\"},\"breadcrumb\":{\"@id\":\"https:\\\/\\\/barroca.com.br\\\/site\\\/atletas-do-barroca-conquistam-fazem-bonito-no-campeonato-brasileiro-infantil-de-esgrima\\\/#breadcrumb\"},\"inLanguage\":\"pt-BR\",\"potentialAction\":[{\"@type\":\"ReadAction\",\"target\":[\"https:\\\/\\\/barroca.com.br\\\/site\\\/atletas-do-barroca-conquistam-fazem-bonito-no-campeonato-brasileiro-infantil-de-esgrima\\\/\"]}]},{\"@type\":\"ImageObject\",\"inLanguage\":\"pt-BR\",\"@id\":\"https:\\\/\\\/barroca.com.br\\\/site\\\/atletas-do-barroca-conquistam-fazem-bonito-no-campeonato-brasileiro-infantil-de-esgrima\\\/#primaryimage\",\"url\":\"https:\\\/\\\/barroca.com.br\\\/site\\\/wp-content\\\/uploads\\\/2013\\\/09\\\/Campeonato-Brasileiro-de-Esgrima-Infantil-medalhistas-INF-9-Valter-Lobo-com-Bianca-Dantas.jpg\",\"contentUrl\":\"https:\\\/\\\/barroca.com.br\\\/site\\\/wp-content\\\/uploads\\\/2013\\\/09\\\/Campeonato-Brasileiro-de-Esgrima-Infantil-medalhistas-INF-9-Valter-Lobo-com-Bianca-Dantas.jpg\",\"width\":597,\"height\":800},{\"@type\":\"BreadcrumbList\",\"@id\":\"https:\\\/\\\/barroca.com.br\\\/site\\\/atletas-do-barroca-conquistam-fazem-bonito-no-campeonato-brasileiro-infantil-de-esgrima\\\/#breadcrumb\",\"itemListElement\":[{\"@type\":\"ListItem\",\"position\":1,\"name\":\"Home\",\"item\":\"https:\\\/\\\/barroca.com.br\\\/site\\\/\"},{\"@type\":\"ListItem\",\"position\":2,\"name\":\"Atletas do Barroca fazem bonito no Campeonato Brasileiro Infantil de Esgrima\"}]},{\"@type\":\"WebSite\",\"@id\":\"https:\\\/\\\/barroca.com.br\\\/site\\\/#website\",\"url\":\"https:\\\/\\\/barroca.com.br\\\/site\\\/\",\"name\":\"Barroca T\u00eanis Clube\",\"description\":\"\",\"potentialAction\":[{\"@type\":\"SearchAction\",\"target\":{\"@type\":\"EntryPoint\",\"urlTemplate\":\"https:\\\/\\\/barroca.com.br\\\/site\\\/?s={search_term_string}\"},\"query-input\":{\"@type\":\"PropertyValueSpecification\",\"valueRequired\":true,\"valueName\":\"search_term_string\"}}],\"inLanguage\":\"pt-BR\"},{\"@type\":\"Person\",\"@id\":\"https:\\\/\\\/barroca.com.br\\\/site\\\/#\\\/schema\\\/person\\\/4bd3687d5c267a5c16eebc047aec4c87\",\"name\":\"admin\",\"image\":{\"@type\":\"ImageObject\",\"inLanguage\":\"pt-BR\",\"@id\":\"https:\\\/\\\/secure.gravatar.com\\\/avatar\\\/2f804b64370abb1c325d1a425a3701ad3e11f373042be8a0ecf9f97248534775?s=96&d=mm&r=g\",\"url\":\"https:\\\/\\\/secure.gravatar.com\\\/avatar\\\/2f804b64370abb1c325d1a425a3701ad3e11f373042be8a0ecf9f97248534775?s=96&d=mm&r=g\",\"contentUrl\":\"https:\\\/\\\/secure.gravatar.com\\\/avatar\\\/2f804b64370abb1c325d1a425a3701ad3e11f373042be8a0ecf9f97248534775?s=96&d=mm&r=g\",\"caption\":\"admin\"},\"sameAs\":[\"http:\\\/\\\/barroca.com.br\\\/site\"],\"url\":\"https:\\\/\\\/barroca.com.br\\\/site\\\/author\\\/admin\\\/\"}]}<\/script>\n<!-- \/ Yoast SEO plugin. -->","yoast_head_json":{"title":"Atletas do Barroca fazem bonito no Campeonato Brasileiro Infantil de Esgrima - Barroca T\u00eanis Clube","robots":{"index":"index","follow":"follow","max-snippet":"max-snippet:-1","max-image-preview":"max-image-preview:large","max-video-preview":"max-video-preview:-1"},"canonical":"https:\/\/barroca.com.br\/site\/atletas-do-barroca-conquistam-fazem-bonito-no-campeonato-brasileiro-infantil-de-esgrima\/","og_locale":"pt_BR","og_type":"article","og_title":"Atletas do Barroca fazem bonito no Campeonato Brasileiro Infantil de Esgrima - Barroca T\u00eanis Clube","og_description":"Entre os dias 6 e 8 de setembro, foi realizado em S\u00e3o Paulo, no Club Athl\u00e9tico Paulistano, o Campeonato Brasileiro Infantil de Esgrima, com cerca de 200 inscri\u00e7\u00f5es distribu\u00eddas em 18 categorias de armas e idades. A competi\u00e7\u00e3o contou com a participa\u00e7\u00e3o de sete atletas do Barroca T\u00eanis Clube, inscritos para as provas de espada. [&hellip;]","og_url":"https:\/\/barroca.com.br\/site\/atletas-do-barroca-conquistam-fazem-bonito-no-campeonato-brasileiro-infantil-de-esgrima\/","og_site_name":"Barroca T\u00eanis Clube","article_published_time":"2013-10-24T19:51:19+00:00","og_image":[{"width":597,"height":800,"url":"https:\/\/barroca.com.br\/site\/wp-content\/uploads\/2013\/09\/Campeonato-Brasileiro-de-Esgrima-Infantil-medalhistas-INF-9-Valter-Lobo-com-Bianca-Dantas.jpg","type":"image\/jpeg"}],"author":"admin","twitter_card":"summary_large_image","twitter_misc":{"Escrito por":"admin","Est. tempo de leitura":"1 minuto"},"schema":{"@context":"https:\/\/schema.org","@graph":[{"@type":"Article","@id":"https:\/\/barroca.com.br\/site\/atletas-do-barroca-conquistam-fazem-bonito-no-campeonato-brasileiro-infantil-de-esgrima\/#article","isPartOf":{"@id":"https:\/\/barroca.com.br\/site\/atletas-do-barroca-conquistam-fazem-bonito-no-campeonato-brasileiro-infantil-de-esgrima\/"},"author":{"name":"admin","@id":"https:\/\/barroca.com.br\/site\/#\/schema\/person\/4bd3687d5c267a5c16eebc047aec4c87"},"headline":"Atletas do Barroca fazem bonito no Campeonato Brasileiro Infantil de Esgrima","datePublished":"2013-10-24T19:51:19+00:00","mainEntityOfPage":{"@id":"https:\/\/barroca.com.br\/site\/atletas-do-barroca-conquistam-fazem-bonito-no-campeonato-brasileiro-infantil-de-esgrima\/"},"wordCount":203,"commentCount":0,"image":{"@id":"https:\/\/barroca.com.br\/site\/atletas-do-barroca-conquistam-fazem-bonito-no-campeonato-brasileiro-infantil-de-esgrima\/#primaryimage"},"thumbnailUrl":"https:\/\/barroca.com.br\/site\/wp-content\/uploads\/2013\/09\/Campeonato-Brasileiro-de-Esgrima-Infantil-medalhistas-INF-9-Valter-Lobo-com-Bianca-Dantas.jpg","keywords":["Barroca","Campeonato Brasileiro Infantil de Esgrima","esgrima"],"articleSection":["Barroca","Esgrima","Esportes"],"inLanguage":"pt-BR","potentialAction":[{"@type":"CommentAction","name":"Comment","target":["https:\/\/barroca.com.br\/site\/atletas-do-barroca-conquistam-fazem-bonito-no-campeonato-brasileiro-infantil-de-esgrima\/#respond"]}]},{"@type":"WebPage","@id":"https:\/\/barroca.com.br\/site\/atletas-do-barroca-conquistam-fazem-bonito-no-campeonato-brasileiro-infantil-de-esgrima\/","url":"https:\/\/barroca.com.br\/site\/atletas-do-barroca-conquistam-fazem-bonito-no-campeonato-brasileiro-infantil-de-esgrima\/","name":"Atletas do Barroca fazem bonito no Campeonato Brasileiro Infantil de Esgrima - Barroca T\u00eanis Clube","isPartOf":{"@id":"https:\/\/barroca.com.br\/site\/#website"},"primaryImageOfPage":{"@id":"https:\/\/barroca.com.br\/site\/atletas-do-barroca-conquistam-fazem-bonito-no-campeonato-brasileiro-infantil-de-esgrima\/#primaryimage"},"image":{"@id":"https:\/\/barroca.com.br\/site\/atletas-do-barroca-conquistam-fazem-bonito-no-campeonato-brasileiro-infantil-de-esgrima\/#primaryimage"},"thumbnailUrl":"https:\/\/barroca.com.br\/site\/wp-content\/uploads\/2013\/09\/Campeonato-Brasileiro-de-Esgrima-Infantil-medalhistas-INF-9-Valter-Lobo-com-Bianca-Dantas.jpg","datePublished":"2013-10-24T19:51:19+00:00","author":{"@id":"https:\/\/barroca.com.br\/site\/#\/schema\/person\/4bd3687d5c267a5c16eebc047aec4c87"},"breadcrumb":{"@id":"https:\/\/barroca.com.br\/site\/atletas-do-barroca-conquistam-fazem-bonito-no-campeonato-brasileiro-infantil-de-esgrima\/#breadcrumb"},"inLanguage":"pt-BR","potentialAction":[{"@type":"ReadAction","target":["https:\/\/barroca.com.br\/site\/atletas-do-barroca-conquistam-fazem-bonito-no-campeonato-brasileiro-infantil-de-esgrima\/"]}]},{"@type":"ImageObject","inLanguage":"pt-BR","@id":"https:\/\/barroca.com.br\/site\/atletas-do-barroca-conquistam-fazem-bonito-no-campeonato-brasileiro-infantil-de-esgrima\/#primaryimage","url":"https:\/\/barroca.com.br\/site\/wp-content\/uploads\/2013\/09\/Campeonato-Brasileiro-de-Esgrima-Infantil-medalhistas-INF-9-Valter-Lobo-com-Bianca-Dantas.jpg","contentUrl":"https:\/\/barroca.com.br\/site\/wp-content\/uploads\/2013\/09\/Campeonato-Brasileiro-de-Esgrima-Infantil-medalhistas-INF-9-Valter-Lobo-com-Bianca-Dantas.jpg","width":597,"height":800},{"@type":"BreadcrumbList","@id":"https:\/\/barroca.com.br\/site\/atletas-do-barroca-conquistam-fazem-bonito-no-campeonato-brasileiro-infantil-de-esgrima\/#breadcrumb","itemListElement":[{"@type":"ListItem","position":1,"name":"Home","item":"https:\/\/barroca.com.br\/site\/"},{"@type":"ListItem","position":2,"name":"Atletas do Barroca fazem bonito no Campeonato Brasileiro Infantil de Esgrima"}]},{"@type":"WebSite","@id":"https:\/\/barroca.com.br\/site\/#website","url":"https:\/\/barroca.com.br\/site\/","name":"Barroca T\u00eanis Clube","description":"","potentialAction":[{"@type":"SearchAction","target":{"@type":"EntryPoint","urlTemplate":"https:\/\/barroca.com.br\/site\/?s={search_term_string}"},"query-input":{"@type":"PropertyValueSpecification","valueRequired":true,"valueName":"search_term_string"}}],"inLanguage":"pt-BR"},{"@type":"Person","@id":"https:\/\/barroca.com.br\/site\/#\/schema\/person\/4bd3687d5c267a5c16eebc047aec4c87","name":"admin","image":{"@type":"ImageObject","inLanguage":"pt-BR","@id":"https:\/\/secure.gravatar.com\/avatar\/2f804b64370abb1c325d1a425a3701ad3e11f373042be8a0ecf9f97248534775?s=96&d=mm&r=g","url":"https:\/\/secure.gravatar.com\/avatar\/2f804b64370abb1c325d1a425a3701ad3e11f373042be8a0ecf9f97248534775?s=96&d=mm&r=g","contentUrl":"https:\/\/secure.gravatar.com\/avatar\/2f804b64370abb1c325d1a425a3701ad3e11f373042be8a0ecf9f97248534775?s=96&d=mm&r=g","caption":"admin"},"sameAs":["http:\/\/barroca.com.br\/site"],"url":"https:\/\/barroca.com.br\/site\/author\/admin\/"}]}},"_links":{"self":[{"href":"https:\/\/barroca.com.br\/site\/wp-json\/wp\/v2\/posts\/3247","targetHints":{"allow":["GET"]}}],"collection":[{"href":"https:\/\/barroca.com.br\/site\/wp-json\/wp\/v2\/posts"}],"about":[{"href":"https:\/\/barroca.com.br\/site\/wp-json\/wp\/v2\/types\/post"}],"author":[{"embeddable":true,"href":"https:\/\/barroca.com.br\/site\/wp-json\/wp\/v2\/users\/1"}],"replies":[{"embeddable":true,"href":"https:\/\/barroca.com.br\/site\/wp-json\/wp\/v2\/comments?post=3247"}],"version-history":[{"count":0,"href":"https:\/\/barroca.com.br\/site\/wp-json\/wp\/v2\/posts\/3247\/revisions"}],"wp:featuredmedia":[{"embeddable":true,"href":"https:\/\/barroca.com.br\/site\/wp-json\/wp\/v2\/media\/3249"}],"wp:attachment":[{"href":"https:\/\/barroca.com.br\/site\/wp-json\/wp\/v2\/media?parent=3247"}],"wp:term":[{"taxonomy":"category","embeddable":true,"href":"https:\/\/barroca.com.br\/site\/wp-json\/wp\/v2\/categories?post=3247"},{"taxonomy":"post_tag","embeddable":true,"href":"https:\/\/barroca.com.br\/site\/wp-json\/wp\/v2\/tags?post=3247"}],"curies":[{"name":"wp","href":"https:\/\/api.w.org\/{rel}","templated":true}]}}