{"id":3210,"date":"2013-08-06T18:25:19","date_gmt":"2013-08-06T21:25:19","guid":{"rendered":"http:\/\/barroca.com.br\/site\/?p=3210"},"modified":"2013-08-06T18:25:19","modified_gmt":"2013-08-06T21:25:19","slug":"confira-os-horarios-de-funcionamento-do-clube-para-o-feriado-de-15-de-agosto","status":"publish","type":"post","link":"https:\/\/barroca.com.br\/site\/confira-os-horarios-de-funcionamento-do-clube-para-o-feriado-de-15-de-agosto\/","title":{"rendered":"Confira os hor\u00e1rios de funcionamento do Clube para o feriado de 15 de agosto"},"content":{"rendered":"<p>Fique antenado com os hor\u00e1rios de funcionamento do Barroca para o feriado de Assun\u00e7\u00e3o de Nossa Senhora, que \u00e9 celebrado no dia 15 de agosto. <\/p>\n<p>\u00c1REA DE LAZER<br \/>\n\u2022 Quinta-feira (15\/08) \u2013 Aberta das 7h \u00e0s 18h<br \/>\n\u2022 Sexta-feira (16\/08) \u2013 Aberta das 7h \u00e0s 18h<br \/>\n\u2022 S\u00e1bado (17\/08) \u2013 Aberta das 7h \u00e0s 18h<br \/>\n\u2022 Domingo (18\/08) \u2013 Aberta das 7h \u00e0s 18h<\/p>\n<p>SAUNA MASCULINA<br \/>\n\u2022 Quinta-feira (15\/08) \u2013 Aberta das 10h \u00e0s 17h<br \/>\n\u2022 Sexta-feira (16\/08) \u2013 Aberta das 18h \u00e0s 21h<br \/>\n\u2022 S\u00e1bado (17\/08) \u2013 Aberta das 10h \u00e0s 20h30<br \/>\n\u2022 Domingo (18\/08) \u2013 Aberta das 10h \u00e0s 17h<\/p>\n<p>SAUNA FEMININA<br \/>\n\u2022 Quinta-feira (15\/08) \u2013 Aberta das 10h \u00e0s 17h<br \/>\n\u2022 Sexta-feira (16\/08) \u2013 Fechada<br \/>\n\u2022 S\u00e1bado (17\/08) \u2013 Aberta das 10h \u00e0s 18h<br \/>\n\u2022 Domingo (18\/08) \u2013 Aberta das 10h \u00e0s 17h<\/p>\n<p>SECRETARIA ADMINISTRATIVA<br \/>\n\u2022 Quinta-feira (15\/08) \u2013 Fechada<br \/>\n\u2022 Sexta-feira (16\/08) \u2013 Aberta das 9h \u00e0s 17h<br \/>\n\u2022 S\u00e1bado (17\/08) \u2013 Fechada<br \/>\n\u2022 Domingo (18\/08) \u2013 Fechada<\/p>\n<p>BIBLIOTECA<br \/>\n\u2022 Quinta-feira (15\/08) \u2013 Fechada<br \/>\n\u2022 Sexta-feira (16\/08) \u2013 Aberta das 9h \u00e0s 15h<br \/>\n\u2022 S\u00e1bado (17\/08) \u2013 Aberta das 8h \u00e0s 13h<br \/>\n\u2022 Domingo (18\/08) \u2013 Fechada<br \/>\n\u2022 Segunda-feira (19\/08) \u2013 Fechada    \t<\/p>\n","protected":false},"excerpt":{"rendered":"<p>Fique antenado com os hor\u00e1rios de funcionamento do Barroca para o feriado de Assun\u00e7\u00e3o de Nossa Senhora, que \u00e9 celebrado no dia 15 de agosto. \u00c1REA DE LAZER \u2022 Quinta-feira (15\/08) \u2013 Aberta das 7h \u00e0s 18h \u2022 Sexta-feira (16\/08) \u2013 Aberta das 7h \u00e0s 18h \u2022 S\u00e1bado (17\/08) \u2013 Aberta das 7h \u00e0s 18h [&hellip;]<\/p>\n","protected":false},"author":1,"featured_media":3141,"comment_status":"open","ping_status":"open","sticky":false,"template":"","format":"standard","meta":{"_acf_changed":false,"footnotes":""},"categories":[29,50],"tags":[21,49,56],"class_list":["post-3210","post","type-post","status-publish","format-standard","has-post-thumbnail","hentry","category-barroca","category-comunicados","tag-barroca","tag-comunicado","tag-feriado"],"acf":[],"yoast_head":"<!-- This site is optimized with the Yoast SEO plugin v27.9 - https:\/\/yoast.com\/product\/yoast-seo-wordpress\/ -->\n<title>Confira os hor\u00e1rios de funcionamento do Clube para o feriado de 15 de agosto - Barroca T\u00eanis Clube<\/title>\n<meta name=\"robots\" content=\"index, follow, max-snippet:-1, max-image-preview:large, max-video-preview:-1\" \/>\n<link rel=\"canonical\" href=\"https:\/\/barroca.com.br\/site\/confira-os-horarios-de-funcionamento-do-clube-para-o-feriado-de-15-de-agosto\/\" \/>\n<meta property=\"og:locale\" content=\"pt_BR\" \/>\n<meta property=\"og:type\" content=\"article\" \/>\n<meta property=\"og:title\" content=\"Confira os hor\u00e1rios de funcionamento do Clube para o feriado de 15 de agosto - Barroca T\u00eanis Clube\" \/>\n<meta property=\"og:description\" content=\"Fique antenado com os hor\u00e1rios de funcionamento do Barroca para o feriado de Assun\u00e7\u00e3o de Nossa Senhora, que \u00e9 celebrado no dia 15 de agosto. \u00c1REA DE LAZER \u2022 Quinta-feira (15\/08) \u2013 Aberta das 7h \u00e0s 18h \u2022 Sexta-feira (16\/08) \u2013 Aberta das 7h \u00e0s 18h \u2022 S\u00e1bado (17\/08) \u2013 Aberta das 7h \u00e0s 18h [&hellip;]\" \/>\n<meta property=\"og:url\" content=\"https:\/\/barroca.com.br\/site\/confira-os-horarios-de-funcionamento-do-clube-para-o-feriado-de-15-de-agosto\/\" \/>\n<meta property=\"og:site_name\" content=\"Barroca T\u00eanis Clube\" \/>\n<meta property=\"article:published_time\" content=\"2013-08-06T21:25:19+00:00\" \/>\n<meta property=\"og:image\" content=\"https:\/\/barroca.com.br\/site\/wp-content\/uploads\/2013\/06\/logo-btc-mock-comunica.jpg\" \/>\n\t<meta property=\"og:image:width\" content=\"640\" \/>\n\t<meta property=\"og:image:height\" content=\"530\" \/>\n\t<meta property=\"og:image:type\" content=\"image\/jpeg\" \/>\n<meta name=\"author\" content=\"admin\" \/>\n<meta name=\"twitter:card\" content=\"summary_large_image\" \/>\n<meta name=\"twitter:label1\" content=\"Escrito por\" \/>\n\t<meta name=\"twitter:data1\" content=\"admin\" \/>\n\t<meta name=\"twitter:label2\" content=\"Est. tempo de leitura\" \/>\n\t<meta name=\"twitter:data2\" content=\"1 minuto\" \/>\n<script type=\"application\/ld+json\" class=\"yoast-schema-graph\">{\"@context\":\"https:\\\/\\\/schema.org\",\"@graph\":[{\"@type\":\"Article\",\"@id\":\"https:\\\/\\\/barroca.com.br\\\/site\\\/confira-os-horarios-de-funcionamento-do-clube-para-o-feriado-de-15-de-agosto\\\/#article\",\"isPartOf\":{\"@id\":\"https:\\\/\\\/barroca.com.br\\\/site\\\/confira-os-horarios-de-funcionamento-do-clube-para-o-feriado-de-15-de-agosto\\\/\"},\"author\":{\"name\":\"admin\",\"@id\":\"https:\\\/\\\/barroca.com.br\\\/site\\\/#\\\/schema\\\/person\\\/4bd3687d5c267a5c16eebc047aec4c87\"},\"headline\":\"Confira os hor\u00e1rios de funcionamento do Clube para o feriado de 15 de agosto\",\"datePublished\":\"2013-08-06T21:25:19+00:00\",\"mainEntityOfPage\":{\"@id\":\"https:\\\/\\\/barroca.com.br\\\/site\\\/confira-os-horarios-de-funcionamento-do-clube-para-o-feriado-de-15-de-agosto\\\/\"},\"wordCount\":152,\"commentCount\":0,\"image\":{\"@id\":\"https:\\\/\\\/barroca.com.br\\\/site\\\/confira-os-horarios-de-funcionamento-do-clube-para-o-feriado-de-15-de-agosto\\\/#primaryimage\"},\"thumbnailUrl\":\"https:\\\/\\\/barroca.com.br\\\/site\\\/wp-content\\\/uploads\\\/2013\\\/06\\\/logo-btc-mock-comunica.jpg\",\"keywords\":[\"Barroca\",\"Comunicado\",\"feriado\"],\"articleSection\":[\"Barroca\",\"Comunicados\"],\"inLanguage\":\"pt-BR\",\"potentialAction\":[{\"@type\":\"CommentAction\",\"name\":\"Comment\",\"target\":[\"https:\\\/\\\/barroca.com.br\\\/site\\\/confira-os-horarios-de-funcionamento-do-clube-para-o-feriado-de-15-de-agosto\\\/#respond\"]}]},{\"@type\":\"WebPage\",\"@id\":\"https:\\\/\\\/barroca.com.br\\\/site\\\/confira-os-horarios-de-funcionamento-do-clube-para-o-feriado-de-15-de-agosto\\\/\",\"url\":\"https:\\\/\\\/barroca.com.br\\\/site\\\/confira-os-horarios-de-funcionamento-do-clube-para-o-feriado-de-15-de-agosto\\\/\",\"name\":\"Confira os hor\u00e1rios de funcionamento do Clube para o feriado de 15 de agosto - Barroca T\u00eanis Clube\",\"isPartOf\":{\"@id\":\"https:\\\/\\\/barroca.com.br\\\/site\\\/#website\"},\"primaryImageOfPage\":{\"@id\":\"https:\\\/\\\/barroca.com.br\\\/site\\\/confira-os-horarios-de-funcionamento-do-clube-para-o-feriado-de-15-de-agosto\\\/#primaryimage\"},\"image\":{\"@id\":\"https:\\\/\\\/barroca.com.br\\\/site\\\/confira-os-horarios-de-funcionamento-do-clube-para-o-feriado-de-15-de-agosto\\\/#primaryimage\"},\"thumbnailUrl\":\"https:\\\/\\\/barroca.com.br\\\/site\\\/wp-content\\\/uploads\\\/2013\\\/06\\\/logo-btc-mock-comunica.jpg\",\"datePublished\":\"2013-08-06T21:25:19+00:00\",\"author\":{\"@id\":\"https:\\\/\\\/barroca.com.br\\\/site\\\/#\\\/schema\\\/person\\\/4bd3687d5c267a5c16eebc047aec4c87\"},\"breadcrumb\":{\"@id\":\"https:\\\/\\\/barroca.com.br\\\/site\\\/confira-os-horarios-de-funcionamento-do-clube-para-o-feriado-de-15-de-agosto\\\/#breadcrumb\"},\"inLanguage\":\"pt-BR\",\"potentialAction\":[{\"@type\":\"ReadAction\",\"target\":[\"https:\\\/\\\/barroca.com.br\\\/site\\\/confira-os-horarios-de-funcionamento-do-clube-para-o-feriado-de-15-de-agosto\\\/\"]}]},{\"@type\":\"ImageObject\",\"inLanguage\":\"pt-BR\",\"@id\":\"https:\\\/\\\/barroca.com.br\\\/site\\\/confira-os-horarios-de-funcionamento-do-clube-para-o-feriado-de-15-de-agosto\\\/#primaryimage\",\"url\":\"https:\\\/\\\/barroca.com.br\\\/site\\\/wp-content\\\/uploads\\\/2013\\\/06\\\/logo-btc-mock-comunica.jpg\",\"contentUrl\":\"https:\\\/\\\/barroca.com.br\\\/site\\\/wp-content\\\/uploads\\\/2013\\\/06\\\/logo-btc-mock-comunica.jpg\",\"width\":640,\"height\":530},{\"@type\":\"BreadcrumbList\",\"@id\":\"https:\\\/\\\/barroca.com.br\\\/site\\\/confira-os-horarios-de-funcionamento-do-clube-para-o-feriado-de-15-de-agosto\\\/#breadcrumb\",\"itemListElement\":[{\"@type\":\"ListItem\",\"position\":1,\"name\":\"Home\",\"item\":\"https:\\\/\\\/barroca.com.br\\\/site\\\/\"},{\"@type\":\"ListItem\",\"position\":2,\"name\":\"Confira os hor\u00e1rios de funcionamento do Clube para o feriado de 15 de agosto\"}]},{\"@type\":\"WebSite\",\"@id\":\"https:\\\/\\\/barroca.com.br\\\/site\\\/#website\",\"url\":\"https:\\\/\\\/barroca.com.br\\\/site\\\/\",\"name\":\"Barroca T\u00eanis Clube\",\"description\":\"\",\"potentialAction\":[{\"@type\":\"SearchAction\",\"target\":{\"@type\":\"EntryPoint\",\"urlTemplate\":\"https:\\\/\\\/barroca.com.br\\\/site\\\/?s={search_term_string}\"},\"query-input\":{\"@type\":\"PropertyValueSpecification\",\"valueRequired\":true,\"valueName\":\"search_term_string\"}}],\"inLanguage\":\"pt-BR\"},{\"@type\":\"Person\",\"@id\":\"https:\\\/\\\/barroca.com.br\\\/site\\\/#\\\/schema\\\/person\\\/4bd3687d5c267a5c16eebc047aec4c87\",\"name\":\"admin\",\"image\":{\"@type\":\"ImageObject\",\"inLanguage\":\"pt-BR\",\"@id\":\"https:\\\/\\\/secure.gravatar.com\\\/avatar\\\/2f804b64370abb1c325d1a425a3701ad3e11f373042be8a0ecf9f97248534775?s=96&d=mm&r=g\",\"url\":\"https:\\\/\\\/secure.gravatar.com\\\/avatar\\\/2f804b64370abb1c325d1a425a3701ad3e11f373042be8a0ecf9f97248534775?s=96&d=mm&r=g\",\"contentUrl\":\"https:\\\/\\\/secure.gravatar.com\\\/avatar\\\/2f804b64370abb1c325d1a425a3701ad3e11f373042be8a0ecf9f97248534775?s=96&d=mm&r=g\",\"caption\":\"admin\"},\"sameAs\":[\"http:\\\/\\\/barroca.com.br\\\/site\"],\"url\":\"https:\\\/\\\/barroca.com.br\\\/site\\\/author\\\/admin\\\/\"}]}<\/script>\n<!-- \/ Yoast SEO plugin. -->","yoast_head_json":{"title":"Confira os hor\u00e1rios de funcionamento do Clube para o feriado de 15 de agosto - Barroca T\u00eanis Clube","robots":{"index":"index","follow":"follow","max-snippet":"max-snippet:-1","max-image-preview":"max-image-preview:large","max-video-preview":"max-video-preview:-1"},"canonical":"https:\/\/barroca.com.br\/site\/confira-os-horarios-de-funcionamento-do-clube-para-o-feriado-de-15-de-agosto\/","og_locale":"pt_BR","og_type":"article","og_title":"Confira os hor\u00e1rios de funcionamento do Clube para o feriado de 15 de agosto - Barroca T\u00eanis Clube","og_description":"Fique antenado com os hor\u00e1rios de funcionamento do Barroca para o feriado de Assun\u00e7\u00e3o de Nossa Senhora, que \u00e9 celebrado no dia 15 de agosto. \u00c1REA DE LAZER \u2022 Quinta-feira (15\/08) \u2013 Aberta das 7h \u00e0s 18h \u2022 Sexta-feira (16\/08) \u2013 Aberta das 7h \u00e0s 18h \u2022 S\u00e1bado (17\/08) \u2013 Aberta das 7h \u00e0s 18h [&hellip;]","og_url":"https:\/\/barroca.com.br\/site\/confira-os-horarios-de-funcionamento-do-clube-para-o-feriado-de-15-de-agosto\/","og_site_name":"Barroca T\u00eanis Clube","article_published_time":"2013-08-06T21:25:19+00:00","og_image":[{"width":640,"height":530,"url":"https:\/\/barroca.com.br\/site\/wp-content\/uploads\/2013\/06\/logo-btc-mock-comunica.jpg","type":"image\/jpeg"}],"author":"admin","twitter_card":"summary_large_image","twitter_misc":{"Escrito por":"admin","Est. tempo de leitura":"1 minuto"},"schema":{"@context":"https:\/\/schema.org","@graph":[{"@type":"Article","@id":"https:\/\/barroca.com.br\/site\/confira-os-horarios-de-funcionamento-do-clube-para-o-feriado-de-15-de-agosto\/#article","isPartOf":{"@id":"https:\/\/barroca.com.br\/site\/confira-os-horarios-de-funcionamento-do-clube-para-o-feriado-de-15-de-agosto\/"},"author":{"name":"admin","@id":"https:\/\/barroca.com.br\/site\/#\/schema\/person\/4bd3687d5c267a5c16eebc047aec4c87"},"headline":"Confira os hor\u00e1rios de funcionamento do Clube para o feriado de 15 de agosto","datePublished":"2013-08-06T21:25:19+00:00","mainEntityOfPage":{"@id":"https:\/\/barroca.com.br\/site\/confira-os-horarios-de-funcionamento-do-clube-para-o-feriado-de-15-de-agosto\/"},"wordCount":152,"commentCount":0,"image":{"@id":"https:\/\/barroca.com.br\/site\/confira-os-horarios-de-funcionamento-do-clube-para-o-feriado-de-15-de-agosto\/#primaryimage"},"thumbnailUrl":"https:\/\/barroca.com.br\/site\/wp-content\/uploads\/2013\/06\/logo-btc-mock-comunica.jpg","keywords":["Barroca","Comunicado","feriado"],"articleSection":["Barroca","Comunicados"],"inLanguage":"pt-BR","potentialAction":[{"@type":"CommentAction","name":"Comment","target":["https:\/\/barroca.com.br\/site\/confira-os-horarios-de-funcionamento-do-clube-para-o-feriado-de-15-de-agosto\/#respond"]}]},{"@type":"WebPage","@id":"https:\/\/barroca.com.br\/site\/confira-os-horarios-de-funcionamento-do-clube-para-o-feriado-de-15-de-agosto\/","url":"https:\/\/barroca.com.br\/site\/confira-os-horarios-de-funcionamento-do-clube-para-o-feriado-de-15-de-agosto\/","name":"Confira os hor\u00e1rios de funcionamento do Clube para o feriado de 15 de agosto - Barroca T\u00eanis Clube","isPartOf":{"@id":"https:\/\/barroca.com.br\/site\/#website"},"primaryImageOfPage":{"@id":"https:\/\/barroca.com.br\/site\/confira-os-horarios-de-funcionamento-do-clube-para-o-feriado-de-15-de-agosto\/#primaryimage"},"image":{"@id":"https:\/\/barroca.com.br\/site\/confira-os-horarios-de-funcionamento-do-clube-para-o-feriado-de-15-de-agosto\/#primaryimage"},"thumbnailUrl":"https:\/\/barroca.com.br\/site\/wp-content\/uploads\/2013\/06\/logo-btc-mock-comunica.jpg","datePublished":"2013-08-06T21:25:19+00:00","author":{"@id":"https:\/\/barroca.com.br\/site\/#\/schema\/person\/4bd3687d5c267a5c16eebc047aec4c87"},"breadcrumb":{"@id":"https:\/\/barroca.com.br\/site\/confira-os-horarios-de-funcionamento-do-clube-para-o-feriado-de-15-de-agosto\/#breadcrumb"},"inLanguage":"pt-BR","potentialAction":[{"@type":"ReadAction","target":["https:\/\/barroca.com.br\/site\/confira-os-horarios-de-funcionamento-do-clube-para-o-feriado-de-15-de-agosto\/"]}]},{"@type":"ImageObject","inLanguage":"pt-BR","@id":"https:\/\/barroca.com.br\/site\/confira-os-horarios-de-funcionamento-do-clube-para-o-feriado-de-15-de-agosto\/#primaryimage","url":"https:\/\/barroca.com.br\/site\/wp-content\/uploads\/2013\/06\/logo-btc-mock-comunica.jpg","contentUrl":"https:\/\/barroca.com.br\/site\/wp-content\/uploads\/2013\/06\/logo-btc-mock-comunica.jpg","width":640,"height":530},{"@type":"BreadcrumbList","@id":"https:\/\/barroca.com.br\/site\/confira-os-horarios-de-funcionamento-do-clube-para-o-feriado-de-15-de-agosto\/#breadcrumb","itemListElement":[{"@type":"ListItem","position":1,"name":"Home","item":"https:\/\/barroca.com.br\/site\/"},{"@type":"ListItem","position":2,"name":"Confira os hor\u00e1rios de funcionamento do Clube para o feriado de 15 de agosto"}]},{"@type":"WebSite","@id":"https:\/\/barroca.com.br\/site\/#website","url":"https:\/\/barroca.com.br\/site\/","name":"Barroca T\u00eanis Clube","description":"","potentialAction":[{"@type":"SearchAction","target":{"@type":"EntryPoint","urlTemplate":"https:\/\/barroca.com.br\/site\/?s={search_term_string}"},"query-input":{"@type":"PropertyValueSpecification","valueRequired":true,"valueName":"search_term_string"}}],"inLanguage":"pt-BR"},{"@type":"Person","@id":"https:\/\/barroca.com.br\/site\/#\/schema\/person\/4bd3687d5c267a5c16eebc047aec4c87","name":"admin","image":{"@type":"ImageObject","inLanguage":"pt-BR","@id":"https:\/\/secure.gravatar.com\/avatar\/2f804b64370abb1c325d1a425a3701ad3e11f373042be8a0ecf9f97248534775?s=96&d=mm&r=g","url":"https:\/\/secure.gravatar.com\/avatar\/2f804b64370abb1c325d1a425a3701ad3e11f373042be8a0ecf9f97248534775?s=96&d=mm&r=g","contentUrl":"https:\/\/secure.gravatar.com\/avatar\/2f804b64370abb1c325d1a425a3701ad3e11f373042be8a0ecf9f97248534775?s=96&d=mm&r=g","caption":"admin"},"sameAs":["http:\/\/barroca.com.br\/site"],"url":"https:\/\/barroca.com.br\/site\/author\/admin\/"}]}},"_links":{"self":[{"href":"https:\/\/barroca.com.br\/site\/wp-json\/wp\/v2\/posts\/3210","targetHints":{"allow":["GET"]}}],"collection":[{"href":"https:\/\/barroca.com.br\/site\/wp-json\/wp\/v2\/posts"}],"about":[{"href":"https:\/\/barroca.com.br\/site\/wp-json\/wp\/v2\/types\/post"}],"author":[{"embeddable":true,"href":"https:\/\/barroca.com.br\/site\/wp-json\/wp\/v2\/users\/1"}],"replies":[{"embeddable":true,"href":"https:\/\/barroca.com.br\/site\/wp-json\/wp\/v2\/comments?post=3210"}],"version-history":[{"count":0,"href":"https:\/\/barroca.com.br\/site\/wp-json\/wp\/v2\/posts\/3210\/revisions"}],"wp:featuredmedia":[{"embeddable":true,"href":"https:\/\/barroca.com.br\/site\/wp-json\/wp\/v2\/media\/3141"}],"wp:attachment":[{"href":"https:\/\/barroca.com.br\/site\/wp-json\/wp\/v2\/media?parent=3210"}],"wp:term":[{"taxonomy":"category","embeddable":true,"href":"https:\/\/barroca.com.br\/site\/wp-json\/wp\/v2\/categories?post=3210"},{"taxonomy":"post_tag","embeddable":true,"href":"https:\/\/barroca.com.br\/site\/wp-json\/wp\/v2\/tags?post=3210"}],"curies":[{"name":"wp","href":"https:\/\/api.w.org\/{rel}","templated":true}]}}