{"id":2574,"date":"2013-02-07T14:00:57","date_gmt":"2013-02-07T17:00:57","guid":{"rendered":"http:\/\/barroca.com.br\/site\/?p=2574"},"modified":"2013-02-07T14:00:57","modified_gmt":"2013-02-07T17:00:57","slug":"confira-o-horario-de-funcionamento-do-clube-durante-o-feriado-da-semana-santa","status":"publish","type":"post","link":"https:\/\/barroca.com.br\/site\/confira-o-horario-de-funcionamento-do-clube-durante-o-feriado-da-semana-santa\/","title":{"rendered":"Confira o hor\u00e1rio de funcionamento do Clube durante o feriado da Semana Santa"},"content":{"rendered":"<p><strong>\u00c1rea de lazer<\/strong><br \/>\nQuinta-feira (28\/03) \u2013 Aberto das 7h \u00e0s 21h<br \/>\nSexta-feira (29\/03) \u2013 Aberto das 7h \u00e0s 18h<br \/>\nS\u00e1bado (30\/03) \u2013 Aberto das 7h \u00e0s 18h<br \/>\nDomingo (31\/03) \u2013 Aberto das 7h \u00e0s 18h<\/p>\n<p><strong>Sauna Masculina<\/strong><br \/>\nQuinta-feira (28\/03) \u2013 Aberta das 17h \u00e0s 21h<br \/>\nSexta-feira (29\/03) \u2013 Aberta das 10h \u00e0s 17h<br \/>\nS\u00e1bado (30\/03) \u2013 Aberta das 10h \u00e0s 20:3h<br \/>\nDomingo (31\/03) \u2013 Aberta das 10h \u00e0s 17h<\/p>\n<p><strong>Sauna Feminina<\/strong><br \/>\nQuinta-feira (28\/03) \u2013 Aberta das 15h \u00e0s 20:30h<br \/>\nSexta-feira (29\/03) \u2013 Aberta das 10h \u00e0s 17h<br \/>\nS\u00e1bado (30\/03) \u2013 Aberta das 10h \u00e0s 18h<br \/>\nDomingo (31\/03) \u2013 Aberta das 10h \u00e0s 17h<\/p>\n<p><strong>Biblioteca<\/strong><br \/>\nQuinta-feira (28\/03) \u2013 Aberta das 09h \u00e0s 15:00h<br \/>\nSexta-feira (29\/03) \u2013 Fechada<br \/>\nS\u00e1bado (30\/03) \u2013 08h as 13h<br \/>\nDomingo (31\/03) \u2013 Fechada<\/p>\n<p><strong>Secretaria Administrativa<\/strong><br \/>\nQuinta-feira (28\/03) \u2013 Aberta das 9h \u00e0s 17h<br \/>\nSexta-feira (29\/03) \u2013 Fechada<br \/>\nS\u00e1bado ( 30\/03) \u2013 Fechada<br \/>\nDomingo (31\/03) \u2013 Fechada    \t<\/p>\n","protected":false},"excerpt":{"rendered":"<p>\u00c1rea de lazer Quinta-feira (28\/03) \u2013 Aberto das 7h \u00e0s 21h Sexta-feira (29\/03) \u2013 Aberto das 7h \u00e0s 18h S\u00e1bado (30\/03) \u2013 Aberto das 7h \u00e0s 18h Domingo (31\/03) \u2013 Aberto das 7h \u00e0s 18h Sauna Masculina Quinta-feira (28\/03) \u2013 Aberta das 17h \u00e0s 21h Sexta-feira (29\/03) \u2013 Aberta das 10h \u00e0s 17h S\u00e1bado (30\/03) [&hellip;]<\/p>\n","protected":false},"author":1,"featured_media":2258,"comment_status":"open","ping_status":"open","sticky":false,"template":"","format":"standard","meta":{"_acf_changed":false,"footnotes":""},"categories":[29],"tags":[21,19],"class_list":["post-2574","post","type-post","status-publish","format-standard","has-post-thumbnail","hentry","category-barroca","tag-barroca","tag-destaques"],"acf":[],"yoast_head":"<!-- This site is optimized with the Yoast SEO plugin v27.9 - https:\/\/yoast.com\/product\/yoast-seo-wordpress\/ -->\n<title>Confira o hor\u00e1rio de funcionamento do Clube durante o feriado da Semana Santa - Barroca T\u00eanis Clube<\/title>\n<meta name=\"robots\" content=\"index, follow, max-snippet:-1, max-image-preview:large, max-video-preview:-1\" \/>\n<link rel=\"canonical\" href=\"https:\/\/barroca.com.br\/site\/confira-o-horario-de-funcionamento-do-clube-durante-o-feriado-da-semana-santa\/\" \/>\n<meta property=\"og:locale\" content=\"pt_BR\" \/>\n<meta property=\"og:type\" content=\"article\" \/>\n<meta property=\"og:title\" content=\"Confira o hor\u00e1rio de funcionamento do Clube durante o feriado da Semana Santa - Barroca T\u00eanis Clube\" \/>\n<meta property=\"og:description\" content=\"\u00c1rea de lazer Quinta-feira (28\/03) \u2013 Aberto das 7h \u00e0s 21h Sexta-feira (29\/03) \u2013 Aberto das 7h \u00e0s 18h S\u00e1bado (30\/03) \u2013 Aberto das 7h \u00e0s 18h Domingo (31\/03) \u2013 Aberto das 7h \u00e0s 18h Sauna Masculina Quinta-feira (28\/03) \u2013 Aberta das 17h \u00e0s 21h Sexta-feira (29\/03) \u2013 Aberta das 10h \u00e0s 17h S\u00e1bado (30\/03) [&hellip;]\" \/>\n<meta property=\"og:url\" content=\"https:\/\/barroca.com.br\/site\/confira-o-horario-de-funcionamento-do-clube-durante-o-feriado-da-semana-santa\/\" \/>\n<meta property=\"og:site_name\" content=\"Barroca T\u00eanis Clube\" \/>\n<meta property=\"article:published_time\" content=\"2013-02-07T17:00:57+00:00\" \/>\n<meta property=\"og:image\" content=\"https:\/\/barroca.com.br\/site\/wp-content\/uploads\/2012\/03\/barroca-informa.jpg\" \/>\n\t<meta property=\"og:image:width\" content=\"310\" \/>\n\t<meta property=\"og:image:height\" content=\"320\" \/>\n\t<meta property=\"og:image:type\" content=\"image\/jpeg\" \/>\n<meta name=\"author\" content=\"admin\" \/>\n<meta name=\"twitter:card\" content=\"summary_large_image\" \/>\n<meta name=\"twitter:label1\" content=\"Escrito por\" \/>\n\t<meta name=\"twitter:data1\" content=\"admin\" \/>\n\t<meta name=\"twitter:label2\" content=\"Est. tempo de leitura\" \/>\n\t<meta name=\"twitter:data2\" content=\"1 minuto\" \/>\n<script type=\"application\/ld+json\" class=\"yoast-schema-graph\">{\"@context\":\"https:\\\/\\\/schema.org\",\"@graph\":[{\"@type\":\"Article\",\"@id\":\"https:\\\/\\\/barroca.com.br\\\/site\\\/confira-o-horario-de-funcionamento-do-clube-durante-o-feriado-da-semana-santa\\\/#article\",\"isPartOf\":{\"@id\":\"https:\\\/\\\/barroca.com.br\\\/site\\\/confira-o-horario-de-funcionamento-do-clube-durante-o-feriado-da-semana-santa\\\/\"},\"author\":{\"name\":\"admin\",\"@id\":\"https:\\\/\\\/barroca.com.br\\\/site\\\/#\\\/schema\\\/person\\\/4bd3687d5c267a5c16eebc047aec4c87\"},\"headline\":\"Confira o hor\u00e1rio de funcionamento do Clube durante o feriado da Semana Santa\",\"datePublished\":\"2013-02-07T17:00:57+00:00\",\"mainEntityOfPage\":{\"@id\":\"https:\\\/\\\/barroca.com.br\\\/site\\\/confira-o-horario-de-funcionamento-do-clube-durante-o-feriado-da-semana-santa\\\/\"},\"wordCount\":127,\"commentCount\":0,\"image\":{\"@id\":\"https:\\\/\\\/barroca.com.br\\\/site\\\/confira-o-horario-de-funcionamento-do-clube-durante-o-feriado-da-semana-santa\\\/#primaryimage\"},\"thumbnailUrl\":\"https:\\\/\\\/barroca.com.br\\\/site\\\/wp-content\\\/uploads\\\/2012\\\/03\\\/barroca-informa.jpg\",\"keywords\":[\"Barroca\",\"Destaques\"],\"articleSection\":[\"Barroca\"],\"inLanguage\":\"pt-BR\",\"potentialAction\":[{\"@type\":\"CommentAction\",\"name\":\"Comment\",\"target\":[\"https:\\\/\\\/barroca.com.br\\\/site\\\/confira-o-horario-de-funcionamento-do-clube-durante-o-feriado-da-semana-santa\\\/#respond\"]}]},{\"@type\":\"WebPage\",\"@id\":\"https:\\\/\\\/barroca.com.br\\\/site\\\/confira-o-horario-de-funcionamento-do-clube-durante-o-feriado-da-semana-santa\\\/\",\"url\":\"https:\\\/\\\/barroca.com.br\\\/site\\\/confira-o-horario-de-funcionamento-do-clube-durante-o-feriado-da-semana-santa\\\/\",\"name\":\"Confira o hor\u00e1rio de funcionamento do Clube durante o feriado da Semana Santa - Barroca T\u00eanis Clube\",\"isPartOf\":{\"@id\":\"https:\\\/\\\/barroca.com.br\\\/site\\\/#website\"},\"primaryImageOfPage\":{\"@id\":\"https:\\\/\\\/barroca.com.br\\\/site\\\/confira-o-horario-de-funcionamento-do-clube-durante-o-feriado-da-semana-santa\\\/#primaryimage\"},\"image\":{\"@id\":\"https:\\\/\\\/barroca.com.br\\\/site\\\/confira-o-horario-de-funcionamento-do-clube-durante-o-feriado-da-semana-santa\\\/#primaryimage\"},\"thumbnailUrl\":\"https:\\\/\\\/barroca.com.br\\\/site\\\/wp-content\\\/uploads\\\/2012\\\/03\\\/barroca-informa.jpg\",\"datePublished\":\"2013-02-07T17:00:57+00:00\",\"author\":{\"@id\":\"https:\\\/\\\/barroca.com.br\\\/site\\\/#\\\/schema\\\/person\\\/4bd3687d5c267a5c16eebc047aec4c87\"},\"breadcrumb\":{\"@id\":\"https:\\\/\\\/barroca.com.br\\\/site\\\/confira-o-horario-de-funcionamento-do-clube-durante-o-feriado-da-semana-santa\\\/#breadcrumb\"},\"inLanguage\":\"pt-BR\",\"potentialAction\":[{\"@type\":\"ReadAction\",\"target\":[\"https:\\\/\\\/barroca.com.br\\\/site\\\/confira-o-horario-de-funcionamento-do-clube-durante-o-feriado-da-semana-santa\\\/\"]}]},{\"@type\":\"ImageObject\",\"inLanguage\":\"pt-BR\",\"@id\":\"https:\\\/\\\/barroca.com.br\\\/site\\\/confira-o-horario-de-funcionamento-do-clube-durante-o-feriado-da-semana-santa\\\/#primaryimage\",\"url\":\"https:\\\/\\\/barroca.com.br\\\/site\\\/wp-content\\\/uploads\\\/2012\\\/03\\\/barroca-informa.jpg\",\"contentUrl\":\"https:\\\/\\\/barroca.com.br\\\/site\\\/wp-content\\\/uploads\\\/2012\\\/03\\\/barroca-informa.jpg\",\"width\":310,\"height\":320},{\"@type\":\"BreadcrumbList\",\"@id\":\"https:\\\/\\\/barroca.com.br\\\/site\\\/confira-o-horario-de-funcionamento-do-clube-durante-o-feriado-da-semana-santa\\\/#breadcrumb\",\"itemListElement\":[{\"@type\":\"ListItem\",\"position\":1,\"name\":\"Home\",\"item\":\"https:\\\/\\\/barroca.com.br\\\/site\\\/\"},{\"@type\":\"ListItem\",\"position\":2,\"name\":\"Confira o hor\u00e1rio de funcionamento do Clube durante o feriado da Semana Santa\"}]},{\"@type\":\"WebSite\",\"@id\":\"https:\\\/\\\/barroca.com.br\\\/site\\\/#website\",\"url\":\"https:\\\/\\\/barroca.com.br\\\/site\\\/\",\"name\":\"Barroca T\u00eanis Clube\",\"description\":\"\",\"potentialAction\":[{\"@type\":\"SearchAction\",\"target\":{\"@type\":\"EntryPoint\",\"urlTemplate\":\"https:\\\/\\\/barroca.com.br\\\/site\\\/?s={search_term_string}\"},\"query-input\":{\"@type\":\"PropertyValueSpecification\",\"valueRequired\":true,\"valueName\":\"search_term_string\"}}],\"inLanguage\":\"pt-BR\"},{\"@type\":\"Person\",\"@id\":\"https:\\\/\\\/barroca.com.br\\\/site\\\/#\\\/schema\\\/person\\\/4bd3687d5c267a5c16eebc047aec4c87\",\"name\":\"admin\",\"image\":{\"@type\":\"ImageObject\",\"inLanguage\":\"pt-BR\",\"@id\":\"https:\\\/\\\/secure.gravatar.com\\\/avatar\\\/2f804b64370abb1c325d1a425a3701ad3e11f373042be8a0ecf9f97248534775?s=96&d=mm&r=g\",\"url\":\"https:\\\/\\\/secure.gravatar.com\\\/avatar\\\/2f804b64370abb1c325d1a425a3701ad3e11f373042be8a0ecf9f97248534775?s=96&d=mm&r=g\",\"contentUrl\":\"https:\\\/\\\/secure.gravatar.com\\\/avatar\\\/2f804b64370abb1c325d1a425a3701ad3e11f373042be8a0ecf9f97248534775?s=96&d=mm&r=g\",\"caption\":\"admin\"},\"sameAs\":[\"http:\\\/\\\/barroca.com.br\\\/site\"],\"url\":\"https:\\\/\\\/barroca.com.br\\\/site\\\/author\\\/admin\\\/\"}]}<\/script>\n<!-- \/ Yoast SEO plugin. -->","yoast_head_json":{"title":"Confira o hor\u00e1rio de funcionamento do Clube durante o feriado da Semana Santa - Barroca T\u00eanis Clube","robots":{"index":"index","follow":"follow","max-snippet":"max-snippet:-1","max-image-preview":"max-image-preview:large","max-video-preview":"max-video-preview:-1"},"canonical":"https:\/\/barroca.com.br\/site\/confira-o-horario-de-funcionamento-do-clube-durante-o-feriado-da-semana-santa\/","og_locale":"pt_BR","og_type":"article","og_title":"Confira o hor\u00e1rio de funcionamento do Clube durante o feriado da Semana Santa - Barroca T\u00eanis Clube","og_description":"\u00c1rea de lazer Quinta-feira (28\/03) \u2013 Aberto das 7h \u00e0s 21h Sexta-feira (29\/03) \u2013 Aberto das 7h \u00e0s 18h S\u00e1bado (30\/03) \u2013 Aberto das 7h \u00e0s 18h Domingo (31\/03) \u2013 Aberto das 7h \u00e0s 18h Sauna Masculina Quinta-feira (28\/03) \u2013 Aberta das 17h \u00e0s 21h Sexta-feira (29\/03) \u2013 Aberta das 10h \u00e0s 17h S\u00e1bado (30\/03) [&hellip;]","og_url":"https:\/\/barroca.com.br\/site\/confira-o-horario-de-funcionamento-do-clube-durante-o-feriado-da-semana-santa\/","og_site_name":"Barroca T\u00eanis Clube","article_published_time":"2013-02-07T17:00:57+00:00","og_image":[{"width":310,"height":320,"url":"https:\/\/barroca.com.br\/site\/wp-content\/uploads\/2012\/03\/barroca-informa.jpg","type":"image\/jpeg"}],"author":"admin","twitter_card":"summary_large_image","twitter_misc":{"Escrito por":"admin","Est. tempo de leitura":"1 minuto"},"schema":{"@context":"https:\/\/schema.org","@graph":[{"@type":"Article","@id":"https:\/\/barroca.com.br\/site\/confira-o-horario-de-funcionamento-do-clube-durante-o-feriado-da-semana-santa\/#article","isPartOf":{"@id":"https:\/\/barroca.com.br\/site\/confira-o-horario-de-funcionamento-do-clube-durante-o-feriado-da-semana-santa\/"},"author":{"name":"admin","@id":"https:\/\/barroca.com.br\/site\/#\/schema\/person\/4bd3687d5c267a5c16eebc047aec4c87"},"headline":"Confira o hor\u00e1rio de funcionamento do Clube durante o feriado da Semana Santa","datePublished":"2013-02-07T17:00:57+00:00","mainEntityOfPage":{"@id":"https:\/\/barroca.com.br\/site\/confira-o-horario-de-funcionamento-do-clube-durante-o-feriado-da-semana-santa\/"},"wordCount":127,"commentCount":0,"image":{"@id":"https:\/\/barroca.com.br\/site\/confira-o-horario-de-funcionamento-do-clube-durante-o-feriado-da-semana-santa\/#primaryimage"},"thumbnailUrl":"https:\/\/barroca.com.br\/site\/wp-content\/uploads\/2012\/03\/barroca-informa.jpg","keywords":["Barroca","Destaques"],"articleSection":["Barroca"],"inLanguage":"pt-BR","potentialAction":[{"@type":"CommentAction","name":"Comment","target":["https:\/\/barroca.com.br\/site\/confira-o-horario-de-funcionamento-do-clube-durante-o-feriado-da-semana-santa\/#respond"]}]},{"@type":"WebPage","@id":"https:\/\/barroca.com.br\/site\/confira-o-horario-de-funcionamento-do-clube-durante-o-feriado-da-semana-santa\/","url":"https:\/\/barroca.com.br\/site\/confira-o-horario-de-funcionamento-do-clube-durante-o-feriado-da-semana-santa\/","name":"Confira o hor\u00e1rio de funcionamento do Clube durante o feriado da Semana Santa - Barroca T\u00eanis Clube","isPartOf":{"@id":"https:\/\/barroca.com.br\/site\/#website"},"primaryImageOfPage":{"@id":"https:\/\/barroca.com.br\/site\/confira-o-horario-de-funcionamento-do-clube-durante-o-feriado-da-semana-santa\/#primaryimage"},"image":{"@id":"https:\/\/barroca.com.br\/site\/confira-o-horario-de-funcionamento-do-clube-durante-o-feriado-da-semana-santa\/#primaryimage"},"thumbnailUrl":"https:\/\/barroca.com.br\/site\/wp-content\/uploads\/2012\/03\/barroca-informa.jpg","datePublished":"2013-02-07T17:00:57+00:00","author":{"@id":"https:\/\/barroca.com.br\/site\/#\/schema\/person\/4bd3687d5c267a5c16eebc047aec4c87"},"breadcrumb":{"@id":"https:\/\/barroca.com.br\/site\/confira-o-horario-de-funcionamento-do-clube-durante-o-feriado-da-semana-santa\/#breadcrumb"},"inLanguage":"pt-BR","potentialAction":[{"@type":"ReadAction","target":["https:\/\/barroca.com.br\/site\/confira-o-horario-de-funcionamento-do-clube-durante-o-feriado-da-semana-santa\/"]}]},{"@type":"ImageObject","inLanguage":"pt-BR","@id":"https:\/\/barroca.com.br\/site\/confira-o-horario-de-funcionamento-do-clube-durante-o-feriado-da-semana-santa\/#primaryimage","url":"https:\/\/barroca.com.br\/site\/wp-content\/uploads\/2012\/03\/barroca-informa.jpg","contentUrl":"https:\/\/barroca.com.br\/site\/wp-content\/uploads\/2012\/03\/barroca-informa.jpg","width":310,"height":320},{"@type":"BreadcrumbList","@id":"https:\/\/barroca.com.br\/site\/confira-o-horario-de-funcionamento-do-clube-durante-o-feriado-da-semana-santa\/#breadcrumb","itemListElement":[{"@type":"ListItem","position":1,"name":"Home","item":"https:\/\/barroca.com.br\/site\/"},{"@type":"ListItem","position":2,"name":"Confira o hor\u00e1rio de funcionamento do Clube durante o feriado da Semana Santa"}]},{"@type":"WebSite","@id":"https:\/\/barroca.com.br\/site\/#website","url":"https:\/\/barroca.com.br\/site\/","name":"Barroca T\u00eanis Clube","description":"","potentialAction":[{"@type":"SearchAction","target":{"@type":"EntryPoint","urlTemplate":"https:\/\/barroca.com.br\/site\/?s={search_term_string}"},"query-input":{"@type":"PropertyValueSpecification","valueRequired":true,"valueName":"search_term_string"}}],"inLanguage":"pt-BR"},{"@type":"Person","@id":"https:\/\/barroca.com.br\/site\/#\/schema\/person\/4bd3687d5c267a5c16eebc047aec4c87","name":"admin","image":{"@type":"ImageObject","inLanguage":"pt-BR","@id":"https:\/\/secure.gravatar.com\/avatar\/2f804b64370abb1c325d1a425a3701ad3e11f373042be8a0ecf9f97248534775?s=96&d=mm&r=g","url":"https:\/\/secure.gravatar.com\/avatar\/2f804b64370abb1c325d1a425a3701ad3e11f373042be8a0ecf9f97248534775?s=96&d=mm&r=g","contentUrl":"https:\/\/secure.gravatar.com\/avatar\/2f804b64370abb1c325d1a425a3701ad3e11f373042be8a0ecf9f97248534775?s=96&d=mm&r=g","caption":"admin"},"sameAs":["http:\/\/barroca.com.br\/site"],"url":"https:\/\/barroca.com.br\/site\/author\/admin\/"}]}},"_links":{"self":[{"href":"https:\/\/barroca.com.br\/site\/wp-json\/wp\/v2\/posts\/2574","targetHints":{"allow":["GET"]}}],"collection":[{"href":"https:\/\/barroca.com.br\/site\/wp-json\/wp\/v2\/posts"}],"about":[{"href":"https:\/\/barroca.com.br\/site\/wp-json\/wp\/v2\/types\/post"}],"author":[{"embeddable":true,"href":"https:\/\/barroca.com.br\/site\/wp-json\/wp\/v2\/users\/1"}],"replies":[{"embeddable":true,"href":"https:\/\/barroca.com.br\/site\/wp-json\/wp\/v2\/comments?post=2574"}],"version-history":[{"count":0,"href":"https:\/\/barroca.com.br\/site\/wp-json\/wp\/v2\/posts\/2574\/revisions"}],"wp:featuredmedia":[{"embeddable":true,"href":"https:\/\/barroca.com.br\/site\/wp-json\/wp\/v2\/media\/2258"}],"wp:attachment":[{"href":"https:\/\/barroca.com.br\/site\/wp-json\/wp\/v2\/media?parent=2574"}],"wp:term":[{"taxonomy":"category","embeddable":true,"href":"https:\/\/barroca.com.br\/site\/wp-json\/wp\/v2\/categories?post=2574"},{"taxonomy":"post_tag","embeddable":true,"href":"https:\/\/barroca.com.br\/site\/wp-json\/wp\/v2\/tags?post=2574"}],"curies":[{"name":"wp","href":"https:\/\/api.w.org\/{rel}","templated":true}]}}