{"id":2567,"date":"2013-03-13T14:59:11","date_gmt":"2013-03-13T17:59:11","guid":{"rendered":"http:\/\/barroca.com.br\/site\/?p=2567"},"modified":"2013-03-13T14:59:11","modified_gmt":"2013-03-13T17:59:11","slug":"diretores-conselheiros-deliberativos-e-conselheiros-fiscais-sao-eleitos","status":"publish","type":"post","link":"https:\/\/barroca.com.br\/site\/diretores-conselheiros-deliberativos-e-conselheiros-fiscais-sao-eleitos\/","title":{"rendered":"Diretores, Conselheiros Deliberativos e Conselheiros Fiscais s\u00e3o eleitos"},"content":{"rendered":"<p>A Chapa UNI\u00c3O PARA O NOVO BARROCA foi eleita e administrar\u00e1 o Barroca T\u00eanis Clube durante o tri\u00eanio 2013-2015. A elei\u00e7\u00e3o aconteceu no dia 11 de mar\u00e7o e foi aberta a todos os s\u00f3cios propriet\u00e1rios do Clube. Foram eleitos membros da Diretoria, do Conselho Deliberativo e do Conselho Fiscal.<\/p>\n<p>Confira os eleitos:<\/p>\n<p>A\u00a0 &#8211;\u00a0 PARA O CONSELHO DELIBERATIVO:<\/p>\n<table border=\"0\" cellspacing=\"0\" cellpadding=\"0\">\n<tbody>\n<tr>\n<td valign=\"top\" width=\"477\">Nome:<\/td>\n<td valign=\"top\" width=\"165\">Cota:<\/td>\n<\/tr>\n<tr>\n<td valign=\"top\" width=\"477\">1\u00a0 Presidente: Benoni de Jesus Cabral de Oliveira<\/td>\n<td valign=\"top\" width=\"165\">2010-9i<\/td>\n<\/tr>\n<tr>\n<td valign=\"top\" width=\"477\">2\u00a0 Vice Presidente: Carlos Vieira Filho<\/td>\n<td valign=\"top\" width=\"165\">0313-1i<\/td>\n<\/tr>\n<tr>\n<td valign=\"top\" width=\"477\">3\u00a0 Aires George Garrocho de Almeida<\/td>\n<td valign=\"top\" width=\"165\">0329-8<\/td>\n<\/tr>\n<tr>\n<td valign=\"top\" width=\"477\">4 Anibal Breno Lopes de Castro<\/td>\n<td valign=\"top\" width=\"165\">1081-2i<\/td>\n<\/tr>\n<tr>\n<td valign=\"top\" width=\"477\">5\u00a0 Anselmo Jos\u00e9 Gomes Domingos<\/td>\n<td valign=\"top\" width=\"165\">1460-5<\/td>\n<\/tr>\n<tr>\n<td valign=\"top\" width=\"477\">6\u00a0 Ant\u00f4nio Alu\u00edzio Freire<\/td>\n<td valign=\"top\" width=\"165\">1345-5<\/td>\n<\/tr>\n<tr>\n<td valign=\"top\" width=\"477\">7\u00a0 Ant\u00f4nio Augusto Versiani<\/td>\n<td valign=\"top\" width=\"165\">1285-8i<\/td>\n<\/tr>\n<tr>\n<td valign=\"top\" width=\"477\">8 Ant\u00f4nio Teixeira Filho<\/td>\n<td valign=\"top\" width=\"165\">1771-7<\/td>\n<\/tr>\n<tr>\n<td valign=\"top\" width=\"477\">9\u00a0 Beethoven Lopes Bastos J\u00fanior<\/td>\n<td valign=\"top\" width=\"165\">0292-5<\/td>\n<\/tr>\n<tr>\n<td valign=\"top\" width=\"477\">10\u00a0 Benildon Ribeiro de Paiva<\/td>\n<td valign=\"top\" width=\"165\">0136-8i<\/td>\n<\/tr>\n<tr>\n<td valign=\"top\" width=\"477\">11\u00a0 Byron L\u00facio da Silva<\/td>\n<td valign=\"top\" width=\"165\">0396-4<\/td>\n<\/tr>\n<tr>\n<td valign=\"top\" width=\"477\">12\u00a0 Bruno Macedo Poli<\/td>\n<td valign=\"top\" width=\"165\">0246-1<\/td>\n<\/tr>\n<tr>\n<td valign=\"top\" width=\"477\">13\u00a0 Carlos S\u00e9rgio Cust\u00f3dio de Oliveira<\/td>\n<td valign=\"top\" width=\"165\">0656-4<\/td>\n<\/tr>\n<tr>\n<td valign=\"top\" width=\"477\">14\u00a0 Daniel Felipe Jorge<\/td>\n<td valign=\"top\" width=\"165\">0668-8<\/td>\n<\/tr>\n<tr>\n<td valign=\"top\" width=\"477\">15\u00a0 Eduardo Dias<\/td>\n<td valign=\"top\" width=\"165\">0568-1i<\/td>\n<\/tr>\n<tr>\n<td valign=\"top\" width=\"477\">16\u00a0 F\u00e1bio Luiz Queiroz Santos<\/td>\n<td valign=\"top\" width=\"165\">1658-6<\/td>\n<\/tr>\n<tr>\n<td valign=\"top\" width=\"477\">17\u00a0 Fernando Azevedo Fontenelle<\/td>\n<td valign=\"top\" width=\"165\">0535-5<\/td>\n<\/tr>\n<tr>\n<td valign=\"top\" width=\"477\">18\u00a0 Frederico Salviano de Almeida<\/td>\n<td valign=\"top\" width=\"165\">0528-2<\/td>\n<\/tr>\n<tr>\n<td valign=\"top\" width=\"477\">19\u00a0 Haroldo da Costa Andrade<\/td>\n<td valign=\"top\" width=\"165\">1619-5<\/td>\n<\/tr>\n<tr>\n<td valign=\"top\" width=\"477\">20\u00a0 Heliomar de Oliveira Costa<\/td>\n<td valign=\"top\" width=\"165\">0038-8<\/td>\n<\/tr>\n<tr>\n<td valign=\"top\" width=\"477\">21\u00a0 Henry Laviola Vagliano<\/td>\n<td valign=\"top\" width=\"165\">1481-8<\/td>\n<\/tr>\n<tr>\n<td valign=\"top\" width=\"477\">22\u00a0 Jos\u00e9 Arcanjo Guedes<\/td>\n<td valign=\"top\" width=\"165\">1931-3<\/td>\n<\/tr>\n<tr>\n<td valign=\"top\" width=\"477\">23\u00a0 Jos\u00e9 Carlos Lima Motta<\/td>\n<td valign=\"top\" width=\"165\">0282-8<\/td>\n<\/tr>\n<tr>\n<td valign=\"top\" width=\"477\">24\u00a0 Jos\u00e9 Maur\u00edcio de Miranda Gomes<\/td>\n<td valign=\"top\" width=\"165\">0264-7i<\/td>\n<\/tr>\n<tr>\n<td valign=\"top\" width=\"477\">25\u00a0 Jos\u00e9 Ronaldo Villela Carielo<\/td>\n<td valign=\"top\" width=\"165\">0701-3<\/td>\n<\/tr>\n<tr>\n<td valign=\"top\" width=\"477\">26\u00a0 Jos\u00e9 Ulisses Silva Vaz de Mello<\/td>\n<td valign=\"top\" width=\"165\">0237-2<\/td>\n<\/tr>\n<tr>\n<td valign=\"top\" width=\"477\">27\u00a0 Luiz Carlos Delmazo<\/td>\n<td valign=\"top\" width=\"165\">1774-4i<\/td>\n<\/tr>\n<tr>\n<td valign=\"top\" width=\"477\">28 Marcelo Henrique Costa Vieira<\/td>\n<td valign=\"top\" width=\"165\">1458-3<\/td>\n<\/tr>\n<tr>\n<td valign=\"top\" width=\"477\">29\u00a0 Marcos Ant\u00f4nio de Souza Duarte<\/td>\n<td valign=\"top\" width=\"165\">1002-2<\/td>\n<\/tr>\n<tr>\n<td valign=\"top\" width=\"477\">30\u00a0 Marcos Ant\u00f4nio Correia Lima<\/td>\n<td valign=\"top\" width=\"165\">0073-6i<\/td>\n<\/tr>\n<tr>\n<td valign=\"top\" width=\"477\">31\u00a0 Marcos Defeo<\/td>\n<td valign=\"top\" width=\"165\">0192-9i<\/td>\n<\/tr>\n<tr>\n<td valign=\"top\" width=\"477\">32\u00a0 Marcos Otoni Volpini<\/td>\n<td valign=\"top\" width=\"165\">0937-7<\/td>\n<\/tr>\n<tr>\n<td valign=\"top\" width=\"477\">33\u00a0 Maria Christina C\u00e9sar Fonseca<\/td>\n<td valign=\"top\" width=\"165\">0621-1i<\/td>\n<\/tr>\n<tr>\n<td valign=\"top\" width=\"477\">34\u00a0 Maur\u00edlio Vicente Brand\u00e3o<\/td>\n<td valign=\"top\" width=\"165\">0834-6<\/td>\n<\/tr>\n<tr>\n<td valign=\"top\" width=\"477\">35\u00a0 Oscar Curcino Mariano Filho<\/td>\n<td valign=\"top\" width=\"165\">0195-3<\/td>\n<\/tr>\n<tr>\n<td valign=\"top\" width=\"477\">36 Paulo Henrique Monteiro de Barros<\/td>\n<td valign=\"top\" width=\"165\">1248-3<\/td>\n<\/tr>\n<tr>\n<td valign=\"top\" width=\"477\">37 Pedro de Alcantara Rodrigues<\/td>\n<td valign=\"top\" width=\"165\">1063-4i<\/td>\n<\/tr>\n<tr>\n<td valign=\"top\" width=\"477\">38 Renato Bergo<\/td>\n<td valign=\"top\" width=\"165\">1147-9i<\/td>\n<\/tr>\n<tr>\n<td valign=\"top\" width=\"477\">39\u00a0 Thales Onofri de Oliveira<\/td>\n<td valign=\"top\" width=\"165\">1284-7i<\/td>\n<\/tr>\n<tr>\n<td valign=\"top\" width=\"477\">40 Waldemar Victor Miranda<\/td>\n<td valign=\"top\" width=\"165\">1758-2i<\/td>\n<\/tr>\n<\/tbody>\n<\/table>\n<p>B\u00a0 &#8211;\u00a0 PARA A DIRETORIA:<\/p>\n<table border=\"0\" cellspacing=\"0\" cellpadding=\"0\">\n<tbody>\n<tr>\n<td valign=\"top\" width=\"478\">Nome:<\/td>\n<td valign=\"top\" width=\"165\">Cota:<\/td>\n<\/tr>\n<tr>\n<td valign=\"top\" width=\"478\">Presidente: Geovani Oliveira Magalh\u00e3es<\/td>\n<td valign=\"top\" width=\"165\">1691-8<\/td>\n<\/tr>\n<tr>\n<td valign=\"top\" width=\"478\">1\u00ba Vice-Presidente: Marcelo Pinheiro de Figueiredo<\/td>\n<td valign=\"top\" width=\"165\">1578-4<\/td>\n<\/tr>\n<tr>\n<td valign=\"top\" width=\"478\">2\u00ba Vice-presidente: Paulo M\u00e1rcio Fiuza Palmela<\/td>\n<td valign=\"top\" width=\"165\">1172-7<\/td>\n<\/tr>\n<tr>\n<td valign=\"top\" width=\"478\">Vice-Presid. Finan\u00e7as Planej.: Fernando Alfredo Burle Drummond<\/td>\n<td valign=\"top\" width=\"165\">0746-3<\/td>\n<\/tr>\n<tr>\n<td valign=\"top\" width=\"478\">Tesoureiro: Jos\u00e9 Rodolfo de Castro Toledo<\/td>\n<td valign=\"top\" width=\"165\">1359-5<\/td>\n<\/tr>\n<tr>\n<td valign=\"top\" width=\"478\">1\u00aa Secret\u00e1ria: Maria Aparecida Pessoa Franco Ferreira<\/td>\n<td valign=\"top\" width=\"165\">0760-9<\/td>\n<\/tr>\n<tr>\n<td valign=\"top\" width=\"478\">2\u00ba Secret\u00e1rio: Bernardo Lipovetsky<\/td>\n<td valign=\"top\" width=\"165\">0898-2i<\/td>\n<\/tr>\n<\/tbody>\n<\/table>\n<p>&nbsp;<\/p>\n<p>C\u00a0 &#8211;\u00a0 PARA O CONSELHO FISCAL:<\/p>\n<p>Membros efetivos:<\/p>\n<table border=\"0\" cellspacing=\"0\" cellpadding=\"0\">\n<tbody>\n<tr>\n<td valign=\"top\" width=\"477\">Nome:<\/td>\n<td valign=\"top\" width=\"166\">Cota:<\/td>\n<\/tr>\n<tr>\n<td valign=\"top\" width=\"477\">Jo\u00e3o Flor\u00eancio de Barros<\/td>\n<td valign=\"top\" width=\"166\">1336-6i<\/td>\n<\/tr>\n<tr>\n<td valign=\"top\" width=\"477\">Jos\u00e9\u00a0 Roberto Andrade<\/td>\n<td valign=\"top\" width=\"166\">0288-7i<\/td>\n<\/tr>\n<tr>\n<td valign=\"top\" width=\"477\">Alcione Vaz de Assis<\/td>\n<td valign=\"top\" width=\"166\">0124-4<\/td>\n<\/tr>\n<\/tbody>\n<\/table>\n<p>&nbsp;<\/p>\n<p>Membros suplentes:<\/p>\n<table border=\"0\" cellspacing=\"0\" cellpadding=\"0\">\n<tbody>\n<tr>\n<td valign=\"top\" width=\"476\"><span style=\"color: #333333; font-family: 'normal Arial', Helvetica, sans-serif;\"><span style=\"font-size: 12px; line-height: 20px;\">Nome:<\/span><\/span><\/td>\n<td valign=\"top\" width=\"167\"><span style=\"color: #333333; font-family: 'normal Arial', Helvetica, sans-serif;\"><span style=\"font-size: 12px; line-height: 20px;\">Cota:<\/span><\/span><\/td>\n<\/tr>\n<tr>\n<td valign=\"top\" width=\"476\"><span style=\"color: #333333; font-family: 'normal Arial', Helvetica, sans-serif;\"><span style=\"font-size: 12px; line-height: 20px;\">Rodrigo da Rocha Rodrigues<\/span><\/span><\/td>\n<td valign=\"top\" width=\"167\"><span style=\"color: #333333; font-family: 'normal Arial', Helvetica, sans-serif;\"><span style=\"font-size: 12px; line-height: 20px;\">1102-9i<\/span><\/span><\/td>\n<\/tr>\n<tr>\n<td valign=\"top\" width=\"476\"><span style=\"color: #333333; font-family: 'normal Arial', Helvetica, sans-serif;\"><span style=\"font-size: 12px; line-height: 20px;\">Jos\u00e9 Maur\u00edcio Resende<\/span><\/span><\/td>\n<td valign=\"top\" width=\"167\"><span style=\"color: #333333; font-family: 'normal Arial', Helvetica, sans-serif;\"><span style=\"font-size: 12px; line-height: 20px;\">0874-5<\/span><\/span><\/td>\n<\/tr>\n<tr>\n<td valign=\"top\" width=\"476\"><span style=\"color: #333333; font-family: 'normal Arial', Helvetica, sans-serif;\"><span style=\"font-size: 12px; line-height: 20px;\">Ant\u00f4nio Carlos Morato<\/span><\/span><\/td>\n<td valign=\"top\" width=\"167\"><span style=\"color: #333333; font-family: 'normal Arial', Helvetica, sans-serif;\"><span style=\"font-size: 12px; line-height: 20px;\">1452-4<\/span><\/span><\/td>\n<\/tr>\n<\/tbody>\n<\/table>\n","protected":false},"excerpt":{"rendered":"<p>A Chapa UNI\u00c3O PARA O NOVO BARROCA foi eleita e administrar\u00e1 o Barroca T\u00eanis Clube durante o tri\u00eanio 2013-2015. A elei\u00e7\u00e3o aconteceu no dia 11 de mar\u00e7o e foi aberta a todos os s\u00f3cios propriet\u00e1rios do Clube. Foram eleitos membros da Diretoria, do Conselho Deliberativo e do Conselho Fiscal. Confira os eleitos: A\u00a0 &#8211;\u00a0 PARA [&hellip;]<\/p>\n","protected":false},"author":1,"featured_media":2570,"comment_status":"open","ping_status":"open","sticky":false,"template":"","format":"standard","meta":{"_acf_changed":false,"footnotes":""},"categories":[29],"tags":[21,19],"class_list":["post-2567","post","type-post","status-publish","format-standard","has-post-thumbnail","hentry","category-barroca","tag-barroca","tag-destaques"],"acf":[],"yoast_head":"<!-- This site is optimized with the Yoast SEO plugin v27.9 - https:\/\/yoast.com\/product\/yoast-seo-wordpress\/ -->\n<title>Diretores, Conselheiros Deliberativos e Conselheiros Fiscais s\u00e3o eleitos - Barroca T\u00eanis Clube<\/title>\n<meta name=\"robots\" content=\"index, follow, max-snippet:-1, max-image-preview:large, max-video-preview:-1\" \/>\n<link rel=\"canonical\" href=\"https:\/\/barroca.com.br\/site\/diretores-conselheiros-deliberativos-e-conselheiros-fiscais-sao-eleitos\/\" \/>\n<meta property=\"og:locale\" content=\"pt_BR\" \/>\n<meta property=\"og:type\" content=\"article\" \/>\n<meta property=\"og:title\" content=\"Diretores, Conselheiros Deliberativos e Conselheiros Fiscais s\u00e3o eleitos - Barroca T\u00eanis Clube\" \/>\n<meta property=\"og:description\" content=\"A Chapa UNI\u00c3O PARA O NOVO BARROCA foi eleita e administrar\u00e1 o Barroca T\u00eanis Clube durante o tri\u00eanio 2013-2015. A elei\u00e7\u00e3o aconteceu no dia 11 de mar\u00e7o e foi aberta a todos os s\u00f3cios propriet\u00e1rios do Clube. Foram eleitos membros da Diretoria, do Conselho Deliberativo e do Conselho Fiscal. Confira os eleitos: A\u00a0 &#8211;\u00a0 PARA [&hellip;]\" \/>\n<meta property=\"og:url\" content=\"https:\/\/barroca.com.br\/site\/diretores-conselheiros-deliberativos-e-conselheiros-fiscais-sao-eleitos\/\" \/>\n<meta property=\"og:site_name\" content=\"Barroca T\u00eanis Clube\" \/>\n<meta property=\"article:published_time\" content=\"2013-03-13T17:59:11+00:00\" \/>\n<meta property=\"og:image\" content=\"https:\/\/barroca.com.br\/site\/wp-content\/uploads\/2013\/02\/barroca.jpg\" \/>\n\t<meta property=\"og:image:width\" content=\"400\" \/>\n\t<meta property=\"og:image:height\" content=\"538\" \/>\n\t<meta property=\"og:image:type\" content=\"image\/jpeg\" \/>\n<meta name=\"author\" content=\"admin\" \/>\n<meta name=\"twitter:card\" content=\"summary_large_image\" \/>\n<meta name=\"twitter:label1\" content=\"Escrito por\" \/>\n\t<meta name=\"twitter:data1\" content=\"admin\" \/>\n\t<meta name=\"twitter:label2\" content=\"Est. tempo de leitura\" \/>\n\t<meta name=\"twitter:data2\" content=\"2 minutos\" \/>\n<script type=\"application\/ld+json\" class=\"yoast-schema-graph\">{\"@context\":\"https:\\\/\\\/schema.org\",\"@graph\":[{\"@type\":\"Article\",\"@id\":\"https:\\\/\\\/barroca.com.br\\\/site\\\/diretores-conselheiros-deliberativos-e-conselheiros-fiscais-sao-eleitos\\\/#article\",\"isPartOf\":{\"@id\":\"https:\\\/\\\/barroca.com.br\\\/site\\\/diretores-conselheiros-deliberativos-e-conselheiros-fiscais-sao-eleitos\\\/\"},\"author\":{\"name\":\"admin\",\"@id\":\"https:\\\/\\\/barroca.com.br\\\/site\\\/#\\\/schema\\\/person\\\/4bd3687d5c267a5c16eebc047aec4c87\"},\"headline\":\"Diretores, Conselheiros Deliberativos e Conselheiros Fiscais s\u00e3o eleitos\",\"datePublished\":\"2013-03-13T17:59:11+00:00\",\"mainEntityOfPage\":{\"@id\":\"https:\\\/\\\/barroca.com.br\\\/site\\\/diretores-conselheiros-deliberativos-e-conselheiros-fiscais-sao-eleitos\\\/\"},\"wordCount\":405,\"commentCount\":0,\"image\":{\"@id\":\"https:\\\/\\\/barroca.com.br\\\/site\\\/diretores-conselheiros-deliberativos-e-conselheiros-fiscais-sao-eleitos\\\/#primaryimage\"},\"thumbnailUrl\":\"https:\\\/\\\/barroca.com.br\\\/site\\\/wp-content\\\/uploads\\\/2013\\\/02\\\/barroca.jpg\",\"keywords\":[\"Barroca\",\"Destaques\"],\"articleSection\":[\"Barroca\"],\"inLanguage\":\"pt-BR\",\"potentialAction\":[{\"@type\":\"CommentAction\",\"name\":\"Comment\",\"target\":[\"https:\\\/\\\/barroca.com.br\\\/site\\\/diretores-conselheiros-deliberativos-e-conselheiros-fiscais-sao-eleitos\\\/#respond\"]}]},{\"@type\":\"WebPage\",\"@id\":\"https:\\\/\\\/barroca.com.br\\\/site\\\/diretores-conselheiros-deliberativos-e-conselheiros-fiscais-sao-eleitos\\\/\",\"url\":\"https:\\\/\\\/barroca.com.br\\\/site\\\/diretores-conselheiros-deliberativos-e-conselheiros-fiscais-sao-eleitos\\\/\",\"name\":\"Diretores, Conselheiros Deliberativos e Conselheiros Fiscais s\u00e3o eleitos - Barroca T\u00eanis Clube\",\"isPartOf\":{\"@id\":\"https:\\\/\\\/barroca.com.br\\\/site\\\/#website\"},\"primaryImageOfPage\":{\"@id\":\"https:\\\/\\\/barroca.com.br\\\/site\\\/diretores-conselheiros-deliberativos-e-conselheiros-fiscais-sao-eleitos\\\/#primaryimage\"},\"image\":{\"@id\":\"https:\\\/\\\/barroca.com.br\\\/site\\\/diretores-conselheiros-deliberativos-e-conselheiros-fiscais-sao-eleitos\\\/#primaryimage\"},\"thumbnailUrl\":\"https:\\\/\\\/barroca.com.br\\\/site\\\/wp-content\\\/uploads\\\/2013\\\/02\\\/barroca.jpg\",\"datePublished\":\"2013-03-13T17:59:11+00:00\",\"author\":{\"@id\":\"https:\\\/\\\/barroca.com.br\\\/site\\\/#\\\/schema\\\/person\\\/4bd3687d5c267a5c16eebc047aec4c87\"},\"breadcrumb\":{\"@id\":\"https:\\\/\\\/barroca.com.br\\\/site\\\/diretores-conselheiros-deliberativos-e-conselheiros-fiscais-sao-eleitos\\\/#breadcrumb\"},\"inLanguage\":\"pt-BR\",\"potentialAction\":[{\"@type\":\"ReadAction\",\"target\":[\"https:\\\/\\\/barroca.com.br\\\/site\\\/diretores-conselheiros-deliberativos-e-conselheiros-fiscais-sao-eleitos\\\/\"]}]},{\"@type\":\"ImageObject\",\"inLanguage\":\"pt-BR\",\"@id\":\"https:\\\/\\\/barroca.com.br\\\/site\\\/diretores-conselheiros-deliberativos-e-conselheiros-fiscais-sao-eleitos\\\/#primaryimage\",\"url\":\"https:\\\/\\\/barroca.com.br\\\/site\\\/wp-content\\\/uploads\\\/2013\\\/02\\\/barroca.jpg\",\"contentUrl\":\"https:\\\/\\\/barroca.com.br\\\/site\\\/wp-content\\\/uploads\\\/2013\\\/02\\\/barroca.jpg\",\"width\":400,\"height\":538},{\"@type\":\"BreadcrumbList\",\"@id\":\"https:\\\/\\\/barroca.com.br\\\/site\\\/diretores-conselheiros-deliberativos-e-conselheiros-fiscais-sao-eleitos\\\/#breadcrumb\",\"itemListElement\":[{\"@type\":\"ListItem\",\"position\":1,\"name\":\"Home\",\"item\":\"https:\\\/\\\/barroca.com.br\\\/site\\\/\"},{\"@type\":\"ListItem\",\"position\":2,\"name\":\"Diretores, Conselheiros Deliberativos e Conselheiros Fiscais s\u00e3o eleitos\"}]},{\"@type\":\"WebSite\",\"@id\":\"https:\\\/\\\/barroca.com.br\\\/site\\\/#website\",\"url\":\"https:\\\/\\\/barroca.com.br\\\/site\\\/\",\"name\":\"Barroca T\u00eanis Clube\",\"description\":\"\",\"potentialAction\":[{\"@type\":\"SearchAction\",\"target\":{\"@type\":\"EntryPoint\",\"urlTemplate\":\"https:\\\/\\\/barroca.com.br\\\/site\\\/?s={search_term_string}\"},\"query-input\":{\"@type\":\"PropertyValueSpecification\",\"valueRequired\":true,\"valueName\":\"search_term_string\"}}],\"inLanguage\":\"pt-BR\"},{\"@type\":\"Person\",\"@id\":\"https:\\\/\\\/barroca.com.br\\\/site\\\/#\\\/schema\\\/person\\\/4bd3687d5c267a5c16eebc047aec4c87\",\"name\":\"admin\",\"image\":{\"@type\":\"ImageObject\",\"inLanguage\":\"pt-BR\",\"@id\":\"https:\\\/\\\/secure.gravatar.com\\\/avatar\\\/2f804b64370abb1c325d1a425a3701ad3e11f373042be8a0ecf9f97248534775?s=96&d=mm&r=g\",\"url\":\"https:\\\/\\\/secure.gravatar.com\\\/avatar\\\/2f804b64370abb1c325d1a425a3701ad3e11f373042be8a0ecf9f97248534775?s=96&d=mm&r=g\",\"contentUrl\":\"https:\\\/\\\/secure.gravatar.com\\\/avatar\\\/2f804b64370abb1c325d1a425a3701ad3e11f373042be8a0ecf9f97248534775?s=96&d=mm&r=g\",\"caption\":\"admin\"},\"sameAs\":[\"http:\\\/\\\/barroca.com.br\\\/site\"],\"url\":\"https:\\\/\\\/barroca.com.br\\\/site\\\/author\\\/admin\\\/\"}]}<\/script>\n<!-- \/ Yoast SEO plugin. -->","yoast_head_json":{"title":"Diretores, Conselheiros Deliberativos e Conselheiros Fiscais s\u00e3o eleitos - Barroca T\u00eanis Clube","robots":{"index":"index","follow":"follow","max-snippet":"max-snippet:-1","max-image-preview":"max-image-preview:large","max-video-preview":"max-video-preview:-1"},"canonical":"https:\/\/barroca.com.br\/site\/diretores-conselheiros-deliberativos-e-conselheiros-fiscais-sao-eleitos\/","og_locale":"pt_BR","og_type":"article","og_title":"Diretores, Conselheiros Deliberativos e Conselheiros Fiscais s\u00e3o eleitos - Barroca T\u00eanis Clube","og_description":"A Chapa UNI\u00c3O PARA O NOVO BARROCA foi eleita e administrar\u00e1 o Barroca T\u00eanis Clube durante o tri\u00eanio 2013-2015. A elei\u00e7\u00e3o aconteceu no dia 11 de mar\u00e7o e foi aberta a todos os s\u00f3cios propriet\u00e1rios do Clube. Foram eleitos membros da Diretoria, do Conselho Deliberativo e do Conselho Fiscal. Confira os eleitos: A\u00a0 &#8211;\u00a0 PARA [&hellip;]","og_url":"https:\/\/barroca.com.br\/site\/diretores-conselheiros-deliberativos-e-conselheiros-fiscais-sao-eleitos\/","og_site_name":"Barroca T\u00eanis Clube","article_published_time":"2013-03-13T17:59:11+00:00","og_image":[{"width":400,"height":538,"url":"https:\/\/barroca.com.br\/site\/wp-content\/uploads\/2013\/02\/barroca.jpg","type":"image\/jpeg"}],"author":"admin","twitter_card":"summary_large_image","twitter_misc":{"Escrito por":"admin","Est. tempo de leitura":"2 minutos"},"schema":{"@context":"https:\/\/schema.org","@graph":[{"@type":"Article","@id":"https:\/\/barroca.com.br\/site\/diretores-conselheiros-deliberativos-e-conselheiros-fiscais-sao-eleitos\/#article","isPartOf":{"@id":"https:\/\/barroca.com.br\/site\/diretores-conselheiros-deliberativos-e-conselheiros-fiscais-sao-eleitos\/"},"author":{"name":"admin","@id":"https:\/\/barroca.com.br\/site\/#\/schema\/person\/4bd3687d5c267a5c16eebc047aec4c87"},"headline":"Diretores, Conselheiros Deliberativos e Conselheiros Fiscais s\u00e3o eleitos","datePublished":"2013-03-13T17:59:11+00:00","mainEntityOfPage":{"@id":"https:\/\/barroca.com.br\/site\/diretores-conselheiros-deliberativos-e-conselheiros-fiscais-sao-eleitos\/"},"wordCount":405,"commentCount":0,"image":{"@id":"https:\/\/barroca.com.br\/site\/diretores-conselheiros-deliberativos-e-conselheiros-fiscais-sao-eleitos\/#primaryimage"},"thumbnailUrl":"https:\/\/barroca.com.br\/site\/wp-content\/uploads\/2013\/02\/barroca.jpg","keywords":["Barroca","Destaques"],"articleSection":["Barroca"],"inLanguage":"pt-BR","potentialAction":[{"@type":"CommentAction","name":"Comment","target":["https:\/\/barroca.com.br\/site\/diretores-conselheiros-deliberativos-e-conselheiros-fiscais-sao-eleitos\/#respond"]}]},{"@type":"WebPage","@id":"https:\/\/barroca.com.br\/site\/diretores-conselheiros-deliberativos-e-conselheiros-fiscais-sao-eleitos\/","url":"https:\/\/barroca.com.br\/site\/diretores-conselheiros-deliberativos-e-conselheiros-fiscais-sao-eleitos\/","name":"Diretores, Conselheiros Deliberativos e Conselheiros Fiscais s\u00e3o eleitos - Barroca T\u00eanis Clube","isPartOf":{"@id":"https:\/\/barroca.com.br\/site\/#website"},"primaryImageOfPage":{"@id":"https:\/\/barroca.com.br\/site\/diretores-conselheiros-deliberativos-e-conselheiros-fiscais-sao-eleitos\/#primaryimage"},"image":{"@id":"https:\/\/barroca.com.br\/site\/diretores-conselheiros-deliberativos-e-conselheiros-fiscais-sao-eleitos\/#primaryimage"},"thumbnailUrl":"https:\/\/barroca.com.br\/site\/wp-content\/uploads\/2013\/02\/barroca.jpg","datePublished":"2013-03-13T17:59:11+00:00","author":{"@id":"https:\/\/barroca.com.br\/site\/#\/schema\/person\/4bd3687d5c267a5c16eebc047aec4c87"},"breadcrumb":{"@id":"https:\/\/barroca.com.br\/site\/diretores-conselheiros-deliberativos-e-conselheiros-fiscais-sao-eleitos\/#breadcrumb"},"inLanguage":"pt-BR","potentialAction":[{"@type":"ReadAction","target":["https:\/\/barroca.com.br\/site\/diretores-conselheiros-deliberativos-e-conselheiros-fiscais-sao-eleitos\/"]}]},{"@type":"ImageObject","inLanguage":"pt-BR","@id":"https:\/\/barroca.com.br\/site\/diretores-conselheiros-deliberativos-e-conselheiros-fiscais-sao-eleitos\/#primaryimage","url":"https:\/\/barroca.com.br\/site\/wp-content\/uploads\/2013\/02\/barroca.jpg","contentUrl":"https:\/\/barroca.com.br\/site\/wp-content\/uploads\/2013\/02\/barroca.jpg","width":400,"height":538},{"@type":"BreadcrumbList","@id":"https:\/\/barroca.com.br\/site\/diretores-conselheiros-deliberativos-e-conselheiros-fiscais-sao-eleitos\/#breadcrumb","itemListElement":[{"@type":"ListItem","position":1,"name":"Home","item":"https:\/\/barroca.com.br\/site\/"},{"@type":"ListItem","position":2,"name":"Diretores, Conselheiros Deliberativos e Conselheiros Fiscais s\u00e3o eleitos"}]},{"@type":"WebSite","@id":"https:\/\/barroca.com.br\/site\/#website","url":"https:\/\/barroca.com.br\/site\/","name":"Barroca T\u00eanis Clube","description":"","potentialAction":[{"@type":"SearchAction","target":{"@type":"EntryPoint","urlTemplate":"https:\/\/barroca.com.br\/site\/?s={search_term_string}"},"query-input":{"@type":"PropertyValueSpecification","valueRequired":true,"valueName":"search_term_string"}}],"inLanguage":"pt-BR"},{"@type":"Person","@id":"https:\/\/barroca.com.br\/site\/#\/schema\/person\/4bd3687d5c267a5c16eebc047aec4c87","name":"admin","image":{"@type":"ImageObject","inLanguage":"pt-BR","@id":"https:\/\/secure.gravatar.com\/avatar\/2f804b64370abb1c325d1a425a3701ad3e11f373042be8a0ecf9f97248534775?s=96&d=mm&r=g","url":"https:\/\/secure.gravatar.com\/avatar\/2f804b64370abb1c325d1a425a3701ad3e11f373042be8a0ecf9f97248534775?s=96&d=mm&r=g","contentUrl":"https:\/\/secure.gravatar.com\/avatar\/2f804b64370abb1c325d1a425a3701ad3e11f373042be8a0ecf9f97248534775?s=96&d=mm&r=g","caption":"admin"},"sameAs":["http:\/\/barroca.com.br\/site"],"url":"https:\/\/barroca.com.br\/site\/author\/admin\/"}]}},"_links":{"self":[{"href":"https:\/\/barroca.com.br\/site\/wp-json\/wp\/v2\/posts\/2567","targetHints":{"allow":["GET"]}}],"collection":[{"href":"https:\/\/barroca.com.br\/site\/wp-json\/wp\/v2\/posts"}],"about":[{"href":"https:\/\/barroca.com.br\/site\/wp-json\/wp\/v2\/types\/post"}],"author":[{"embeddable":true,"href":"https:\/\/barroca.com.br\/site\/wp-json\/wp\/v2\/users\/1"}],"replies":[{"embeddable":true,"href":"https:\/\/barroca.com.br\/site\/wp-json\/wp\/v2\/comments?post=2567"}],"version-history":[{"count":0,"href":"https:\/\/barroca.com.br\/site\/wp-json\/wp\/v2\/posts\/2567\/revisions"}],"wp:featuredmedia":[{"embeddable":true,"href":"https:\/\/barroca.com.br\/site\/wp-json\/wp\/v2\/media\/2570"}],"wp:attachment":[{"href":"https:\/\/barroca.com.br\/site\/wp-json\/wp\/v2\/media?parent=2567"}],"wp:term":[{"taxonomy":"category","embeddable":true,"href":"https:\/\/barroca.com.br\/site\/wp-json\/wp\/v2\/categories?post=2567"},{"taxonomy":"post_tag","embeddable":true,"href":"https:\/\/barroca.com.br\/site\/wp-json\/wp\/v2\/tags?post=2567"}],"curies":[{"name":"wp","href":"https:\/\/api.w.org\/{rel}","templated":true}]}}