{"id":2548,"date":"2013-02-07T15:04:23","date_gmt":"2013-02-07T18:04:23","guid":{"rendered":"http:\/\/barroca.com.br\/site\/?p=2548"},"modified":"2013-02-07T15:04:23","modified_gmt":"2013-02-07T18:04:23","slug":"funcionamento-no-carnaval-2013","status":"publish","type":"post","link":"https:\/\/barroca.com.br\/site\/funcionamento-no-carnaval-2013\/","title":{"rendered":"Funcionamento no Carnaval 2013"},"content":{"rendered":"<h2>Aten\u00e7\u00e3o para os hor\u00e1rios de funcionamento do Barroca T\u00eanis Clube no Carnaval 2013<\/h2>\n<p><strong>\u00c1rea de lazer<\/strong><br \/>\nSegunda-feira (11\/02) \u2013 Aberto das 7h \u00e0s 18h<br \/>\nTer\u00e7a-feira (12\/02) \u2013 Aberto das 7h \u00e0s 18h<br \/>\nQuarta-feira (13\/02) \u2013 Fechada<\/p>\n<p><strong>Secretaria Administrativa<\/strong><br \/>\nSegunda-feira (11\/02) \u2013 Fechada<br \/>\nTer\u00e7a-feira (12\/02) \u2013 Fechada<br \/>\nQuarta-feira (13\/02) \u2013 Normal<\/p>\n<p><strong>Sauna Masculina<\/strong><br \/>\nSegunda-feira (11\/02) \u2013 Aberta das 10h \u00e0s 17h<br \/>\nTer\u00e7a-feira (12\/02) \u2013 Aberta das 10h \u00e0s 17h<br \/>\nQuarta-feira (13\/02) \u2013 Aberta das 18h \u00e0s 21h<\/p>\n<p><strong>Sauna feminina<\/strong><br \/>\nSegunda-feira (11\/02) \u2013 Aberta das 10h \u00e0s 17h<br \/>\nTer\u00e7a-feira (12\/02) \u2013 Aberta das 10h \u00e0s 17h<br \/>\nQuarta-feira (13\/02) \u2013 Fechada<\/p>\n<p><strong>Biblioteca<\/strong><br \/>\nSegunda-feira (11\/02) \u2013 Fechada<br \/>\nTer\u00e7a-feira (12\/02) \u2013 Fechada<br \/>\nQuarta-feira (13\/02) \u2013 Fechada    \t<\/p>\n","protected":false},"excerpt":{"rendered":"<p>Aten\u00e7\u00e3o para os hor\u00e1rios de funcionamento do Barroca T\u00eanis Clube no Carnaval 2013 \u00c1rea de lazer Segunda-feira (11\/02) \u2013 Aberto das 7h \u00e0s 18h Ter\u00e7a-feira (12\/02) \u2013 Aberto das 7h \u00e0s 18h Quarta-feira (13\/02) \u2013 Fechada Secretaria Administrativa Segunda-feira (11\/02) \u2013 Fechada Ter\u00e7a-feira (12\/02) \u2013 Fechada Quarta-feira (13\/02) \u2013 Normal Sauna Masculina Segunda-feira (11\/02) \u2013 [&hellip;]<\/p>\n","protected":false},"author":1,"featured_media":2258,"comment_status":"open","ping_status":"open","sticky":false,"template":"","format":"standard","meta":{"_acf_changed":false,"footnotes":""},"categories":[29,35],"tags":[21,43],"class_list":["post-2548","post","type-post","status-publish","format-standard","has-post-thumbnail","hentry","category-barroca","category-btc-informa","tag-barroca","tag-btc-informa"],"acf":[],"yoast_head":"<!-- This site is optimized with the Yoast SEO plugin v27.9 - https:\/\/yoast.com\/product\/yoast-seo-wordpress\/ -->\n<title>Funcionamento no Carnaval 2013 - Barroca T\u00eanis Clube<\/title>\n<meta name=\"robots\" content=\"index, follow, max-snippet:-1, max-image-preview:large, max-video-preview:-1\" \/>\n<link rel=\"canonical\" href=\"https:\/\/barroca.com.br\/site\/funcionamento-no-carnaval-2013\/\" \/>\n<meta property=\"og:locale\" content=\"pt_BR\" \/>\n<meta property=\"og:type\" content=\"article\" \/>\n<meta property=\"og:title\" content=\"Funcionamento no Carnaval 2013 - Barroca T\u00eanis Clube\" \/>\n<meta property=\"og:description\" content=\"Aten\u00e7\u00e3o para os hor\u00e1rios de funcionamento do Barroca T\u00eanis Clube no Carnaval 2013 \u00c1rea de lazer Segunda-feira (11\/02) \u2013 Aberto das 7h \u00e0s 18h Ter\u00e7a-feira (12\/02) \u2013 Aberto das 7h \u00e0s 18h Quarta-feira (13\/02) \u2013 Fechada Secretaria Administrativa Segunda-feira (11\/02) \u2013 Fechada Ter\u00e7a-feira (12\/02) \u2013 Fechada Quarta-feira (13\/02) \u2013 Normal Sauna Masculina Segunda-feira (11\/02) \u2013 [&hellip;]\" \/>\n<meta property=\"og:url\" content=\"https:\/\/barroca.com.br\/site\/funcionamento-no-carnaval-2013\/\" \/>\n<meta property=\"og:site_name\" content=\"Barroca T\u00eanis Clube\" \/>\n<meta property=\"article:published_time\" content=\"2013-02-07T18:04:23+00:00\" \/>\n<meta property=\"og:image\" content=\"https:\/\/barroca.com.br\/site\/wp-content\/uploads\/2012\/03\/barroca-informa.jpg\" \/>\n\t<meta property=\"og:image:width\" content=\"310\" \/>\n\t<meta property=\"og:image:height\" content=\"320\" \/>\n\t<meta property=\"og:image:type\" content=\"image\/jpeg\" \/>\n<meta name=\"author\" content=\"admin\" \/>\n<meta name=\"twitter:card\" content=\"summary_large_image\" \/>\n<meta name=\"twitter:label1\" content=\"Escrito por\" \/>\n\t<meta name=\"twitter:data1\" content=\"admin\" \/>\n<script type=\"application\/ld+json\" class=\"yoast-schema-graph\">{\"@context\":\"https:\\\/\\\/schema.org\",\"@graph\":[{\"@type\":\"Article\",\"@id\":\"https:\\\/\\\/barroca.com.br\\\/site\\\/funcionamento-no-carnaval-2013\\\/#article\",\"isPartOf\":{\"@id\":\"https:\\\/\\\/barroca.com.br\\\/site\\\/funcionamento-no-carnaval-2013\\\/\"},\"author\":{\"name\":\"admin\",\"@id\":\"https:\\\/\\\/barroca.com.br\\\/site\\\/#\\\/schema\\\/person\\\/4bd3687d5c267a5c16eebc047aec4c87\"},\"headline\":\"Funcionamento no Carnaval 2013\",\"datePublished\":\"2013-02-07T18:04:23+00:00\",\"mainEntityOfPage\":{\"@id\":\"https:\\\/\\\/barroca.com.br\\\/site\\\/funcionamento-no-carnaval-2013\\\/\"},\"wordCount\":91,\"commentCount\":0,\"image\":{\"@id\":\"https:\\\/\\\/barroca.com.br\\\/site\\\/funcionamento-no-carnaval-2013\\\/#primaryimage\"},\"thumbnailUrl\":\"https:\\\/\\\/barroca.com.br\\\/site\\\/wp-content\\\/uploads\\\/2012\\\/03\\\/barroca-informa.jpg\",\"keywords\":[\"Barroca\",\"BTC Informa\"],\"articleSection\":[\"Barroca\",\"BTC Informa\"],\"inLanguage\":\"pt-BR\",\"potentialAction\":[{\"@type\":\"CommentAction\",\"name\":\"Comment\",\"target\":[\"https:\\\/\\\/barroca.com.br\\\/site\\\/funcionamento-no-carnaval-2013\\\/#respond\"]}]},{\"@type\":\"WebPage\",\"@id\":\"https:\\\/\\\/barroca.com.br\\\/site\\\/funcionamento-no-carnaval-2013\\\/\",\"url\":\"https:\\\/\\\/barroca.com.br\\\/site\\\/funcionamento-no-carnaval-2013\\\/\",\"name\":\"Funcionamento no Carnaval 2013 - Barroca T\u00eanis Clube\",\"isPartOf\":{\"@id\":\"https:\\\/\\\/barroca.com.br\\\/site\\\/#website\"},\"primaryImageOfPage\":{\"@id\":\"https:\\\/\\\/barroca.com.br\\\/site\\\/funcionamento-no-carnaval-2013\\\/#primaryimage\"},\"image\":{\"@id\":\"https:\\\/\\\/barroca.com.br\\\/site\\\/funcionamento-no-carnaval-2013\\\/#primaryimage\"},\"thumbnailUrl\":\"https:\\\/\\\/barroca.com.br\\\/site\\\/wp-content\\\/uploads\\\/2012\\\/03\\\/barroca-informa.jpg\",\"datePublished\":\"2013-02-07T18:04:23+00:00\",\"author\":{\"@id\":\"https:\\\/\\\/barroca.com.br\\\/site\\\/#\\\/schema\\\/person\\\/4bd3687d5c267a5c16eebc047aec4c87\"},\"breadcrumb\":{\"@id\":\"https:\\\/\\\/barroca.com.br\\\/site\\\/funcionamento-no-carnaval-2013\\\/#breadcrumb\"},\"inLanguage\":\"pt-BR\",\"potentialAction\":[{\"@type\":\"ReadAction\",\"target\":[\"https:\\\/\\\/barroca.com.br\\\/site\\\/funcionamento-no-carnaval-2013\\\/\"]}]},{\"@type\":\"ImageObject\",\"inLanguage\":\"pt-BR\",\"@id\":\"https:\\\/\\\/barroca.com.br\\\/site\\\/funcionamento-no-carnaval-2013\\\/#primaryimage\",\"url\":\"https:\\\/\\\/barroca.com.br\\\/site\\\/wp-content\\\/uploads\\\/2012\\\/03\\\/barroca-informa.jpg\",\"contentUrl\":\"https:\\\/\\\/barroca.com.br\\\/site\\\/wp-content\\\/uploads\\\/2012\\\/03\\\/barroca-informa.jpg\",\"width\":310,\"height\":320},{\"@type\":\"BreadcrumbList\",\"@id\":\"https:\\\/\\\/barroca.com.br\\\/site\\\/funcionamento-no-carnaval-2013\\\/#breadcrumb\",\"itemListElement\":[{\"@type\":\"ListItem\",\"position\":1,\"name\":\"Home\",\"item\":\"https:\\\/\\\/barroca.com.br\\\/site\\\/\"},{\"@type\":\"ListItem\",\"position\":2,\"name\":\"Funcionamento no Carnaval 2013\"}]},{\"@type\":\"WebSite\",\"@id\":\"https:\\\/\\\/barroca.com.br\\\/site\\\/#website\",\"url\":\"https:\\\/\\\/barroca.com.br\\\/site\\\/\",\"name\":\"Barroca T\u00eanis Clube\",\"description\":\"\",\"potentialAction\":[{\"@type\":\"SearchAction\",\"target\":{\"@type\":\"EntryPoint\",\"urlTemplate\":\"https:\\\/\\\/barroca.com.br\\\/site\\\/?s={search_term_string}\"},\"query-input\":{\"@type\":\"PropertyValueSpecification\",\"valueRequired\":true,\"valueName\":\"search_term_string\"}}],\"inLanguage\":\"pt-BR\"},{\"@type\":\"Person\",\"@id\":\"https:\\\/\\\/barroca.com.br\\\/site\\\/#\\\/schema\\\/person\\\/4bd3687d5c267a5c16eebc047aec4c87\",\"name\":\"admin\",\"image\":{\"@type\":\"ImageObject\",\"inLanguage\":\"pt-BR\",\"@id\":\"https:\\\/\\\/secure.gravatar.com\\\/avatar\\\/2f804b64370abb1c325d1a425a3701ad3e11f373042be8a0ecf9f97248534775?s=96&d=mm&r=g\",\"url\":\"https:\\\/\\\/secure.gravatar.com\\\/avatar\\\/2f804b64370abb1c325d1a425a3701ad3e11f373042be8a0ecf9f97248534775?s=96&d=mm&r=g\",\"contentUrl\":\"https:\\\/\\\/secure.gravatar.com\\\/avatar\\\/2f804b64370abb1c325d1a425a3701ad3e11f373042be8a0ecf9f97248534775?s=96&d=mm&r=g\",\"caption\":\"admin\"},\"sameAs\":[\"http:\\\/\\\/barroca.com.br\\\/site\"],\"url\":\"https:\\\/\\\/barroca.com.br\\\/site\\\/author\\\/admin\\\/\"}]}<\/script>\n<!-- \/ Yoast SEO plugin. -->","yoast_head_json":{"title":"Funcionamento no Carnaval 2013 - Barroca T\u00eanis Clube","robots":{"index":"index","follow":"follow","max-snippet":"max-snippet:-1","max-image-preview":"max-image-preview:large","max-video-preview":"max-video-preview:-1"},"canonical":"https:\/\/barroca.com.br\/site\/funcionamento-no-carnaval-2013\/","og_locale":"pt_BR","og_type":"article","og_title":"Funcionamento no Carnaval 2013 - Barroca T\u00eanis Clube","og_description":"Aten\u00e7\u00e3o para os hor\u00e1rios de funcionamento do Barroca T\u00eanis Clube no Carnaval 2013 \u00c1rea de lazer Segunda-feira (11\/02) \u2013 Aberto das 7h \u00e0s 18h Ter\u00e7a-feira (12\/02) \u2013 Aberto das 7h \u00e0s 18h Quarta-feira (13\/02) \u2013 Fechada Secretaria Administrativa Segunda-feira (11\/02) \u2013 Fechada Ter\u00e7a-feira (12\/02) \u2013 Fechada Quarta-feira (13\/02) \u2013 Normal Sauna Masculina Segunda-feira (11\/02) \u2013 [&hellip;]","og_url":"https:\/\/barroca.com.br\/site\/funcionamento-no-carnaval-2013\/","og_site_name":"Barroca T\u00eanis Clube","article_published_time":"2013-02-07T18:04:23+00:00","og_image":[{"width":310,"height":320,"url":"https:\/\/barroca.com.br\/site\/wp-content\/uploads\/2012\/03\/barroca-informa.jpg","type":"image\/jpeg"}],"author":"admin","twitter_card":"summary_large_image","twitter_misc":{"Escrito por":"admin"},"schema":{"@context":"https:\/\/schema.org","@graph":[{"@type":"Article","@id":"https:\/\/barroca.com.br\/site\/funcionamento-no-carnaval-2013\/#article","isPartOf":{"@id":"https:\/\/barroca.com.br\/site\/funcionamento-no-carnaval-2013\/"},"author":{"name":"admin","@id":"https:\/\/barroca.com.br\/site\/#\/schema\/person\/4bd3687d5c267a5c16eebc047aec4c87"},"headline":"Funcionamento no Carnaval 2013","datePublished":"2013-02-07T18:04:23+00:00","mainEntityOfPage":{"@id":"https:\/\/barroca.com.br\/site\/funcionamento-no-carnaval-2013\/"},"wordCount":91,"commentCount":0,"image":{"@id":"https:\/\/barroca.com.br\/site\/funcionamento-no-carnaval-2013\/#primaryimage"},"thumbnailUrl":"https:\/\/barroca.com.br\/site\/wp-content\/uploads\/2012\/03\/barroca-informa.jpg","keywords":["Barroca","BTC Informa"],"articleSection":["Barroca","BTC Informa"],"inLanguage":"pt-BR","potentialAction":[{"@type":"CommentAction","name":"Comment","target":["https:\/\/barroca.com.br\/site\/funcionamento-no-carnaval-2013\/#respond"]}]},{"@type":"WebPage","@id":"https:\/\/barroca.com.br\/site\/funcionamento-no-carnaval-2013\/","url":"https:\/\/barroca.com.br\/site\/funcionamento-no-carnaval-2013\/","name":"Funcionamento no Carnaval 2013 - Barroca T\u00eanis Clube","isPartOf":{"@id":"https:\/\/barroca.com.br\/site\/#website"},"primaryImageOfPage":{"@id":"https:\/\/barroca.com.br\/site\/funcionamento-no-carnaval-2013\/#primaryimage"},"image":{"@id":"https:\/\/barroca.com.br\/site\/funcionamento-no-carnaval-2013\/#primaryimage"},"thumbnailUrl":"https:\/\/barroca.com.br\/site\/wp-content\/uploads\/2012\/03\/barroca-informa.jpg","datePublished":"2013-02-07T18:04:23+00:00","author":{"@id":"https:\/\/barroca.com.br\/site\/#\/schema\/person\/4bd3687d5c267a5c16eebc047aec4c87"},"breadcrumb":{"@id":"https:\/\/barroca.com.br\/site\/funcionamento-no-carnaval-2013\/#breadcrumb"},"inLanguage":"pt-BR","potentialAction":[{"@type":"ReadAction","target":["https:\/\/barroca.com.br\/site\/funcionamento-no-carnaval-2013\/"]}]},{"@type":"ImageObject","inLanguage":"pt-BR","@id":"https:\/\/barroca.com.br\/site\/funcionamento-no-carnaval-2013\/#primaryimage","url":"https:\/\/barroca.com.br\/site\/wp-content\/uploads\/2012\/03\/barroca-informa.jpg","contentUrl":"https:\/\/barroca.com.br\/site\/wp-content\/uploads\/2012\/03\/barroca-informa.jpg","width":310,"height":320},{"@type":"BreadcrumbList","@id":"https:\/\/barroca.com.br\/site\/funcionamento-no-carnaval-2013\/#breadcrumb","itemListElement":[{"@type":"ListItem","position":1,"name":"Home","item":"https:\/\/barroca.com.br\/site\/"},{"@type":"ListItem","position":2,"name":"Funcionamento no Carnaval 2013"}]},{"@type":"WebSite","@id":"https:\/\/barroca.com.br\/site\/#website","url":"https:\/\/barroca.com.br\/site\/","name":"Barroca T\u00eanis Clube","description":"","potentialAction":[{"@type":"SearchAction","target":{"@type":"EntryPoint","urlTemplate":"https:\/\/barroca.com.br\/site\/?s={search_term_string}"},"query-input":{"@type":"PropertyValueSpecification","valueRequired":true,"valueName":"search_term_string"}}],"inLanguage":"pt-BR"},{"@type":"Person","@id":"https:\/\/barroca.com.br\/site\/#\/schema\/person\/4bd3687d5c267a5c16eebc047aec4c87","name":"admin","image":{"@type":"ImageObject","inLanguage":"pt-BR","@id":"https:\/\/secure.gravatar.com\/avatar\/2f804b64370abb1c325d1a425a3701ad3e11f373042be8a0ecf9f97248534775?s=96&d=mm&r=g","url":"https:\/\/secure.gravatar.com\/avatar\/2f804b64370abb1c325d1a425a3701ad3e11f373042be8a0ecf9f97248534775?s=96&d=mm&r=g","contentUrl":"https:\/\/secure.gravatar.com\/avatar\/2f804b64370abb1c325d1a425a3701ad3e11f373042be8a0ecf9f97248534775?s=96&d=mm&r=g","caption":"admin"},"sameAs":["http:\/\/barroca.com.br\/site"],"url":"https:\/\/barroca.com.br\/site\/author\/admin\/"}]}},"_links":{"self":[{"href":"https:\/\/barroca.com.br\/site\/wp-json\/wp\/v2\/posts\/2548","targetHints":{"allow":["GET"]}}],"collection":[{"href":"https:\/\/barroca.com.br\/site\/wp-json\/wp\/v2\/posts"}],"about":[{"href":"https:\/\/barroca.com.br\/site\/wp-json\/wp\/v2\/types\/post"}],"author":[{"embeddable":true,"href":"https:\/\/barroca.com.br\/site\/wp-json\/wp\/v2\/users\/1"}],"replies":[{"embeddable":true,"href":"https:\/\/barroca.com.br\/site\/wp-json\/wp\/v2\/comments?post=2548"}],"version-history":[{"count":0,"href":"https:\/\/barroca.com.br\/site\/wp-json\/wp\/v2\/posts\/2548\/revisions"}],"wp:featuredmedia":[{"embeddable":true,"href":"https:\/\/barroca.com.br\/site\/wp-json\/wp\/v2\/media\/2258"}],"wp:attachment":[{"href":"https:\/\/barroca.com.br\/site\/wp-json\/wp\/v2\/media?parent=2548"}],"wp:term":[{"taxonomy":"category","embeddable":true,"href":"https:\/\/barroca.com.br\/site\/wp-json\/wp\/v2\/categories?post=2548"},{"taxonomy":"post_tag","embeddable":true,"href":"https:\/\/barroca.com.br\/site\/wp-json\/wp\/v2\/tags?post=2548"}],"curies":[{"name":"wp","href":"https:\/\/api.w.org\/{rel}","templated":true}]}}