{"id":2410,"date":"2012-11-28T13:23:18","date_gmt":"2012-11-28T16:23:18","guid":{"rendered":"http:\/\/barroca.com.br\/site\/?p=2410"},"modified":"2012-11-28T13:23:18","modified_gmt":"2012-11-28T16:23:18","slug":"fernando-buzollo-conquista-tres-titulos-no-mineiro-de-2012","status":"publish","type":"post","link":"https:\/\/barroca.com.br\/site\/fernando-buzollo-conquista-tres-titulos-no-mineiro-de-2012\/","title":{"rendered":"Fernando Buzollo conquista tr\u00eas t\u00edtulos no Mineiro de 2012"},"content":{"rendered":"<p>O piloto Fernando Buzollo(BF RACING\/JORNAL BALC\u00c3O\/THUNDER\/BARROCA T\u00caNIS CLUBE), conquistou no \u00faltimo final de semana, em Vespasiano (MG), mais tr\u00eas importantes t\u00edtulos para sua galeria e hist\u00f3ria. A festa veio final da disputa de mais uma edi\u00e7\u00e3o do Campeonato Mineiro de Kart.<\/p>\n<p>Buzollo, que no come\u00e7o do ano conquistou o GP Nacinal de Kart, competiu no mineiro em duas categorias com motoriza\u00e7\u00e3o distinta entre si, a S\u00eanior B \u2013 com motores de 125cc, dois tempos \u2013 e a F400 Master e F-400 Super , que usa propulsores de quatro tempos. Em uma delas a conquista foi dupla, na F400, j\u00e1 que o piloto mineiro venceu na divis\u00e3o Master e na F-400 SUPER, que englobava a Master e a Sprinter. J\u00e1 na S\u00eanior B, Buzollo tamb\u00e9m foi soberano e comemorou assim tr\u00eas t\u00edtulos no mineiro de 2012.<\/p>\n<p>O piloto mostrou um \u00f3timo desempenho prova a prova durante a temporada nestas duas categorias. O Campeonato Mineiro teve sete rodadas duplas ao longo do ano, o que perfazia um total de quatorze corridas com pontua\u00e7\u00e3o independente. Na S\u00eanior, das 14 corridas em disputa, Buzollo venceu oito, cinco delas consecutivas, enquanto que na F400 Master foram oito conquistas, e na F-400 SUPER, foram quatro.    \t<\/p>\n","protected":false},"excerpt":{"rendered":"<p>O piloto Fernando Buzollo(BF RACING\/JORNAL BALC\u00c3O\/THUNDER\/BARROCA T\u00caNIS CLUBE), conquistou no \u00faltimo final de semana, em Vespasiano (MG), mais tr\u00eas importantes t\u00edtulos para sua galeria e hist\u00f3ria. A festa veio final da disputa de mais uma edi\u00e7\u00e3o do Campeonato Mineiro de Kart. Buzollo, que no come\u00e7o do ano conquistou o GP Nacinal de Kart, competiu no [&hellip;]<\/p>\n","protected":false},"author":1,"featured_media":2411,"comment_status":"open","ping_status":"open","sticky":false,"template":"","format":"standard","meta":{"_acf_changed":false,"footnotes":""},"categories":[29,24],"tags":[21,19],"class_list":["post-2410","post","type-post","status-publish","format-standard","has-post-thumbnail","hentry","category-barroca","category-esportes","tag-barroca","tag-destaques"],"acf":[],"yoast_head":"<!-- This site is optimized with the Yoast SEO plugin v27.9 - https:\/\/yoast.com\/product\/yoast-seo-wordpress\/ -->\n<title>Fernando Buzollo conquista tr\u00eas t\u00edtulos no Mineiro de 2012 - Barroca T\u00eanis Clube<\/title>\n<meta name=\"robots\" content=\"index, follow, max-snippet:-1, max-image-preview:large, max-video-preview:-1\" \/>\n<link rel=\"canonical\" href=\"https:\/\/barroca.com.br\/site\/fernando-buzollo-conquista-tres-titulos-no-mineiro-de-2012\/\" \/>\n<meta property=\"og:locale\" content=\"pt_BR\" \/>\n<meta property=\"og:type\" content=\"article\" \/>\n<meta property=\"og:title\" content=\"Fernando Buzollo conquista tr\u00eas t\u00edtulos no Mineiro de 2012 - Barroca T\u00eanis Clube\" \/>\n<meta property=\"og:description\" content=\"O piloto Fernando Buzollo(BF RACING\/JORNAL BALC\u00c3O\/THUNDER\/BARROCA T\u00caNIS CLUBE), conquistou no \u00faltimo final de semana, em Vespasiano (MG), mais tr\u00eas importantes t\u00edtulos para sua galeria e hist\u00f3ria. A festa veio final da disputa de mais uma edi\u00e7\u00e3o do Campeonato Mineiro de Kart. Buzollo, que no come\u00e7o do ano conquistou o GP Nacinal de Kart, competiu no [&hellip;]\" \/>\n<meta property=\"og:url\" content=\"https:\/\/barroca.com.br\/site\/fernando-buzollo-conquista-tres-titulos-no-mineiro-de-2012\/\" \/>\n<meta property=\"og:site_name\" content=\"Barroca T\u00eanis Clube\" \/>\n<meta property=\"article:published_time\" content=\"2012-11-28T16:23:18+00:00\" \/>\n<meta property=\"og:image\" content=\"https:\/\/barroca.com.br\/site\/wp-content\/uploads\/2012\/11\/buzollo_2012.jpg\" \/>\n\t<meta property=\"og:image:width\" content=\"471\" \/>\n\t<meta property=\"og:image:height\" content=\"315\" \/>\n\t<meta property=\"og:image:type\" content=\"image\/jpeg\" \/>\n<meta name=\"author\" content=\"admin\" \/>\n<meta name=\"twitter:card\" content=\"summary_large_image\" \/>\n<meta name=\"twitter:label1\" content=\"Escrito por\" \/>\n\t<meta name=\"twitter:data1\" content=\"admin\" \/>\n\t<meta name=\"twitter:label2\" content=\"Est. tempo de leitura\" \/>\n\t<meta name=\"twitter:data2\" content=\"1 minuto\" \/>\n<script type=\"application\/ld+json\" class=\"yoast-schema-graph\">{\"@context\":\"https:\\\/\\\/schema.org\",\"@graph\":[{\"@type\":\"Article\",\"@id\":\"https:\\\/\\\/barroca.com.br\\\/site\\\/fernando-buzollo-conquista-tres-titulos-no-mineiro-de-2012\\\/#article\",\"isPartOf\":{\"@id\":\"https:\\\/\\\/barroca.com.br\\\/site\\\/fernando-buzollo-conquista-tres-titulos-no-mineiro-de-2012\\\/\"},\"author\":{\"name\":\"admin\",\"@id\":\"https:\\\/\\\/barroca.com.br\\\/site\\\/#\\\/schema\\\/person\\\/4bd3687d5c267a5c16eebc047aec4c87\"},\"headline\":\"Fernando Buzollo conquista tr\u00eas t\u00edtulos no Mineiro de 2012\",\"datePublished\":\"2012-11-28T16:23:18+00:00\",\"mainEntityOfPage\":{\"@id\":\"https:\\\/\\\/barroca.com.br\\\/site\\\/fernando-buzollo-conquista-tres-titulos-no-mineiro-de-2012\\\/\"},\"wordCount\":224,\"commentCount\":0,\"image\":{\"@id\":\"https:\\\/\\\/barroca.com.br\\\/site\\\/fernando-buzollo-conquista-tres-titulos-no-mineiro-de-2012\\\/#primaryimage\"},\"thumbnailUrl\":\"https:\\\/\\\/barroca.com.br\\\/site\\\/wp-content\\\/uploads\\\/2012\\\/11\\\/buzollo_2012.jpg\",\"keywords\":[\"Barroca\",\"Destaques\"],\"articleSection\":[\"Barroca\",\"Esportes\"],\"inLanguage\":\"pt-BR\",\"potentialAction\":[{\"@type\":\"CommentAction\",\"name\":\"Comment\",\"target\":[\"https:\\\/\\\/barroca.com.br\\\/site\\\/fernando-buzollo-conquista-tres-titulos-no-mineiro-de-2012\\\/#respond\"]}]},{\"@type\":\"WebPage\",\"@id\":\"https:\\\/\\\/barroca.com.br\\\/site\\\/fernando-buzollo-conquista-tres-titulos-no-mineiro-de-2012\\\/\",\"url\":\"https:\\\/\\\/barroca.com.br\\\/site\\\/fernando-buzollo-conquista-tres-titulos-no-mineiro-de-2012\\\/\",\"name\":\"Fernando Buzollo conquista tr\u00eas t\u00edtulos no Mineiro de 2012 - Barroca T\u00eanis Clube\",\"isPartOf\":{\"@id\":\"https:\\\/\\\/barroca.com.br\\\/site\\\/#website\"},\"primaryImageOfPage\":{\"@id\":\"https:\\\/\\\/barroca.com.br\\\/site\\\/fernando-buzollo-conquista-tres-titulos-no-mineiro-de-2012\\\/#primaryimage\"},\"image\":{\"@id\":\"https:\\\/\\\/barroca.com.br\\\/site\\\/fernando-buzollo-conquista-tres-titulos-no-mineiro-de-2012\\\/#primaryimage\"},\"thumbnailUrl\":\"https:\\\/\\\/barroca.com.br\\\/site\\\/wp-content\\\/uploads\\\/2012\\\/11\\\/buzollo_2012.jpg\",\"datePublished\":\"2012-11-28T16:23:18+00:00\",\"author\":{\"@id\":\"https:\\\/\\\/barroca.com.br\\\/site\\\/#\\\/schema\\\/person\\\/4bd3687d5c267a5c16eebc047aec4c87\"},\"breadcrumb\":{\"@id\":\"https:\\\/\\\/barroca.com.br\\\/site\\\/fernando-buzollo-conquista-tres-titulos-no-mineiro-de-2012\\\/#breadcrumb\"},\"inLanguage\":\"pt-BR\",\"potentialAction\":[{\"@type\":\"ReadAction\",\"target\":[\"https:\\\/\\\/barroca.com.br\\\/site\\\/fernando-buzollo-conquista-tres-titulos-no-mineiro-de-2012\\\/\"]}]},{\"@type\":\"ImageObject\",\"inLanguage\":\"pt-BR\",\"@id\":\"https:\\\/\\\/barroca.com.br\\\/site\\\/fernando-buzollo-conquista-tres-titulos-no-mineiro-de-2012\\\/#primaryimage\",\"url\":\"https:\\\/\\\/barroca.com.br\\\/site\\\/wp-content\\\/uploads\\\/2012\\\/11\\\/buzollo_2012.jpg\",\"contentUrl\":\"https:\\\/\\\/barroca.com.br\\\/site\\\/wp-content\\\/uploads\\\/2012\\\/11\\\/buzollo_2012.jpg\",\"width\":471,\"height\":315},{\"@type\":\"BreadcrumbList\",\"@id\":\"https:\\\/\\\/barroca.com.br\\\/site\\\/fernando-buzollo-conquista-tres-titulos-no-mineiro-de-2012\\\/#breadcrumb\",\"itemListElement\":[{\"@type\":\"ListItem\",\"position\":1,\"name\":\"Home\",\"item\":\"https:\\\/\\\/barroca.com.br\\\/site\\\/\"},{\"@type\":\"ListItem\",\"position\":2,\"name\":\"Fernando Buzollo conquista tr\u00eas t\u00edtulos no Mineiro de 2012\"}]},{\"@type\":\"WebSite\",\"@id\":\"https:\\\/\\\/barroca.com.br\\\/site\\\/#website\",\"url\":\"https:\\\/\\\/barroca.com.br\\\/site\\\/\",\"name\":\"Barroca T\u00eanis Clube\",\"description\":\"\",\"potentialAction\":[{\"@type\":\"SearchAction\",\"target\":{\"@type\":\"EntryPoint\",\"urlTemplate\":\"https:\\\/\\\/barroca.com.br\\\/site\\\/?s={search_term_string}\"},\"query-input\":{\"@type\":\"PropertyValueSpecification\",\"valueRequired\":true,\"valueName\":\"search_term_string\"}}],\"inLanguage\":\"pt-BR\"},{\"@type\":\"Person\",\"@id\":\"https:\\\/\\\/barroca.com.br\\\/site\\\/#\\\/schema\\\/person\\\/4bd3687d5c267a5c16eebc047aec4c87\",\"name\":\"admin\",\"image\":{\"@type\":\"ImageObject\",\"inLanguage\":\"pt-BR\",\"@id\":\"https:\\\/\\\/secure.gravatar.com\\\/avatar\\\/2f804b64370abb1c325d1a425a3701ad3e11f373042be8a0ecf9f97248534775?s=96&d=mm&r=g\",\"url\":\"https:\\\/\\\/secure.gravatar.com\\\/avatar\\\/2f804b64370abb1c325d1a425a3701ad3e11f373042be8a0ecf9f97248534775?s=96&d=mm&r=g\",\"contentUrl\":\"https:\\\/\\\/secure.gravatar.com\\\/avatar\\\/2f804b64370abb1c325d1a425a3701ad3e11f373042be8a0ecf9f97248534775?s=96&d=mm&r=g\",\"caption\":\"admin\"},\"sameAs\":[\"http:\\\/\\\/barroca.com.br\\\/site\"],\"url\":\"https:\\\/\\\/barroca.com.br\\\/site\\\/author\\\/admin\\\/\"}]}<\/script>\n<!-- \/ Yoast SEO plugin. -->","yoast_head_json":{"title":"Fernando Buzollo conquista tr\u00eas t\u00edtulos no Mineiro de 2012 - Barroca T\u00eanis Clube","robots":{"index":"index","follow":"follow","max-snippet":"max-snippet:-1","max-image-preview":"max-image-preview:large","max-video-preview":"max-video-preview:-1"},"canonical":"https:\/\/barroca.com.br\/site\/fernando-buzollo-conquista-tres-titulos-no-mineiro-de-2012\/","og_locale":"pt_BR","og_type":"article","og_title":"Fernando Buzollo conquista tr\u00eas t\u00edtulos no Mineiro de 2012 - Barroca T\u00eanis Clube","og_description":"O piloto Fernando Buzollo(BF RACING\/JORNAL BALC\u00c3O\/THUNDER\/BARROCA T\u00caNIS CLUBE), conquistou no \u00faltimo final de semana, em Vespasiano (MG), mais tr\u00eas importantes t\u00edtulos para sua galeria e hist\u00f3ria. A festa veio final da disputa de mais uma edi\u00e7\u00e3o do Campeonato Mineiro de Kart. Buzollo, que no come\u00e7o do ano conquistou o GP Nacinal de Kart, competiu no [&hellip;]","og_url":"https:\/\/barroca.com.br\/site\/fernando-buzollo-conquista-tres-titulos-no-mineiro-de-2012\/","og_site_name":"Barroca T\u00eanis Clube","article_published_time":"2012-11-28T16:23:18+00:00","og_image":[{"width":471,"height":315,"url":"https:\/\/barroca.com.br\/site\/wp-content\/uploads\/2012\/11\/buzollo_2012.jpg","type":"image\/jpeg"}],"author":"admin","twitter_card":"summary_large_image","twitter_misc":{"Escrito por":"admin","Est. tempo de leitura":"1 minuto"},"schema":{"@context":"https:\/\/schema.org","@graph":[{"@type":"Article","@id":"https:\/\/barroca.com.br\/site\/fernando-buzollo-conquista-tres-titulos-no-mineiro-de-2012\/#article","isPartOf":{"@id":"https:\/\/barroca.com.br\/site\/fernando-buzollo-conquista-tres-titulos-no-mineiro-de-2012\/"},"author":{"name":"admin","@id":"https:\/\/barroca.com.br\/site\/#\/schema\/person\/4bd3687d5c267a5c16eebc047aec4c87"},"headline":"Fernando Buzollo conquista tr\u00eas t\u00edtulos no Mineiro de 2012","datePublished":"2012-11-28T16:23:18+00:00","mainEntityOfPage":{"@id":"https:\/\/barroca.com.br\/site\/fernando-buzollo-conquista-tres-titulos-no-mineiro-de-2012\/"},"wordCount":224,"commentCount":0,"image":{"@id":"https:\/\/barroca.com.br\/site\/fernando-buzollo-conquista-tres-titulos-no-mineiro-de-2012\/#primaryimage"},"thumbnailUrl":"https:\/\/barroca.com.br\/site\/wp-content\/uploads\/2012\/11\/buzollo_2012.jpg","keywords":["Barroca","Destaques"],"articleSection":["Barroca","Esportes"],"inLanguage":"pt-BR","potentialAction":[{"@type":"CommentAction","name":"Comment","target":["https:\/\/barroca.com.br\/site\/fernando-buzollo-conquista-tres-titulos-no-mineiro-de-2012\/#respond"]}]},{"@type":"WebPage","@id":"https:\/\/barroca.com.br\/site\/fernando-buzollo-conquista-tres-titulos-no-mineiro-de-2012\/","url":"https:\/\/barroca.com.br\/site\/fernando-buzollo-conquista-tres-titulos-no-mineiro-de-2012\/","name":"Fernando Buzollo conquista tr\u00eas t\u00edtulos no Mineiro de 2012 - Barroca T\u00eanis Clube","isPartOf":{"@id":"https:\/\/barroca.com.br\/site\/#website"},"primaryImageOfPage":{"@id":"https:\/\/barroca.com.br\/site\/fernando-buzollo-conquista-tres-titulos-no-mineiro-de-2012\/#primaryimage"},"image":{"@id":"https:\/\/barroca.com.br\/site\/fernando-buzollo-conquista-tres-titulos-no-mineiro-de-2012\/#primaryimage"},"thumbnailUrl":"https:\/\/barroca.com.br\/site\/wp-content\/uploads\/2012\/11\/buzollo_2012.jpg","datePublished":"2012-11-28T16:23:18+00:00","author":{"@id":"https:\/\/barroca.com.br\/site\/#\/schema\/person\/4bd3687d5c267a5c16eebc047aec4c87"},"breadcrumb":{"@id":"https:\/\/barroca.com.br\/site\/fernando-buzollo-conquista-tres-titulos-no-mineiro-de-2012\/#breadcrumb"},"inLanguage":"pt-BR","potentialAction":[{"@type":"ReadAction","target":["https:\/\/barroca.com.br\/site\/fernando-buzollo-conquista-tres-titulos-no-mineiro-de-2012\/"]}]},{"@type":"ImageObject","inLanguage":"pt-BR","@id":"https:\/\/barroca.com.br\/site\/fernando-buzollo-conquista-tres-titulos-no-mineiro-de-2012\/#primaryimage","url":"https:\/\/barroca.com.br\/site\/wp-content\/uploads\/2012\/11\/buzollo_2012.jpg","contentUrl":"https:\/\/barroca.com.br\/site\/wp-content\/uploads\/2012\/11\/buzollo_2012.jpg","width":471,"height":315},{"@type":"BreadcrumbList","@id":"https:\/\/barroca.com.br\/site\/fernando-buzollo-conquista-tres-titulos-no-mineiro-de-2012\/#breadcrumb","itemListElement":[{"@type":"ListItem","position":1,"name":"Home","item":"https:\/\/barroca.com.br\/site\/"},{"@type":"ListItem","position":2,"name":"Fernando Buzollo conquista tr\u00eas t\u00edtulos no Mineiro de 2012"}]},{"@type":"WebSite","@id":"https:\/\/barroca.com.br\/site\/#website","url":"https:\/\/barroca.com.br\/site\/","name":"Barroca T\u00eanis Clube","description":"","potentialAction":[{"@type":"SearchAction","target":{"@type":"EntryPoint","urlTemplate":"https:\/\/barroca.com.br\/site\/?s={search_term_string}"},"query-input":{"@type":"PropertyValueSpecification","valueRequired":true,"valueName":"search_term_string"}}],"inLanguage":"pt-BR"},{"@type":"Person","@id":"https:\/\/barroca.com.br\/site\/#\/schema\/person\/4bd3687d5c267a5c16eebc047aec4c87","name":"admin","image":{"@type":"ImageObject","inLanguage":"pt-BR","@id":"https:\/\/secure.gravatar.com\/avatar\/2f804b64370abb1c325d1a425a3701ad3e11f373042be8a0ecf9f97248534775?s=96&d=mm&r=g","url":"https:\/\/secure.gravatar.com\/avatar\/2f804b64370abb1c325d1a425a3701ad3e11f373042be8a0ecf9f97248534775?s=96&d=mm&r=g","contentUrl":"https:\/\/secure.gravatar.com\/avatar\/2f804b64370abb1c325d1a425a3701ad3e11f373042be8a0ecf9f97248534775?s=96&d=mm&r=g","caption":"admin"},"sameAs":["http:\/\/barroca.com.br\/site"],"url":"https:\/\/barroca.com.br\/site\/author\/admin\/"}]}},"_links":{"self":[{"href":"https:\/\/barroca.com.br\/site\/wp-json\/wp\/v2\/posts\/2410","targetHints":{"allow":["GET"]}}],"collection":[{"href":"https:\/\/barroca.com.br\/site\/wp-json\/wp\/v2\/posts"}],"about":[{"href":"https:\/\/barroca.com.br\/site\/wp-json\/wp\/v2\/types\/post"}],"author":[{"embeddable":true,"href":"https:\/\/barroca.com.br\/site\/wp-json\/wp\/v2\/users\/1"}],"replies":[{"embeddable":true,"href":"https:\/\/barroca.com.br\/site\/wp-json\/wp\/v2\/comments?post=2410"}],"version-history":[{"count":0,"href":"https:\/\/barroca.com.br\/site\/wp-json\/wp\/v2\/posts\/2410\/revisions"}],"wp:featuredmedia":[{"embeddable":true,"href":"https:\/\/barroca.com.br\/site\/wp-json\/wp\/v2\/media\/2411"}],"wp:attachment":[{"href":"https:\/\/barroca.com.br\/site\/wp-json\/wp\/v2\/media?parent=2410"}],"wp:term":[{"taxonomy":"category","embeddable":true,"href":"https:\/\/barroca.com.br\/site\/wp-json\/wp\/v2\/categories?post=2410"},{"taxonomy":"post_tag","embeddable":true,"href":"https:\/\/barroca.com.br\/site\/wp-json\/wp\/v2\/tags?post=2410"}],"curies":[{"name":"wp","href":"https:\/\/api.w.org\/{rel}","templated":true}]}}