{"id":1294,"date":"2011-02-24T17:47:02","date_gmt":"2011-02-24T20:47:02","guid":{"rendered":"http:\/\/www.barrocanet.com\/site\/?p=1294"},"modified":"2011-02-24T17:47:02","modified_gmt":"2011-02-24T20:47:02","slug":"esgrima-do-barroca-participa-de-programa-da-prefeitura","status":"publish","type":"post","link":"https:\/\/barroca.com.br\/site\/esgrima-do-barroca-participa-de-programa-da-prefeitura\/","title":{"rendered":"Esgrima do Barroca participa de programa da prefeitura"},"content":{"rendered":"<p><a href=\"http:\/\/barroca.com.br\/antigo_site\/wp-content\/uploads\/2011\/02\/presidente_tratadasite2.jpg\"><img loading=\"lazy\" decoding=\"async\" class=\"alignright size-full wp-image-1295\" title=\"Kleber Castro e Carlos Moreira, professores de esgrima do BTC, Geovani Magalh\u00e3es, Vice-Presidente do Clube, Cl\u00e1udia Barsand, da prefeitura de BH, e Fernando Blaser, secret\u00e1rio municipal adjunto de esportes, durante a aula inaugural\" src=\"http:\/\/barroca.com.br\/antigo_site\/wp-content\/uploads\/2011\/02\/presidente_tratadasite2.jpg\" alt=\"\" width=\"300\" height=\"248\" \/><\/a>A Sala de Esgrima Mestre Leiria, do Barroca T\u00eanis Clube, firmou parceria com o Programa Superar, coordenado pela Secretaria Municipal Adjunta de Esportes da Prefeitura de Belo Horizonte, e iniciou uma turma exclusiva para\u00a0 esgrima em cadeira de rodas. As aulas s\u00e3o gratuitas e acontecem no Centro de Refer\u00eancia do programa (Av. Nossa Senhora de F\u00e1tima, 2.283, bairro Carlos Prates). Todo o equipamento de esgrima \u00e9 emprestado aos atletas. A aula inaugural aconteceu no dia 14 de fevereiro, j\u00e1 com 7 alunos inscritos.<\/p>\n<p><strong>Superar<\/strong><\/p>\n<p>O Programa Superar se dedica \u00e0 inclus\u00e3o das pessoas portadoras de defici\u00eancia em programas e eventos de esporte e lazer em Belo Horizonte. O Superar faz parte do Programa Esporte Para Todos, que concede desconto no Imposto sobre a Propriedade Predial e Territorial Urbana (IPTU) para clubes que estejam habilitados nos programas da prefeitura, como \u00e9 o caso do Barroca.<br \/>\n<strong>Esgrima em cadeira de rodas<br \/>\n<\/strong><br \/>\n<a href=\"http:\/\/barroca.com.br\/antigo_site\/wp-content\/uploads\/2011\/02\/combate_tratadasite2.jpg\"><img loading=\"lazy\" decoding=\"async\" class=\"alignleft size-full wp-image-1296\" title=\"Aulas pr\u00e1ticas s\u00e3o essenciais para o aprendizado e entedimento da Esgrima\" src=\"http:\/\/barroca.com.br\/antigo_site\/wp-content\/uploads\/2011\/02\/combate_tratadasite2.jpg\" alt=\"\" width=\"300\" height=\"237\" \/><\/a>A esgrima em cadeira de rodas (ECR) \u00e9 um esporte paraol\u00edmpico de longa tradi\u00e7\u00e3o, tendo sido criado em 1953 e inclu\u00eddo no programa dos Jogos Paraol\u00edmpicos desde sua primeira realiza\u00e7\u00e3o em Roma 1960. Tal como na esgrima convencional, a ECR \u00e9 praticada por homens e mulheres, admitindo provas individuais e por equipes nas modalidades de florete, espada e sabre, que s\u00e3o as diferentes armas adaptadas para o uso esportivo. Em cada uma delas o objetivo \u00e9 tocar o advers\u00e1rio com a ponta (no florete e na espada) ou com qualquer parte da l\u00e2mina (no sabre). Mas sem o risco de provocar ferimentos, pois as armas n\u00e3o s\u00e3o perfurantes nem cortantes e os atletas ainda usam equipamento completo de prote\u00e7\u00e3o, no qual se destaca a m\u00e1scara, que protege totalmente o rosto e a cabe\u00e7a do esgrimista.<\/p>\n<p>Os esgrimistas competem em cadeiras de rodas fixas ao ch\u00e3o e n\u00e3o \u00e9 permitido sair do assento da cadeira durante o combate. A ECR exige t\u00e9cnica refinada, adaptabilidade f\u00edsica, percep\u00e7\u00e3o de dist\u00e2ncia, rea\u00e7\u00f5es r\u00e1pidas, planejamento estrat\u00e9gico e profundo autocontrole.<\/p>\n<p>Os atletas s\u00e3o divididos nas categorias A, B e C. Os atletas da categoria A t\u00eam n\u00edveis maiores de for\u00e7a, mobilidade e equil\u00edbrio, enquanto os atletas da categoria C t\u00eam os n\u00edveis mais reduzidos. As competi\u00e7\u00f5es em cada categoria s\u00e3o separadas.    \t<\/p>\n","protected":false},"excerpt":{"rendered":"<p>A Sala de Esgrima Mestre Leiria, do Barroca T\u00eanis Clube, firmou parceria com o Programa Superar, coordenado pela Secretaria Municipal Adjunta de Esportes da Prefeitura de Belo Horizonte, e iniciou uma turma exclusiva para\u00a0 esgrima em cadeira de rodas. As aulas s\u00e3o gratuitas e acontecem no Centro de Refer\u00eancia do programa (Av. Nossa Senhora de [&hellip;]<\/p>\n","protected":false},"author":1,"featured_media":0,"comment_status":"open","ping_status":"open","sticky":false,"template":"","format":"standard","meta":{"_acf_changed":false,"footnotes":""},"categories":[29,24],"tags":[],"class_list":["post-1294","post","type-post","status-publish","format-standard","hentry","category-barroca","category-esportes"],"acf":[],"yoast_head":"<!-- This site is optimized with the Yoast SEO plugin v27.9 - https:\/\/yoast.com\/product\/yoast-seo-wordpress\/ -->\n<title>Esgrima do Barroca participa de programa da prefeitura - Barroca T\u00eanis Clube<\/title>\n<meta name=\"robots\" content=\"index, follow, max-snippet:-1, max-image-preview:large, max-video-preview:-1\" \/>\n<link rel=\"canonical\" href=\"https:\/\/barroca.com.br\/site\/esgrima-do-barroca-participa-de-programa-da-prefeitura\/\" \/>\n<meta property=\"og:locale\" content=\"pt_BR\" \/>\n<meta property=\"og:type\" content=\"article\" \/>\n<meta property=\"og:title\" content=\"Esgrima do Barroca participa de programa da prefeitura - Barroca T\u00eanis Clube\" \/>\n<meta property=\"og:description\" content=\"A Sala de Esgrima Mestre Leiria, do Barroca T\u00eanis Clube, firmou parceria com o Programa Superar, coordenado pela Secretaria Municipal Adjunta de Esportes da Prefeitura de Belo Horizonte, e iniciou uma turma exclusiva para\u00a0 esgrima em cadeira de rodas. As aulas s\u00e3o gratuitas e acontecem no Centro de Refer\u00eancia do programa (Av. Nossa Senhora de [&hellip;]\" \/>\n<meta property=\"og:url\" content=\"https:\/\/barroca.com.br\/site\/esgrima-do-barroca-participa-de-programa-da-prefeitura\/\" \/>\n<meta property=\"og:site_name\" content=\"Barroca T\u00eanis Clube\" \/>\n<meta property=\"article:published_time\" content=\"2011-02-24T20:47:02+00:00\" \/>\n<meta property=\"og:image\" content=\"http:\/\/barroca.com.br\/antigo_site\/wp-content\/uploads\/2011\/02\/presidente_tratadasite2.jpg\" \/>\n<meta name=\"author\" content=\"admin\" \/>\n<meta name=\"twitter:card\" content=\"summary_large_image\" \/>\n<meta name=\"twitter:label1\" content=\"Escrito por\" \/>\n\t<meta name=\"twitter:data1\" content=\"admin\" \/>\n\t<meta name=\"twitter:label2\" content=\"Est. tempo de leitura\" \/>\n\t<meta name=\"twitter:data2\" content=\"2 minutos\" \/>\n<script type=\"application\/ld+json\" class=\"yoast-schema-graph\">{\"@context\":\"https:\\\/\\\/schema.org\",\"@graph\":[{\"@type\":\"Article\",\"@id\":\"https:\\\/\\\/barroca.com.br\\\/site\\\/esgrima-do-barroca-participa-de-programa-da-prefeitura\\\/#article\",\"isPartOf\":{\"@id\":\"https:\\\/\\\/barroca.com.br\\\/site\\\/esgrima-do-barroca-participa-de-programa-da-prefeitura\\\/\"},\"author\":{\"name\":\"admin\",\"@id\":\"https:\\\/\\\/barroca.com.br\\\/site\\\/#\\\/schema\\\/person\\\/4bd3687d5c267a5c16eebc047aec4c87\"},\"headline\":\"Esgrima do Barroca participa de programa da prefeitura\",\"datePublished\":\"2011-02-24T20:47:02+00:00\",\"mainEntityOfPage\":{\"@id\":\"https:\\\/\\\/barroca.com.br\\\/site\\\/esgrima-do-barroca-participa-de-programa-da-prefeitura\\\/\"},\"wordCount\":397,\"commentCount\":0,\"image\":{\"@id\":\"https:\\\/\\\/barroca.com.br\\\/site\\\/esgrima-do-barroca-participa-de-programa-da-prefeitura\\\/#primaryimage\"},\"thumbnailUrl\":\"http:\\\/\\\/barroca.com.br\\\/antigo_site\\\/wp-content\\\/uploads\\\/2011\\\/02\\\/presidente_tratadasite2.jpg\",\"articleSection\":[\"Barroca\",\"Esportes\"],\"inLanguage\":\"pt-BR\",\"potentialAction\":[{\"@type\":\"CommentAction\",\"name\":\"Comment\",\"target\":[\"https:\\\/\\\/barroca.com.br\\\/site\\\/esgrima-do-barroca-participa-de-programa-da-prefeitura\\\/#respond\"]}]},{\"@type\":\"WebPage\",\"@id\":\"https:\\\/\\\/barroca.com.br\\\/site\\\/esgrima-do-barroca-participa-de-programa-da-prefeitura\\\/\",\"url\":\"https:\\\/\\\/barroca.com.br\\\/site\\\/esgrima-do-barroca-participa-de-programa-da-prefeitura\\\/\",\"name\":\"Esgrima do Barroca participa de programa da prefeitura - Barroca T\u00eanis Clube\",\"isPartOf\":{\"@id\":\"https:\\\/\\\/barroca.com.br\\\/site\\\/#website\"},\"primaryImageOfPage\":{\"@id\":\"https:\\\/\\\/barroca.com.br\\\/site\\\/esgrima-do-barroca-participa-de-programa-da-prefeitura\\\/#primaryimage\"},\"image\":{\"@id\":\"https:\\\/\\\/barroca.com.br\\\/site\\\/esgrima-do-barroca-participa-de-programa-da-prefeitura\\\/#primaryimage\"},\"thumbnailUrl\":\"http:\\\/\\\/barroca.com.br\\\/antigo_site\\\/wp-content\\\/uploads\\\/2011\\\/02\\\/presidente_tratadasite2.jpg\",\"datePublished\":\"2011-02-24T20:47:02+00:00\",\"author\":{\"@id\":\"https:\\\/\\\/barroca.com.br\\\/site\\\/#\\\/schema\\\/person\\\/4bd3687d5c267a5c16eebc047aec4c87\"},\"breadcrumb\":{\"@id\":\"https:\\\/\\\/barroca.com.br\\\/site\\\/esgrima-do-barroca-participa-de-programa-da-prefeitura\\\/#breadcrumb\"},\"inLanguage\":\"pt-BR\",\"potentialAction\":[{\"@type\":\"ReadAction\",\"target\":[\"https:\\\/\\\/barroca.com.br\\\/site\\\/esgrima-do-barroca-participa-de-programa-da-prefeitura\\\/\"]}]},{\"@type\":\"ImageObject\",\"inLanguage\":\"pt-BR\",\"@id\":\"https:\\\/\\\/barroca.com.br\\\/site\\\/esgrima-do-barroca-participa-de-programa-da-prefeitura\\\/#primaryimage\",\"url\":\"http:\\\/\\\/barroca.com.br\\\/antigo_site\\\/wp-content\\\/uploads\\\/2011\\\/02\\\/presidente_tratadasite2.jpg\",\"contentUrl\":\"http:\\\/\\\/barroca.com.br\\\/antigo_site\\\/wp-content\\\/uploads\\\/2011\\\/02\\\/presidente_tratadasite2.jpg\"},{\"@type\":\"BreadcrumbList\",\"@id\":\"https:\\\/\\\/barroca.com.br\\\/site\\\/esgrima-do-barroca-participa-de-programa-da-prefeitura\\\/#breadcrumb\",\"itemListElement\":[{\"@type\":\"ListItem\",\"position\":1,\"name\":\"Home\",\"item\":\"https:\\\/\\\/barroca.com.br\\\/site\\\/\"},{\"@type\":\"ListItem\",\"position\":2,\"name\":\"Esgrima do Barroca participa de programa da prefeitura\"}]},{\"@type\":\"WebSite\",\"@id\":\"https:\\\/\\\/barroca.com.br\\\/site\\\/#website\",\"url\":\"https:\\\/\\\/barroca.com.br\\\/site\\\/\",\"name\":\"Barroca T\u00eanis Clube\",\"description\":\"\",\"potentialAction\":[{\"@type\":\"SearchAction\",\"target\":{\"@type\":\"EntryPoint\",\"urlTemplate\":\"https:\\\/\\\/barroca.com.br\\\/site\\\/?s={search_term_string}\"},\"query-input\":{\"@type\":\"PropertyValueSpecification\",\"valueRequired\":true,\"valueName\":\"search_term_string\"}}],\"inLanguage\":\"pt-BR\"},{\"@type\":\"Person\",\"@id\":\"https:\\\/\\\/barroca.com.br\\\/site\\\/#\\\/schema\\\/person\\\/4bd3687d5c267a5c16eebc047aec4c87\",\"name\":\"admin\",\"image\":{\"@type\":\"ImageObject\",\"inLanguage\":\"pt-BR\",\"@id\":\"https:\\\/\\\/secure.gravatar.com\\\/avatar\\\/2f804b64370abb1c325d1a425a3701ad3e11f373042be8a0ecf9f97248534775?s=96&d=mm&r=g\",\"url\":\"https:\\\/\\\/secure.gravatar.com\\\/avatar\\\/2f804b64370abb1c325d1a425a3701ad3e11f373042be8a0ecf9f97248534775?s=96&d=mm&r=g\",\"contentUrl\":\"https:\\\/\\\/secure.gravatar.com\\\/avatar\\\/2f804b64370abb1c325d1a425a3701ad3e11f373042be8a0ecf9f97248534775?s=96&d=mm&r=g\",\"caption\":\"admin\"},\"sameAs\":[\"http:\\\/\\\/barroca.com.br\\\/site\"],\"url\":\"https:\\\/\\\/barroca.com.br\\\/site\\\/author\\\/admin\\\/\"}]}<\/script>\n<!-- \/ Yoast SEO plugin. -->","yoast_head_json":{"title":"Esgrima do Barroca participa de programa da prefeitura - Barroca T\u00eanis Clube","robots":{"index":"index","follow":"follow","max-snippet":"max-snippet:-1","max-image-preview":"max-image-preview:large","max-video-preview":"max-video-preview:-1"},"canonical":"https:\/\/barroca.com.br\/site\/esgrima-do-barroca-participa-de-programa-da-prefeitura\/","og_locale":"pt_BR","og_type":"article","og_title":"Esgrima do Barroca participa de programa da prefeitura - Barroca T\u00eanis Clube","og_description":"A Sala de Esgrima Mestre Leiria, do Barroca T\u00eanis Clube, firmou parceria com o Programa Superar, coordenado pela Secretaria Municipal Adjunta de Esportes da Prefeitura de Belo Horizonte, e iniciou uma turma exclusiva para\u00a0 esgrima em cadeira de rodas. As aulas s\u00e3o gratuitas e acontecem no Centro de Refer\u00eancia do programa (Av. Nossa Senhora de [&hellip;]","og_url":"https:\/\/barroca.com.br\/site\/esgrima-do-barroca-participa-de-programa-da-prefeitura\/","og_site_name":"Barroca T\u00eanis Clube","article_published_time":"2011-02-24T20:47:02+00:00","og_image":[{"url":"http:\/\/barroca.com.br\/antigo_site\/wp-content\/uploads\/2011\/02\/presidente_tratadasite2.jpg","type":"","width":"","height":""}],"author":"admin","twitter_card":"summary_large_image","twitter_misc":{"Escrito por":"admin","Est. tempo de leitura":"2 minutos"},"schema":{"@context":"https:\/\/schema.org","@graph":[{"@type":"Article","@id":"https:\/\/barroca.com.br\/site\/esgrima-do-barroca-participa-de-programa-da-prefeitura\/#article","isPartOf":{"@id":"https:\/\/barroca.com.br\/site\/esgrima-do-barroca-participa-de-programa-da-prefeitura\/"},"author":{"name":"admin","@id":"https:\/\/barroca.com.br\/site\/#\/schema\/person\/4bd3687d5c267a5c16eebc047aec4c87"},"headline":"Esgrima do Barroca participa de programa da prefeitura","datePublished":"2011-02-24T20:47:02+00:00","mainEntityOfPage":{"@id":"https:\/\/barroca.com.br\/site\/esgrima-do-barroca-participa-de-programa-da-prefeitura\/"},"wordCount":397,"commentCount":0,"image":{"@id":"https:\/\/barroca.com.br\/site\/esgrima-do-barroca-participa-de-programa-da-prefeitura\/#primaryimage"},"thumbnailUrl":"http:\/\/barroca.com.br\/antigo_site\/wp-content\/uploads\/2011\/02\/presidente_tratadasite2.jpg","articleSection":["Barroca","Esportes"],"inLanguage":"pt-BR","potentialAction":[{"@type":"CommentAction","name":"Comment","target":["https:\/\/barroca.com.br\/site\/esgrima-do-barroca-participa-de-programa-da-prefeitura\/#respond"]}]},{"@type":"WebPage","@id":"https:\/\/barroca.com.br\/site\/esgrima-do-barroca-participa-de-programa-da-prefeitura\/","url":"https:\/\/barroca.com.br\/site\/esgrima-do-barroca-participa-de-programa-da-prefeitura\/","name":"Esgrima do Barroca participa de programa da prefeitura - Barroca T\u00eanis Clube","isPartOf":{"@id":"https:\/\/barroca.com.br\/site\/#website"},"primaryImageOfPage":{"@id":"https:\/\/barroca.com.br\/site\/esgrima-do-barroca-participa-de-programa-da-prefeitura\/#primaryimage"},"image":{"@id":"https:\/\/barroca.com.br\/site\/esgrima-do-barroca-participa-de-programa-da-prefeitura\/#primaryimage"},"thumbnailUrl":"http:\/\/barroca.com.br\/antigo_site\/wp-content\/uploads\/2011\/02\/presidente_tratadasite2.jpg","datePublished":"2011-02-24T20:47:02+00:00","author":{"@id":"https:\/\/barroca.com.br\/site\/#\/schema\/person\/4bd3687d5c267a5c16eebc047aec4c87"},"breadcrumb":{"@id":"https:\/\/barroca.com.br\/site\/esgrima-do-barroca-participa-de-programa-da-prefeitura\/#breadcrumb"},"inLanguage":"pt-BR","potentialAction":[{"@type":"ReadAction","target":["https:\/\/barroca.com.br\/site\/esgrima-do-barroca-participa-de-programa-da-prefeitura\/"]}]},{"@type":"ImageObject","inLanguage":"pt-BR","@id":"https:\/\/barroca.com.br\/site\/esgrima-do-barroca-participa-de-programa-da-prefeitura\/#primaryimage","url":"http:\/\/barroca.com.br\/antigo_site\/wp-content\/uploads\/2011\/02\/presidente_tratadasite2.jpg","contentUrl":"http:\/\/barroca.com.br\/antigo_site\/wp-content\/uploads\/2011\/02\/presidente_tratadasite2.jpg"},{"@type":"BreadcrumbList","@id":"https:\/\/barroca.com.br\/site\/esgrima-do-barroca-participa-de-programa-da-prefeitura\/#breadcrumb","itemListElement":[{"@type":"ListItem","position":1,"name":"Home","item":"https:\/\/barroca.com.br\/site\/"},{"@type":"ListItem","position":2,"name":"Esgrima do Barroca participa de programa da prefeitura"}]},{"@type":"WebSite","@id":"https:\/\/barroca.com.br\/site\/#website","url":"https:\/\/barroca.com.br\/site\/","name":"Barroca T\u00eanis Clube","description":"","potentialAction":[{"@type":"SearchAction","target":{"@type":"EntryPoint","urlTemplate":"https:\/\/barroca.com.br\/site\/?s={search_term_string}"},"query-input":{"@type":"PropertyValueSpecification","valueRequired":true,"valueName":"search_term_string"}}],"inLanguage":"pt-BR"},{"@type":"Person","@id":"https:\/\/barroca.com.br\/site\/#\/schema\/person\/4bd3687d5c267a5c16eebc047aec4c87","name":"admin","image":{"@type":"ImageObject","inLanguage":"pt-BR","@id":"https:\/\/secure.gravatar.com\/avatar\/2f804b64370abb1c325d1a425a3701ad3e11f373042be8a0ecf9f97248534775?s=96&d=mm&r=g","url":"https:\/\/secure.gravatar.com\/avatar\/2f804b64370abb1c325d1a425a3701ad3e11f373042be8a0ecf9f97248534775?s=96&d=mm&r=g","contentUrl":"https:\/\/secure.gravatar.com\/avatar\/2f804b64370abb1c325d1a425a3701ad3e11f373042be8a0ecf9f97248534775?s=96&d=mm&r=g","caption":"admin"},"sameAs":["http:\/\/barroca.com.br\/site"],"url":"https:\/\/barroca.com.br\/site\/author\/admin\/"}]}},"_links":{"self":[{"href":"https:\/\/barroca.com.br\/site\/wp-json\/wp\/v2\/posts\/1294","targetHints":{"allow":["GET"]}}],"collection":[{"href":"https:\/\/barroca.com.br\/site\/wp-json\/wp\/v2\/posts"}],"about":[{"href":"https:\/\/barroca.com.br\/site\/wp-json\/wp\/v2\/types\/post"}],"author":[{"embeddable":true,"href":"https:\/\/barroca.com.br\/site\/wp-json\/wp\/v2\/users\/1"}],"replies":[{"embeddable":true,"href":"https:\/\/barroca.com.br\/site\/wp-json\/wp\/v2\/comments?post=1294"}],"version-history":[{"count":0,"href":"https:\/\/barroca.com.br\/site\/wp-json\/wp\/v2\/posts\/1294\/revisions"}],"wp:attachment":[{"href":"https:\/\/barroca.com.br\/site\/wp-json\/wp\/v2\/media?parent=1294"}],"wp:term":[{"taxonomy":"category","embeddable":true,"href":"https:\/\/barroca.com.br\/site\/wp-json\/wp\/v2\/categories?post=1294"},{"taxonomy":"post_tag","embeddable":true,"href":"https:\/\/barroca.com.br\/site\/wp-json\/wp\/v2\/tags?post=1294"}],"curies":[{"name":"wp","href":"https:\/\/api.w.org\/{rel}","templated":true}]}}