{"id":1290,"date":"2011-02-24T17:37:08","date_gmt":"2011-02-24T20:37:08","guid":{"rendered":"http:\/\/www.barrocanet.com\/site\/?p=1290"},"modified":"2011-02-24T17:37:08","modified_gmt":"2011-02-24T20:37:08","slug":"ceci-cela-novo-centro-de-beleza-no-barroca","status":"publish","type":"post","link":"https:\/\/barroca.com.br\/site\/ceci-cela-novo-centro-de-beleza-no-barroca\/","title":{"rendered":"Ceci Cela, novo centro de beleza no Barroca"},"content":{"rendered":"<p>O Instituto de Beleza Ceci Cela, das empres\u00e1rias Frances Caldas e Joana Caporali, inaugurou no dia 5 de fevereiro com muitas novidades, come\u00e7ando pelo charmoso nome que significa \u201cIsto ou Aquilo\u201d.<\/p>\n<p>As s\u00f3cias conseguiram reunir em um s\u00f3 ambiente, beleza, sa\u00fade, divers\u00e3o e uma equipe altamente qualificada.<\/p>\n<p>O projeto foi desenvolvido pela arquiteta Ana Rita Isoni, que trouxe uma proposta diferenciada de sal\u00e3o, num ambiente aberto, clean, onde as s\u00f3cias pudessem oferecer servi\u00e7os tanto para mulheres quanto para homens que est\u00e3o, cada dia, mais vaidosos. No Ceci Cela, os homens encontram desde tintura e cortes at\u00e9 manicure e pedicure.<\/p>\n<p>A equipe conta com excelentes profissionais em todas as \u00e1reas de sa\u00fade, est\u00e9tica e beleza. Ana Paula Moreira \u00e9 manicure e estuda est\u00e9tica facial no Imam-Incisa. Renata de Paula \u00e9 manicure autodidata. Patr\u00edcia Sabino \u00e9 fisioterapeuta, massoterapeuta e atua na profiss\u00e3o tem 15 anos. Vanderson assume as tesouras, penteados e maquiagem. E a \u00e1rea de depila\u00e7\u00e3o fica por conta de Aline Neves.<\/p>\n<p><strong>Venha conhecer o Instituto Ceci Cela, dentro do Barroca T\u00eanis Clube e cuidar da beleza e da sa\u00fade. Acesso pela rua Am\u00e9rico Macedo, no hall principal.<\/strong>     \t<\/p>\n","protected":false},"excerpt":{"rendered":"<p>O Instituto de Beleza Ceci Cela, das empres\u00e1rias Frances Caldas e Joana Caporali, inaugurou no dia 5 de fevereiro com muitas novidades, come\u00e7ando pelo charmoso nome que significa \u201cIsto ou Aquilo\u201d. As s\u00f3cias conseguiram reunir em um s\u00f3 ambiente, beleza, sa\u00fade, divers\u00e3o e uma equipe altamente qualificada. O projeto foi desenvolvido pela arquiteta Ana Rita [&hellip;]<\/p>\n","protected":false},"author":1,"featured_media":0,"comment_status":"open","ping_status":"open","sticky":false,"template":"","format":"standard","meta":{"_acf_changed":false,"footnotes":""},"categories":[47],"tags":[160,63],"class_list":["post-1290","post","type-post","status-publish","format-standard","hentry","category-parceiros","tag-ceci-cela","tag-salao-de-beleza"],"acf":[],"yoast_head":"<!-- This site is optimized with the Yoast SEO plugin v27.9 - https:\/\/yoast.com\/product\/yoast-seo-wordpress\/ -->\n<title>Ceci Cela, novo centro de beleza no Barroca - Barroca T\u00eanis Clube<\/title>\n<meta name=\"robots\" content=\"index, follow, max-snippet:-1, max-image-preview:large, max-video-preview:-1\" \/>\n<link rel=\"canonical\" href=\"https:\/\/barroca.com.br\/site\/ceci-cela-novo-centro-de-beleza-no-barroca\/\" \/>\n<meta property=\"og:locale\" content=\"pt_BR\" \/>\n<meta property=\"og:type\" content=\"article\" \/>\n<meta property=\"og:title\" content=\"Ceci Cela, novo centro de beleza no Barroca - Barroca T\u00eanis Clube\" \/>\n<meta property=\"og:description\" content=\"O Instituto de Beleza Ceci Cela, das empres\u00e1rias Frances Caldas e Joana Caporali, inaugurou no dia 5 de fevereiro com muitas novidades, come\u00e7ando pelo charmoso nome que significa \u201cIsto ou Aquilo\u201d. As s\u00f3cias conseguiram reunir em um s\u00f3 ambiente, beleza, sa\u00fade, divers\u00e3o e uma equipe altamente qualificada. O projeto foi desenvolvido pela arquiteta Ana Rita [&hellip;]\" \/>\n<meta property=\"og:url\" content=\"https:\/\/barroca.com.br\/site\/ceci-cela-novo-centro-de-beleza-no-barroca\/\" \/>\n<meta property=\"og:site_name\" content=\"Barroca T\u00eanis Clube\" \/>\n<meta property=\"article:published_time\" content=\"2011-02-24T20:37:08+00:00\" \/>\n<meta name=\"author\" content=\"admin\" \/>\n<meta name=\"twitter:card\" content=\"summary_large_image\" \/>\n<meta name=\"twitter:label1\" content=\"Escrito por\" \/>\n\t<meta name=\"twitter:data1\" content=\"admin\" \/>\n\t<meta name=\"twitter:label2\" content=\"Est. tempo de leitura\" \/>\n\t<meta name=\"twitter:data2\" content=\"1 minuto\" \/>\n<script type=\"application\/ld+json\" class=\"yoast-schema-graph\">{\"@context\":\"https:\\\/\\\/schema.org\",\"@graph\":[{\"@type\":\"Article\",\"@id\":\"https:\\\/\\\/barroca.com.br\\\/site\\\/ceci-cela-novo-centro-de-beleza-no-barroca\\\/#article\",\"isPartOf\":{\"@id\":\"https:\\\/\\\/barroca.com.br\\\/site\\\/ceci-cela-novo-centro-de-beleza-no-barroca\\\/\"},\"author\":{\"name\":\"admin\",\"@id\":\"https:\\\/\\\/barroca.com.br\\\/site\\\/#\\\/schema\\\/person\\\/4bd3687d5c267a5c16eebc047aec4c87\"},\"headline\":\"Ceci Cela, novo centro de beleza no Barroca\",\"datePublished\":\"2011-02-24T20:37:08+00:00\",\"mainEntityOfPage\":{\"@id\":\"https:\\\/\\\/barroca.com.br\\\/site\\\/ceci-cela-novo-centro-de-beleza-no-barroca\\\/\"},\"wordCount\":211,\"commentCount\":0,\"keywords\":[\"Ceci Cela\",\"sal\u00e3o de beleza\"],\"articleSection\":[\"Parceiros\"],\"inLanguage\":\"pt-BR\",\"potentialAction\":[{\"@type\":\"CommentAction\",\"name\":\"Comment\",\"target\":[\"https:\\\/\\\/barroca.com.br\\\/site\\\/ceci-cela-novo-centro-de-beleza-no-barroca\\\/#respond\"]}]},{\"@type\":\"WebPage\",\"@id\":\"https:\\\/\\\/barroca.com.br\\\/site\\\/ceci-cela-novo-centro-de-beleza-no-barroca\\\/\",\"url\":\"https:\\\/\\\/barroca.com.br\\\/site\\\/ceci-cela-novo-centro-de-beleza-no-barroca\\\/\",\"name\":\"Ceci Cela, novo centro de beleza no Barroca - Barroca T\u00eanis Clube\",\"isPartOf\":{\"@id\":\"https:\\\/\\\/barroca.com.br\\\/site\\\/#website\"},\"datePublished\":\"2011-02-24T20:37:08+00:00\",\"author\":{\"@id\":\"https:\\\/\\\/barroca.com.br\\\/site\\\/#\\\/schema\\\/person\\\/4bd3687d5c267a5c16eebc047aec4c87\"},\"breadcrumb\":{\"@id\":\"https:\\\/\\\/barroca.com.br\\\/site\\\/ceci-cela-novo-centro-de-beleza-no-barroca\\\/#breadcrumb\"},\"inLanguage\":\"pt-BR\",\"potentialAction\":[{\"@type\":\"ReadAction\",\"target\":[\"https:\\\/\\\/barroca.com.br\\\/site\\\/ceci-cela-novo-centro-de-beleza-no-barroca\\\/\"]}]},{\"@type\":\"BreadcrumbList\",\"@id\":\"https:\\\/\\\/barroca.com.br\\\/site\\\/ceci-cela-novo-centro-de-beleza-no-barroca\\\/#breadcrumb\",\"itemListElement\":[{\"@type\":\"ListItem\",\"position\":1,\"name\":\"Home\",\"item\":\"https:\\\/\\\/barroca.com.br\\\/site\\\/\"},{\"@type\":\"ListItem\",\"position\":2,\"name\":\"Ceci Cela, novo centro de beleza no Barroca\"}]},{\"@type\":\"WebSite\",\"@id\":\"https:\\\/\\\/barroca.com.br\\\/site\\\/#website\",\"url\":\"https:\\\/\\\/barroca.com.br\\\/site\\\/\",\"name\":\"Barroca T\u00eanis Clube\",\"description\":\"\",\"potentialAction\":[{\"@type\":\"SearchAction\",\"target\":{\"@type\":\"EntryPoint\",\"urlTemplate\":\"https:\\\/\\\/barroca.com.br\\\/site\\\/?s={search_term_string}\"},\"query-input\":{\"@type\":\"PropertyValueSpecification\",\"valueRequired\":true,\"valueName\":\"search_term_string\"}}],\"inLanguage\":\"pt-BR\"},{\"@type\":\"Person\",\"@id\":\"https:\\\/\\\/barroca.com.br\\\/site\\\/#\\\/schema\\\/person\\\/4bd3687d5c267a5c16eebc047aec4c87\",\"name\":\"admin\",\"image\":{\"@type\":\"ImageObject\",\"inLanguage\":\"pt-BR\",\"@id\":\"https:\\\/\\\/secure.gravatar.com\\\/avatar\\\/2f804b64370abb1c325d1a425a3701ad3e11f373042be8a0ecf9f97248534775?s=96&d=mm&r=g\",\"url\":\"https:\\\/\\\/secure.gravatar.com\\\/avatar\\\/2f804b64370abb1c325d1a425a3701ad3e11f373042be8a0ecf9f97248534775?s=96&d=mm&r=g\",\"contentUrl\":\"https:\\\/\\\/secure.gravatar.com\\\/avatar\\\/2f804b64370abb1c325d1a425a3701ad3e11f373042be8a0ecf9f97248534775?s=96&d=mm&r=g\",\"caption\":\"admin\"},\"sameAs\":[\"http:\\\/\\\/barroca.com.br\\\/site\"],\"url\":\"https:\\\/\\\/barroca.com.br\\\/site\\\/author\\\/admin\\\/\"}]}<\/script>\n<!-- \/ Yoast SEO plugin. -->","yoast_head_json":{"title":"Ceci Cela, novo centro de beleza no Barroca - Barroca T\u00eanis Clube","robots":{"index":"index","follow":"follow","max-snippet":"max-snippet:-1","max-image-preview":"max-image-preview:large","max-video-preview":"max-video-preview:-1"},"canonical":"https:\/\/barroca.com.br\/site\/ceci-cela-novo-centro-de-beleza-no-barroca\/","og_locale":"pt_BR","og_type":"article","og_title":"Ceci Cela, novo centro de beleza no Barroca - Barroca T\u00eanis Clube","og_description":"O Instituto de Beleza Ceci Cela, das empres\u00e1rias Frances Caldas e Joana Caporali, inaugurou no dia 5 de fevereiro com muitas novidades, come\u00e7ando pelo charmoso nome que significa \u201cIsto ou Aquilo\u201d. As s\u00f3cias conseguiram reunir em um s\u00f3 ambiente, beleza, sa\u00fade, divers\u00e3o e uma equipe altamente qualificada. O projeto foi desenvolvido pela arquiteta Ana Rita [&hellip;]","og_url":"https:\/\/barroca.com.br\/site\/ceci-cela-novo-centro-de-beleza-no-barroca\/","og_site_name":"Barroca T\u00eanis Clube","article_published_time":"2011-02-24T20:37:08+00:00","author":"admin","twitter_card":"summary_large_image","twitter_misc":{"Escrito por":"admin","Est. tempo de leitura":"1 minuto"},"schema":{"@context":"https:\/\/schema.org","@graph":[{"@type":"Article","@id":"https:\/\/barroca.com.br\/site\/ceci-cela-novo-centro-de-beleza-no-barroca\/#article","isPartOf":{"@id":"https:\/\/barroca.com.br\/site\/ceci-cela-novo-centro-de-beleza-no-barroca\/"},"author":{"name":"admin","@id":"https:\/\/barroca.com.br\/site\/#\/schema\/person\/4bd3687d5c267a5c16eebc047aec4c87"},"headline":"Ceci Cela, novo centro de beleza no Barroca","datePublished":"2011-02-24T20:37:08+00:00","mainEntityOfPage":{"@id":"https:\/\/barroca.com.br\/site\/ceci-cela-novo-centro-de-beleza-no-barroca\/"},"wordCount":211,"commentCount":0,"keywords":["Ceci Cela","sal\u00e3o de beleza"],"articleSection":["Parceiros"],"inLanguage":"pt-BR","potentialAction":[{"@type":"CommentAction","name":"Comment","target":["https:\/\/barroca.com.br\/site\/ceci-cela-novo-centro-de-beleza-no-barroca\/#respond"]}]},{"@type":"WebPage","@id":"https:\/\/barroca.com.br\/site\/ceci-cela-novo-centro-de-beleza-no-barroca\/","url":"https:\/\/barroca.com.br\/site\/ceci-cela-novo-centro-de-beleza-no-barroca\/","name":"Ceci Cela, novo centro de beleza no Barroca - Barroca T\u00eanis Clube","isPartOf":{"@id":"https:\/\/barroca.com.br\/site\/#website"},"datePublished":"2011-02-24T20:37:08+00:00","author":{"@id":"https:\/\/barroca.com.br\/site\/#\/schema\/person\/4bd3687d5c267a5c16eebc047aec4c87"},"breadcrumb":{"@id":"https:\/\/barroca.com.br\/site\/ceci-cela-novo-centro-de-beleza-no-barroca\/#breadcrumb"},"inLanguage":"pt-BR","potentialAction":[{"@type":"ReadAction","target":["https:\/\/barroca.com.br\/site\/ceci-cela-novo-centro-de-beleza-no-barroca\/"]}]},{"@type":"BreadcrumbList","@id":"https:\/\/barroca.com.br\/site\/ceci-cela-novo-centro-de-beleza-no-barroca\/#breadcrumb","itemListElement":[{"@type":"ListItem","position":1,"name":"Home","item":"https:\/\/barroca.com.br\/site\/"},{"@type":"ListItem","position":2,"name":"Ceci Cela, novo centro de beleza no Barroca"}]},{"@type":"WebSite","@id":"https:\/\/barroca.com.br\/site\/#website","url":"https:\/\/barroca.com.br\/site\/","name":"Barroca T\u00eanis Clube","description":"","potentialAction":[{"@type":"SearchAction","target":{"@type":"EntryPoint","urlTemplate":"https:\/\/barroca.com.br\/site\/?s={search_term_string}"},"query-input":{"@type":"PropertyValueSpecification","valueRequired":true,"valueName":"search_term_string"}}],"inLanguage":"pt-BR"},{"@type":"Person","@id":"https:\/\/barroca.com.br\/site\/#\/schema\/person\/4bd3687d5c267a5c16eebc047aec4c87","name":"admin","image":{"@type":"ImageObject","inLanguage":"pt-BR","@id":"https:\/\/secure.gravatar.com\/avatar\/2f804b64370abb1c325d1a425a3701ad3e11f373042be8a0ecf9f97248534775?s=96&d=mm&r=g","url":"https:\/\/secure.gravatar.com\/avatar\/2f804b64370abb1c325d1a425a3701ad3e11f373042be8a0ecf9f97248534775?s=96&d=mm&r=g","contentUrl":"https:\/\/secure.gravatar.com\/avatar\/2f804b64370abb1c325d1a425a3701ad3e11f373042be8a0ecf9f97248534775?s=96&d=mm&r=g","caption":"admin"},"sameAs":["http:\/\/barroca.com.br\/site"],"url":"https:\/\/barroca.com.br\/site\/author\/admin\/"}]}},"_links":{"self":[{"href":"https:\/\/barroca.com.br\/site\/wp-json\/wp\/v2\/posts\/1290","targetHints":{"allow":["GET"]}}],"collection":[{"href":"https:\/\/barroca.com.br\/site\/wp-json\/wp\/v2\/posts"}],"about":[{"href":"https:\/\/barroca.com.br\/site\/wp-json\/wp\/v2\/types\/post"}],"author":[{"embeddable":true,"href":"https:\/\/barroca.com.br\/site\/wp-json\/wp\/v2\/users\/1"}],"replies":[{"embeddable":true,"href":"https:\/\/barroca.com.br\/site\/wp-json\/wp\/v2\/comments?post=1290"}],"version-history":[{"count":0,"href":"https:\/\/barroca.com.br\/site\/wp-json\/wp\/v2\/posts\/1290\/revisions"}],"wp:attachment":[{"href":"https:\/\/barroca.com.br\/site\/wp-json\/wp\/v2\/media?parent=1290"}],"wp:term":[{"taxonomy":"category","embeddable":true,"href":"https:\/\/barroca.com.br\/site\/wp-json\/wp\/v2\/categories?post=1290"},{"taxonomy":"post_tag","embeddable":true,"href":"https:\/\/barroca.com.br\/site\/wp-json\/wp\/v2\/tags?post=1290"}],"curies":[{"name":"wp","href":"https:\/\/api.w.org\/{rel}","templated":true}]}}