{"id":1280,"date":"2011-02-24T17:16:20","date_gmt":"2011-02-24T20:16:20","guid":{"rendered":"http:\/\/www.barrocanet.com\/site\/?p=1280"},"modified":"2011-02-24T17:16:20","modified_gmt":"2011-02-24T20:16:20","slug":"atleta-do-sensei-marcio-silva-professor-de-judo-do-barroca-recebeu-trofeu-tele-santana","status":"publish","type":"post","link":"https:\/\/barroca.com.br\/site\/atleta-do-sensei-marcio-silva-professor-de-judo-do-barroca-recebeu-trofeu-tele-santana\/","title":{"rendered":"Atleta do Sensei M\u00e1rcio Silva, professor de jud\u00f4 do Barroca, recebeu Trof\u00e9u Tel\u00ea Santana"},"content":{"rendered":"<p><a href=\"http:\/\/barroca.com.br\/antigo_site\/wp-content\/uploads\/2011\/02\/gabrielle_tratada_site2.jpg\"><img loading=\"lazy\" decoding=\"async\" class=\"alignright size-full wp-image-1281\" title=\"Gabrieli foi a \u00fanica mulher agraciada pelo Trof\u00e9u Tel\u00ea Santana\" src=\"http:\/\/barroca.com.br\/antigo_site\/wp-content\/uploads\/2011\/02\/gabrielle_tratada_site2.jpg\" alt=\"\" width=\"400\" height=\"307\" srcset=\"https:\/\/barroca.com.br\/site\/wp-content\/uploads\/2011\/02\/gabrielle_tratada_site2.jpg 400w, https:\/\/barroca.com.br\/site\/wp-content\/uploads\/2011\/02\/gabrielle_tratada_site2-300x230.jpg 300w\" sizes=\"auto, (max-width: 400px) 100vw, 400px\" \/><\/a>Gabrieli Caroline Passos dos Reis, judoca do Programa Curumim e aluna do professor M\u00e1rcio Silva, treinador do jud\u00f4 do BTC, faturou o Trof\u00e9u Tel\u00ea Santana, na categoria destaque especial esportes especializados. Ela foi medalha de prata no campeonato brasileiro de jud\u00f4, em novembro do ano passado, em Bras\u00edlia. A d\u00e9cima edi\u00e7\u00e3o do Trof\u00e9u premiou os melhores jogadores e os destaques do esporte mineiro em 2010.<\/p>\n<p>Concorrendo com outros destaques do atletismo, do kart, do motocross, do v\u00f4lei e tamb\u00e9m do jud\u00f4, o nome da atleta do Programa Curumim foi escolhido por um grupo de renomados esportistas, do presente e do passado, por jornalistas dos Di\u00e1rios Associados e pelo p\u00fablico.<\/p>\n<p>Para Gabrieli, a homenagem teve um significado muito especial e representou um est\u00edmulo a mais. \u201cQuando subi naquele palco, tive a certeza de que todo esfor\u00e7o valeu \u00e0 pena e que todo sacrif\u00edcio teve um retorno. Passou muita coisa pela minha cabe\u00e7a. Lembrei de todo mundo que me ajudou. Chorei de alegria. Foi a primeira vez que participei de uma premia\u00e7\u00e3o assim e espero que seja a primeira de muitas. Agora sei que posso e tenho que me esfor\u00e7ar mais. Quero conquistar muitas coisas ainda no jud\u00f4\u201d, afirmou.    \t<\/p>\n","protected":false},"excerpt":{"rendered":"<p>Gabrieli Caroline Passos dos Reis, judoca do Programa Curumim e aluna do professor M\u00e1rcio Silva, treinador do jud\u00f4 do BTC, faturou o Trof\u00e9u Tel\u00ea Santana, na categoria destaque especial esportes especializados. Ela foi medalha de prata no campeonato brasileiro de jud\u00f4, em novembro do ano passado, em Bras\u00edlia. A d\u00e9cima edi\u00e7\u00e3o do Trof\u00e9u premiou os [&hellip;]<\/p>\n","protected":false},"author":1,"featured_media":0,"comment_status":"open","ping_status":"open","sticky":false,"template":"","format":"standard","meta":{"_acf_changed":false,"footnotes":""},"categories":[47],"tags":[],"class_list":["post-1280","post","type-post","status-publish","format-standard","hentry","category-parceiros"],"acf":[],"yoast_head":"<!-- This site is optimized with the Yoast SEO plugin v27.9 - https:\/\/yoast.com\/product\/yoast-seo-wordpress\/ -->\n<title>Atleta do Sensei M\u00e1rcio Silva, professor de jud\u00f4 do Barroca, recebeu Trof\u00e9u Tel\u00ea Santana - Barroca T\u00eanis Clube<\/title>\n<meta name=\"robots\" content=\"index, follow, max-snippet:-1, max-image-preview:large, max-video-preview:-1\" \/>\n<link rel=\"canonical\" href=\"https:\/\/barroca.com.br\/site\/atleta-do-sensei-marcio-silva-professor-de-judo-do-barroca-recebeu-trofeu-tele-santana\/\" \/>\n<meta property=\"og:locale\" content=\"pt_BR\" \/>\n<meta property=\"og:type\" content=\"article\" \/>\n<meta property=\"og:title\" content=\"Atleta do Sensei M\u00e1rcio Silva, professor de jud\u00f4 do Barroca, recebeu Trof\u00e9u Tel\u00ea Santana - Barroca T\u00eanis Clube\" \/>\n<meta property=\"og:description\" content=\"Gabrieli Caroline Passos dos Reis, judoca do Programa Curumim e aluna do professor M\u00e1rcio Silva, treinador do jud\u00f4 do BTC, faturou o Trof\u00e9u Tel\u00ea Santana, na categoria destaque especial esportes especializados. Ela foi medalha de prata no campeonato brasileiro de jud\u00f4, em novembro do ano passado, em Bras\u00edlia. A d\u00e9cima edi\u00e7\u00e3o do Trof\u00e9u premiou os [&hellip;]\" \/>\n<meta property=\"og:url\" content=\"https:\/\/barroca.com.br\/site\/atleta-do-sensei-marcio-silva-professor-de-judo-do-barroca-recebeu-trofeu-tele-santana\/\" \/>\n<meta property=\"og:site_name\" content=\"Barroca T\u00eanis Clube\" \/>\n<meta property=\"article:published_time\" content=\"2011-02-24T20:16:20+00:00\" \/>\n<meta property=\"og:image\" content=\"http:\/\/barroca.com.br\/antigo_site\/wp-content\/uploads\/2011\/02\/gabrielle_tratada_site2.jpg\" \/>\n<meta name=\"author\" content=\"admin\" \/>\n<meta name=\"twitter:card\" content=\"summary_large_image\" \/>\n<meta name=\"twitter:label1\" content=\"Escrito por\" \/>\n\t<meta name=\"twitter:data1\" content=\"admin\" \/>\n\t<meta name=\"twitter:label2\" content=\"Est. tempo de leitura\" \/>\n\t<meta name=\"twitter:data2\" content=\"1 minuto\" \/>\n<script type=\"application\/ld+json\" class=\"yoast-schema-graph\">{\"@context\":\"https:\\\/\\\/schema.org\",\"@graph\":[{\"@type\":\"Article\",\"@id\":\"https:\\\/\\\/barroca.com.br\\\/site\\\/atleta-do-sensei-marcio-silva-professor-de-judo-do-barroca-recebeu-trofeu-tele-santana\\\/#article\",\"isPartOf\":{\"@id\":\"https:\\\/\\\/barroca.com.br\\\/site\\\/atleta-do-sensei-marcio-silva-professor-de-judo-do-barroca-recebeu-trofeu-tele-santana\\\/\"},\"author\":{\"name\":\"admin\",\"@id\":\"https:\\\/\\\/barroca.com.br\\\/site\\\/#\\\/schema\\\/person\\\/4bd3687d5c267a5c16eebc047aec4c87\"},\"headline\":\"Atleta do Sensei M\u00e1rcio Silva, professor de jud\u00f4 do Barroca, recebeu Trof\u00e9u Tel\u00ea Santana\",\"datePublished\":\"2011-02-24T20:16:20+00:00\",\"mainEntityOfPage\":{\"@id\":\"https:\\\/\\\/barroca.com.br\\\/site\\\/atleta-do-sensei-marcio-silva-professor-de-judo-do-barroca-recebeu-trofeu-tele-santana\\\/\"},\"wordCount\":227,\"commentCount\":0,\"image\":{\"@id\":\"https:\\\/\\\/barroca.com.br\\\/site\\\/atleta-do-sensei-marcio-silva-professor-de-judo-do-barroca-recebeu-trofeu-tele-santana\\\/#primaryimage\"},\"thumbnailUrl\":\"http:\\\/\\\/barroca.com.br\\\/antigo_site\\\/wp-content\\\/uploads\\\/2011\\\/02\\\/gabrielle_tratada_site2.jpg\",\"articleSection\":[\"Parceiros\"],\"inLanguage\":\"pt-BR\",\"potentialAction\":[{\"@type\":\"CommentAction\",\"name\":\"Comment\",\"target\":[\"https:\\\/\\\/barroca.com.br\\\/site\\\/atleta-do-sensei-marcio-silva-professor-de-judo-do-barroca-recebeu-trofeu-tele-santana\\\/#respond\"]}]},{\"@type\":\"WebPage\",\"@id\":\"https:\\\/\\\/barroca.com.br\\\/site\\\/atleta-do-sensei-marcio-silva-professor-de-judo-do-barroca-recebeu-trofeu-tele-santana\\\/\",\"url\":\"https:\\\/\\\/barroca.com.br\\\/site\\\/atleta-do-sensei-marcio-silva-professor-de-judo-do-barroca-recebeu-trofeu-tele-santana\\\/\",\"name\":\"Atleta do Sensei M\u00e1rcio Silva, professor de jud\u00f4 do Barroca, recebeu Trof\u00e9u Tel\u00ea Santana - Barroca T\u00eanis Clube\",\"isPartOf\":{\"@id\":\"https:\\\/\\\/barroca.com.br\\\/site\\\/#website\"},\"primaryImageOfPage\":{\"@id\":\"https:\\\/\\\/barroca.com.br\\\/site\\\/atleta-do-sensei-marcio-silva-professor-de-judo-do-barroca-recebeu-trofeu-tele-santana\\\/#primaryimage\"},\"image\":{\"@id\":\"https:\\\/\\\/barroca.com.br\\\/site\\\/atleta-do-sensei-marcio-silva-professor-de-judo-do-barroca-recebeu-trofeu-tele-santana\\\/#primaryimage\"},\"thumbnailUrl\":\"http:\\\/\\\/barroca.com.br\\\/antigo_site\\\/wp-content\\\/uploads\\\/2011\\\/02\\\/gabrielle_tratada_site2.jpg\",\"datePublished\":\"2011-02-24T20:16:20+00:00\",\"author\":{\"@id\":\"https:\\\/\\\/barroca.com.br\\\/site\\\/#\\\/schema\\\/person\\\/4bd3687d5c267a5c16eebc047aec4c87\"},\"breadcrumb\":{\"@id\":\"https:\\\/\\\/barroca.com.br\\\/site\\\/atleta-do-sensei-marcio-silva-professor-de-judo-do-barroca-recebeu-trofeu-tele-santana\\\/#breadcrumb\"},\"inLanguage\":\"pt-BR\",\"potentialAction\":[{\"@type\":\"ReadAction\",\"target\":[\"https:\\\/\\\/barroca.com.br\\\/site\\\/atleta-do-sensei-marcio-silva-professor-de-judo-do-barroca-recebeu-trofeu-tele-santana\\\/\"]}]},{\"@type\":\"ImageObject\",\"inLanguage\":\"pt-BR\",\"@id\":\"https:\\\/\\\/barroca.com.br\\\/site\\\/atleta-do-sensei-marcio-silva-professor-de-judo-do-barroca-recebeu-trofeu-tele-santana\\\/#primaryimage\",\"url\":\"http:\\\/\\\/barroca.com.br\\\/antigo_site\\\/wp-content\\\/uploads\\\/2011\\\/02\\\/gabrielle_tratada_site2.jpg\",\"contentUrl\":\"http:\\\/\\\/barroca.com.br\\\/antigo_site\\\/wp-content\\\/uploads\\\/2011\\\/02\\\/gabrielle_tratada_site2.jpg\"},{\"@type\":\"BreadcrumbList\",\"@id\":\"https:\\\/\\\/barroca.com.br\\\/site\\\/atleta-do-sensei-marcio-silva-professor-de-judo-do-barroca-recebeu-trofeu-tele-santana\\\/#breadcrumb\",\"itemListElement\":[{\"@type\":\"ListItem\",\"position\":1,\"name\":\"Home\",\"item\":\"https:\\\/\\\/barroca.com.br\\\/site\\\/\"},{\"@type\":\"ListItem\",\"position\":2,\"name\":\"Atleta do Sensei M\u00e1rcio Silva, professor de jud\u00f4 do Barroca, recebeu Trof\u00e9u Tel\u00ea Santana\"}]},{\"@type\":\"WebSite\",\"@id\":\"https:\\\/\\\/barroca.com.br\\\/site\\\/#website\",\"url\":\"https:\\\/\\\/barroca.com.br\\\/site\\\/\",\"name\":\"Barroca T\u00eanis Clube\",\"description\":\"\",\"potentialAction\":[{\"@type\":\"SearchAction\",\"target\":{\"@type\":\"EntryPoint\",\"urlTemplate\":\"https:\\\/\\\/barroca.com.br\\\/site\\\/?s={search_term_string}\"},\"query-input\":{\"@type\":\"PropertyValueSpecification\",\"valueRequired\":true,\"valueName\":\"search_term_string\"}}],\"inLanguage\":\"pt-BR\"},{\"@type\":\"Person\",\"@id\":\"https:\\\/\\\/barroca.com.br\\\/site\\\/#\\\/schema\\\/person\\\/4bd3687d5c267a5c16eebc047aec4c87\",\"name\":\"admin\",\"image\":{\"@type\":\"ImageObject\",\"inLanguage\":\"pt-BR\",\"@id\":\"https:\\\/\\\/secure.gravatar.com\\\/avatar\\\/2f804b64370abb1c325d1a425a3701ad3e11f373042be8a0ecf9f97248534775?s=96&d=mm&r=g\",\"url\":\"https:\\\/\\\/secure.gravatar.com\\\/avatar\\\/2f804b64370abb1c325d1a425a3701ad3e11f373042be8a0ecf9f97248534775?s=96&d=mm&r=g\",\"contentUrl\":\"https:\\\/\\\/secure.gravatar.com\\\/avatar\\\/2f804b64370abb1c325d1a425a3701ad3e11f373042be8a0ecf9f97248534775?s=96&d=mm&r=g\",\"caption\":\"admin\"},\"sameAs\":[\"http:\\\/\\\/barroca.com.br\\\/site\"],\"url\":\"https:\\\/\\\/barroca.com.br\\\/site\\\/author\\\/admin\\\/\"}]}<\/script>\n<!-- \/ Yoast SEO plugin. -->","yoast_head_json":{"title":"Atleta do Sensei M\u00e1rcio Silva, professor de jud\u00f4 do Barroca, recebeu Trof\u00e9u Tel\u00ea Santana - Barroca T\u00eanis Clube","robots":{"index":"index","follow":"follow","max-snippet":"max-snippet:-1","max-image-preview":"max-image-preview:large","max-video-preview":"max-video-preview:-1"},"canonical":"https:\/\/barroca.com.br\/site\/atleta-do-sensei-marcio-silva-professor-de-judo-do-barroca-recebeu-trofeu-tele-santana\/","og_locale":"pt_BR","og_type":"article","og_title":"Atleta do Sensei M\u00e1rcio Silva, professor de jud\u00f4 do Barroca, recebeu Trof\u00e9u Tel\u00ea Santana - Barroca T\u00eanis Clube","og_description":"Gabrieli Caroline Passos dos Reis, judoca do Programa Curumim e aluna do professor M\u00e1rcio Silva, treinador do jud\u00f4 do BTC, faturou o Trof\u00e9u Tel\u00ea Santana, na categoria destaque especial esportes especializados. Ela foi medalha de prata no campeonato brasileiro de jud\u00f4, em novembro do ano passado, em Bras\u00edlia. A d\u00e9cima edi\u00e7\u00e3o do Trof\u00e9u premiou os [&hellip;]","og_url":"https:\/\/barroca.com.br\/site\/atleta-do-sensei-marcio-silva-professor-de-judo-do-barroca-recebeu-trofeu-tele-santana\/","og_site_name":"Barroca T\u00eanis Clube","article_published_time":"2011-02-24T20:16:20+00:00","og_image":[{"url":"http:\/\/barroca.com.br\/antigo_site\/wp-content\/uploads\/2011\/02\/gabrielle_tratada_site2.jpg","type":"","width":"","height":""}],"author":"admin","twitter_card":"summary_large_image","twitter_misc":{"Escrito por":"admin","Est. tempo de leitura":"1 minuto"},"schema":{"@context":"https:\/\/schema.org","@graph":[{"@type":"Article","@id":"https:\/\/barroca.com.br\/site\/atleta-do-sensei-marcio-silva-professor-de-judo-do-barroca-recebeu-trofeu-tele-santana\/#article","isPartOf":{"@id":"https:\/\/barroca.com.br\/site\/atleta-do-sensei-marcio-silva-professor-de-judo-do-barroca-recebeu-trofeu-tele-santana\/"},"author":{"name":"admin","@id":"https:\/\/barroca.com.br\/site\/#\/schema\/person\/4bd3687d5c267a5c16eebc047aec4c87"},"headline":"Atleta do Sensei M\u00e1rcio Silva, professor de jud\u00f4 do Barroca, recebeu Trof\u00e9u Tel\u00ea Santana","datePublished":"2011-02-24T20:16:20+00:00","mainEntityOfPage":{"@id":"https:\/\/barroca.com.br\/site\/atleta-do-sensei-marcio-silva-professor-de-judo-do-barroca-recebeu-trofeu-tele-santana\/"},"wordCount":227,"commentCount":0,"image":{"@id":"https:\/\/barroca.com.br\/site\/atleta-do-sensei-marcio-silva-professor-de-judo-do-barroca-recebeu-trofeu-tele-santana\/#primaryimage"},"thumbnailUrl":"http:\/\/barroca.com.br\/antigo_site\/wp-content\/uploads\/2011\/02\/gabrielle_tratada_site2.jpg","articleSection":["Parceiros"],"inLanguage":"pt-BR","potentialAction":[{"@type":"CommentAction","name":"Comment","target":["https:\/\/barroca.com.br\/site\/atleta-do-sensei-marcio-silva-professor-de-judo-do-barroca-recebeu-trofeu-tele-santana\/#respond"]}]},{"@type":"WebPage","@id":"https:\/\/barroca.com.br\/site\/atleta-do-sensei-marcio-silva-professor-de-judo-do-barroca-recebeu-trofeu-tele-santana\/","url":"https:\/\/barroca.com.br\/site\/atleta-do-sensei-marcio-silva-professor-de-judo-do-barroca-recebeu-trofeu-tele-santana\/","name":"Atleta do Sensei M\u00e1rcio Silva, professor de jud\u00f4 do Barroca, recebeu Trof\u00e9u Tel\u00ea Santana - Barroca T\u00eanis Clube","isPartOf":{"@id":"https:\/\/barroca.com.br\/site\/#website"},"primaryImageOfPage":{"@id":"https:\/\/barroca.com.br\/site\/atleta-do-sensei-marcio-silva-professor-de-judo-do-barroca-recebeu-trofeu-tele-santana\/#primaryimage"},"image":{"@id":"https:\/\/barroca.com.br\/site\/atleta-do-sensei-marcio-silva-professor-de-judo-do-barroca-recebeu-trofeu-tele-santana\/#primaryimage"},"thumbnailUrl":"http:\/\/barroca.com.br\/antigo_site\/wp-content\/uploads\/2011\/02\/gabrielle_tratada_site2.jpg","datePublished":"2011-02-24T20:16:20+00:00","author":{"@id":"https:\/\/barroca.com.br\/site\/#\/schema\/person\/4bd3687d5c267a5c16eebc047aec4c87"},"breadcrumb":{"@id":"https:\/\/barroca.com.br\/site\/atleta-do-sensei-marcio-silva-professor-de-judo-do-barroca-recebeu-trofeu-tele-santana\/#breadcrumb"},"inLanguage":"pt-BR","potentialAction":[{"@type":"ReadAction","target":["https:\/\/barroca.com.br\/site\/atleta-do-sensei-marcio-silva-professor-de-judo-do-barroca-recebeu-trofeu-tele-santana\/"]}]},{"@type":"ImageObject","inLanguage":"pt-BR","@id":"https:\/\/barroca.com.br\/site\/atleta-do-sensei-marcio-silva-professor-de-judo-do-barroca-recebeu-trofeu-tele-santana\/#primaryimage","url":"http:\/\/barroca.com.br\/antigo_site\/wp-content\/uploads\/2011\/02\/gabrielle_tratada_site2.jpg","contentUrl":"http:\/\/barroca.com.br\/antigo_site\/wp-content\/uploads\/2011\/02\/gabrielle_tratada_site2.jpg"},{"@type":"BreadcrumbList","@id":"https:\/\/barroca.com.br\/site\/atleta-do-sensei-marcio-silva-professor-de-judo-do-barroca-recebeu-trofeu-tele-santana\/#breadcrumb","itemListElement":[{"@type":"ListItem","position":1,"name":"Home","item":"https:\/\/barroca.com.br\/site\/"},{"@type":"ListItem","position":2,"name":"Atleta do Sensei M\u00e1rcio Silva, professor de jud\u00f4 do Barroca, recebeu Trof\u00e9u Tel\u00ea Santana"}]},{"@type":"WebSite","@id":"https:\/\/barroca.com.br\/site\/#website","url":"https:\/\/barroca.com.br\/site\/","name":"Barroca T\u00eanis Clube","description":"","potentialAction":[{"@type":"SearchAction","target":{"@type":"EntryPoint","urlTemplate":"https:\/\/barroca.com.br\/site\/?s={search_term_string}"},"query-input":{"@type":"PropertyValueSpecification","valueRequired":true,"valueName":"search_term_string"}}],"inLanguage":"pt-BR"},{"@type":"Person","@id":"https:\/\/barroca.com.br\/site\/#\/schema\/person\/4bd3687d5c267a5c16eebc047aec4c87","name":"admin","image":{"@type":"ImageObject","inLanguage":"pt-BR","@id":"https:\/\/secure.gravatar.com\/avatar\/2f804b64370abb1c325d1a425a3701ad3e11f373042be8a0ecf9f97248534775?s=96&d=mm&r=g","url":"https:\/\/secure.gravatar.com\/avatar\/2f804b64370abb1c325d1a425a3701ad3e11f373042be8a0ecf9f97248534775?s=96&d=mm&r=g","contentUrl":"https:\/\/secure.gravatar.com\/avatar\/2f804b64370abb1c325d1a425a3701ad3e11f373042be8a0ecf9f97248534775?s=96&d=mm&r=g","caption":"admin"},"sameAs":["http:\/\/barroca.com.br\/site"],"url":"https:\/\/barroca.com.br\/site\/author\/admin\/"}]}},"_links":{"self":[{"href":"https:\/\/barroca.com.br\/site\/wp-json\/wp\/v2\/posts\/1280","targetHints":{"allow":["GET"]}}],"collection":[{"href":"https:\/\/barroca.com.br\/site\/wp-json\/wp\/v2\/posts"}],"about":[{"href":"https:\/\/barroca.com.br\/site\/wp-json\/wp\/v2\/types\/post"}],"author":[{"embeddable":true,"href":"https:\/\/barroca.com.br\/site\/wp-json\/wp\/v2\/users\/1"}],"replies":[{"embeddable":true,"href":"https:\/\/barroca.com.br\/site\/wp-json\/wp\/v2\/comments?post=1280"}],"version-history":[{"count":0,"href":"https:\/\/barroca.com.br\/site\/wp-json\/wp\/v2\/posts\/1280\/revisions"}],"wp:attachment":[{"href":"https:\/\/barroca.com.br\/site\/wp-json\/wp\/v2\/media?parent=1280"}],"wp:term":[{"taxonomy":"category","embeddable":true,"href":"https:\/\/barroca.com.br\/site\/wp-json\/wp\/v2\/categories?post=1280"},{"taxonomy":"post_tag","embeddable":true,"href":"https:\/\/barroca.com.br\/site\/wp-json\/wp\/v2\/tags?post=1280"}],"curies":[{"name":"wp","href":"https:\/\/api.w.org\/{rel}","templated":true}]}}